{"id":113503,"date":"2025-12-15T06:52:11","date_gmt":"2025-12-15T06:52:11","guid":{"rendered":"https:\/\/www.europesays.com\/no\/113503\/"},"modified":"2025-12-15T06:52:11","modified_gmt":"2025-12-15T06:52:11","slug":"vestre-vil-redusere-helsekoene-med-private-aktorer","status":"publish","type":"post","link":"https:\/\/www.europesays.com\/no\/113503\/","title":{"rendered":"Vestre vil redusere helsek\u00f8ene med private akt\u00f8rer"},"content":{"rendered":"\n<ul class=\"_list_o9xde_3 _list_64s2r_85 _unordered_o9xde_106 text-sans-m\">\n<li class=\"_item_o9xde_30\">Helse- og omsorgsminister Jan Christian Vestre oppfordrer nordmenn til \u00e5 bruke \u00abfritt sykehusvalg\u00bb for \u00e5 redusere ventetid p\u00e5 behandling.<\/li>\n<li class=\"_item_o9xde_30\">Ventetiden kan variere sterkt mellom sykehus, og ved \u00e5 velge et annet behandlingssted kan tiden i k\u00f8 bli betydelig kortere.<\/li>\n<li class=\"_item_o9xde_30\">Vestre vil gj\u00f8re flere kjent med denne muligheten og styrke informasjonen og valgfriheten for pasienter.<\/li>\n<\/ul>\n<p>Vis mer <\/p>\n<p class=\"_paragraph_o9xde_4 _paragraph_xtcu6_10 layout-component text-serif-m layout-normal text-serif-m layout-padded\">\u2013 Det er trist at <a href=\"https:\/\/www.helsedirektoratet.no\/lov-og-forskrift\/rett-til-valg-av-behandlingssted\" class=\"_link_o9xde_39\" rel=\"nofollow noopener\" target=\"_blank\">fritt sykehusvalg<\/a> n\u00e6rmest er en bortgjemt hemmelighet i Norge. Det skal vi gj\u00f8re noe med, sier Vestre:<\/p>\n<p class=\"_paragraph_o9xde_4 _paragraph_xtcu6_10 layout-component text-serif-m layout-normal text-serif-m layout-padded\">\u2013 Det er altfor f\u00e5 nordmenn som kjenner til en rettighet de har n\u00e5r de trenger behandling. \u00abFritt sykehusvalg\u00bb, eller \u00abvelg behandlingssted\u00bb\u00abvelg behandlingssted\u00bbDet het i mange \u00e5r \u00abFritt sykehusvalg\u00bb. I dagens lovtekst heter det \u00abvelg behandlingssted\u00bb.. N\u00e5 skal vi styrke den rettigheten, sier Vestre:<\/p>\n<p class=\"_paragraph_o9xde_4 _paragraph_xtcu6_10 layout-component text-serif-m layout-normal text-serif-m layout-padded\">\u2013 Folk kan f\u00e5 hjelp betydelig raskere, hvis de unders\u00f8ker hvilke tilbud som finnes. Ventetiden p\u00e5 operasjon kan kuttes med uker og kanskje til og med m\u00e5neder, hvis du g\u00e5r inn p\u00e5 <a href=\"https:\/\/tjenester.helsenorge.no\/velg-behandlingssted\" class=\"_link_o9xde_39\" rel=\"nofollow noopener\" target=\"_blank\">Helse Norges sider. <\/a>Der kan du sjekke hvor lang ventetiden er ulike steder i Norge, for operasjoner.<\/p>\n<p class=\"_paragraph_o9xde_4 _paragraph_xtcu6_10 layout-component text-serif-m layout-normal text-serif-m layout-padded\"><strong class=\"_strong_o9xde_25\">Bor du i Oslo og ventetiden er mye kortere i \u00c5lesund, kan du be om \u00e5 f\u00e5 operasjonen der.<\/strong><\/p>\n<p class=\"_paragraph_o9xde_4 _paragraph_xtcu6_10 layout-component text-serif-m layout-normal text-serif-m layout-padded\">Vi sitter p\u00e5 Vestres kontor bak Tinghuset i Oslo. Han g\u00e5r inn p\u00e5 nettsidene til Helse Norge hvor du kan velge behandlingssted.<\/p>\n<p><img alt=\"Foto: Helge Mikalsen \/ VG\" class=\"_image_qp4xg_65 layout-component layout-normal\" data-fullscreen- data-track-element-type=\"Article image fullscreen\" data-track-name=\"ImageFullscreen\" decoding=\"async\" loading=\"lazy\" height=\"5442\" itemprop=\"image\"  src=\"https:\/\/www.europesays.com\/no\/wp-content\/uploads\/2025\/12\/2e13c798-5444-47ab-af4e-ceac0270ed0d\"  style=\"object-position:0% 0%\" width=\"7864\"\/>Foto: Helge Mikalsen \/ VG<\/p>\n<p class=\"_paragraph_o9xde_4 _paragraph_xtcu6_10 layout-component text-serif-m layout-normal text-serif-m layout-padded\">\u2013 La oss ta hofteledds-slitasjehofteledds-slitasjeHofteleddsslitasje kalles ogs\u00e5 artrose i hoften. Det betyr at brusken som normalt dekker leddflatene i hofteleddet gradvis brytes ned. N\u00e5r brusken blir tynn eller forsvinner, gnir knoklene mer direkte mot hverandre, noe som kan gi:<\/p>\n<p>Smerter i hofte, lyske, sete eller l\u00e5r<\/p>\n<p>Stivhet, s\u00e6rlig om morgenen eller etter hvile<\/p>\n<p>Redusert bevegelighet<\/p>\n<p>Halting eller problemer med \u00e5 g\u00e5 langt<\/p>\n<p>Slitasjen utvikler seg vanligvis over flere \u00e5r og skyldes ofte en kombinasjon av alder, belastning, arvelighet eller tidligere skade. og proteseoperasjonproteseoperasjonEn hofteproteseoperasjon er en kirurgisk behandling der det syke hofteleddet erstattes med et kunstig ledd (protese)., sier han og peker p\u00e5 skjermen:<\/p>\n<p class=\"_paragraph_o9xde_4 _paragraph_xtcu6_10 layout-component text-serif-m layout-normal text-serif-m layout-padded\">\u2013 Det er store forskjeller: Ved Kongsberg sykehus er ventetiden nede i 6\u201314 uker6\u201314 ukerDen forventede ventetiden er 6 uker til utredning og 8 uker til innleggelse, totalt 14<br \/>\nuker.. I Moss \u2013 i samme helseregion, Helse S\u00f8r-\u00d8st \u2013 m\u00e5 du vente i 48\u201374 uker 48\u201374 uker Den forventede ventetiden er 48 uker til utredning og 26 uker til innleggelse, totalt 74 uker.til innleggelse.<\/p>\n<p class=\"_paragraph_o9xde_4 _paragraph_xtcu6_10 layout-component text-serif-m layout-normal text-serif-m layout-padded\">\u2013 Da sier jeg: Dette m\u00e5 folk bruke. Du har rett til \u00e5 velge hvor du skal bli utredet og behandlet. Og \u00e5 reise fra Moss til Kongsberg er ikke s\u00e5 langt &#8211; og man har rett til <a href=\"https:\/\/www.helsenorge.no\/pasientreiser\/slik-soker-du-om-stonad-til-reisen-din\/\" class=\"_link_o9xde_39\" rel=\"nofollow noopener\" target=\"_blank\">pasient-reisest\u00f8tte<\/a>. Du kan spare uker og m\u00e5neder p\u00e5 \u00e5 sjekke hvilke valg du har, sier han.<\/p>\n<p class=\"_paragraph_o9xde_4 _paragraph_xtcu6_10 layout-component text-serif-m layout-normal text-serif-m layout-padded\">\u2013 Burde ikke pasienten faktisk f\u00e5 hjelp til \u00e5 bli sendt dit, enten av sykehuset eller av fastlegen?<\/p>\n<p class=\"_paragraph_o9xde_4 _paragraph_xtcu6_10 layout-component text-serif-m layout-normal text-serif-m layout-padded\">\u2013 Det er et veldig godt sp\u00f8rsm\u00e5l. Jeg skal i hvert fall bidra til at sykehusene og fastlegene informerer pasientene om mulighetene til f\u00e5 behandling tidligere og raskere tilbake i arbeid. Det er vinn-vinn.<\/p>\n<p>S\u00f8vn:<\/p>\n<p class=\"_paragraph_o9xde_4 _paragraph_xtcu6_10 layout-component text-serif-m layout-normal text-serif-m layout-padded\">Han sjekker ogs\u00e5 ventetiden for dem som trenger tilpasning av utstyr i forbindelse med s\u00f8vnapn\u00e9s\u00f8vnapn\u00e9Noen er plaget med pustestopp n\u00e5r de sover. Dette kalles s\u00f8vnapn\u00e9 og skyldes vanligvis trange luftveier i nese og svelg. S\u00f8vnapn\u00e9 kan medf\u00f8re d\u00f8sighet og konsentrasjonsproblemer p\u00e5 dagtid. Behandling kan lindre symptomene for mange.:<\/p>\n<p class=\"_paragraph_o9xde_4 _paragraph_xtcu6_10 layout-component text-serif-m layout-normal text-serif-m layout-padded\">\u2013 Private Aleris Solsiden i Trondheim er raskest i Midt-Norge med (to til) fire uker til behandling, mens sykehuset i Namsos er (mellom \u00e5tte og) 14 uker til behandling. <\/p>\n<p>Urinlekkasje:<\/p>\n<p class=\"_paragraph_o9xde_4 _paragraph_xtcu6_10 layout-component text-serif-m layout-normal text-serif-m layout-padded\">Den siste sjekken hans er<a href=\"https:\/\/www.stolav.no\/behandlinger\/urinlekkasje-hos-kvinner\/\" class=\"_link_o9xde_39\" rel=\"nofollow noopener\" target=\"_blank\"> urinlekkasje<\/a>-behandling:<\/p>\n<p class=\"_paragraph_o9xde_4 _paragraph_xtcu6_10 layout-component text-serif-m layout-normal text-serif-m layout-padded\">\u2013 Forskjellene og ventetidene her har provosert meg voldsomt. Det er mange kvinner i Norge som opplever urinlekkasje i sin beste alder, hvor ventetidene har v\u00e6rt altfor lange. Det er uverdig, sier han og sjekker forskjellene i Nord-Norge:<\/p>\n<p><img alt=\"Foto: Helge Mikalsen \/ VG\" class=\"_image_qp4xg_65 layout-component layout-normal\" data-fullscreen- data-track-element-type=\"Article image fullscreen\" data-track-name=\"ImageFullscreen\" decoding=\"async\" loading=\"lazy\" height=\"5140\" itemprop=\"image\"  src=\"https:\/\/www.europesays.com\/no\/wp-content\/uploads\/2025\/12\/40499690-28ce-40b0-89f9-386fa840f4a6\"  style=\"object-position:0% 0%\" width=\"6774\"\/>Foto: Helge Mikalsen \/ VG<\/p>\n<p class=\"_paragraph_o9xde_4 _paragraph_xtcu6_10 layout-component text-serif-m layout-normal text-serif-m layout-padded\">\u2013 I Lofoten kan du f\u00e5 behandling innen 24 uker, men bor du i Bod\u00f8 er det 24 uker til utredning, men totalt 48 uker til behandling.<\/p>\n<p class=\"_paragraph_o9xde_4 _paragraph_xtcu6_10 layout-component text-serif-m layout-normal text-serif-m layout-padded\">Vi ser n\u00e5r han blar, at det er mange sykehus som ikke har oppdaterte opplysninger om ventetider.<\/p>\n<p class=\"_paragraph_o9xde_4 _paragraph_xtcu6_10 layout-component text-serif-m layout-normal text-serif-m layout-padded\">\u2013 Det skal vi gj\u00f8re noe med, fastsl\u00e5r han.<\/p>\n<p class=\"_paragraph_o9xde_4 _paragraph_xtcu6_10 layout-component text-serif-m layout-normal text-serif-m layout-padded\">Vestre sier at dette er viktige helseelementer i regjeringens <a href=\"https:\/\/www.vg.no\/nyheter\/i\/bOKg5q\/stoere-satser-paa-plan-for-norge\" data-track-element-type=\"Link\" data-track-id=\"link:bOKg5q\" class=\"_link_o9xde_39\" rel=\"nofollow noopener\" target=\"_blank\">\u00abPlan for Norge\u00bb<\/a>.<\/p>\n<p class=\"_paragraph_o9xde_4 _paragraph_xtcu6_10 layout-component text-serif-m layout-normal text-serif-m layout-padded\">\u2013 Vi skal styrke muligheten til \u00e5 velge selv, gjennom bedre informasjon, bedre<br \/>brukervennlighet og flere valgmuligheter.<\/p>\n<p class=\"_paragraph_o9xde_4 _paragraph_xtcu6_10 layout-component text-serif-m layout-normal text-serif-m layout-padded\">\u2013 Hva betyr det i praksis?<\/p>\n<p class=\"_paragraph_o9xde_4 _paragraph_xtcu6_10 layout-component text-serif-m layout-normal text-serif-m layout-padded\">\u2013 Vi vil f\u00f8lge opp allerede i <a href=\"https:\/\/www.regjeringen.no\/no\/tema\/helse-og-omsorg\/sykehus\/styringsdokumenter1\/oppdragsdokument\/id535564\/\" class=\"_link_o9xde_39\" rel=\"nofollow noopener\" target=\"_blank\">oppdragsbrevene<\/a> til helseregionene som skal gjelde for 2026: <\/p>\n<p class=\"_paragraph_o9xde_4 _paragraph_xtcu6_10 layout-component text-serif-m layout-normal text-serif-m layout-padded\">\u2013 Sykehusene skal informere pasientene at de kan velge behandlingssted og s\u00f8rge for at sykehus og private akt\u00f8rer som har avtaler med det offentlige jevnlig oppdaterer ventetidene.<\/p>\n<p class=\"_paragraph_o9xde_4 _paragraph_xtcu6_10 layout-component text-serif-m layout-normal text-serif-m layout-padded\">Han legger til:<\/p>\n<p class=\"_paragraph_o9xde_4 _paragraph_xtcu6_10 layout-component text-serif-m layout-normal text-serif-m layout-padded\">\u2013 Jeg vil ogs\u00e5 diskutere med legeforeningen hvordan vi kan legge til rette for at fastlegene i st\u00f8rre grad informerer om valgfriheten du har som pasient.<\/p>\n<p><img alt=\"Foto: Helge Mikalsen \/ VG\" class=\"_image_qp4xg_65 layout-component layout-normal\" data-fullscreen- data-track-element-type=\"Article image fullscreen\" data-track-name=\"ImageFullscreen\" decoding=\"async\" loading=\"lazy\" height=\"5130\" itemprop=\"image\"  src=\"https:\/\/www.europesays.com\/no\/wp-content\/uploads\/2025\/12\/39b62e70-52c2-46a9-b7b1-3b346a8a88c4\"  style=\"object-position:0% 0%\" width=\"7047\"\/>Foto: Helge Mikalsen \/ VG<\/p>\n<p class=\"_paragraph_o9xde_4 _paragraph_xtcu6_10 layout-component text-serif-m layout-normal text-serif-m layout-padded\">Han fremholder at Ap-regjeringen innf\u00f8rte fritt sykehusvalg for nesten 25 \u00e5r siden.<\/p>\n<p class=\"_paragraph_o9xde_4 _paragraph_xtcu6_10 layout-component text-serif-m layout-normal text-serif-m layout-padded\">Som betyr at du kan velge mellom offentlige sykehus og private sykehus som har avtale med det offentlige \u2013 innenfor helseregionene og i hele Norge.<\/p>\n<p>\u2013 Full enighet<\/p>\n<p class=\"_paragraph_o9xde_4 _paragraph_xtcu6_10 layout-component text-serif-m layout-normal text-serif-m layout-padded\">Han sier at de ogs\u00e5 vil be de fire helseforetakenefire helseforetakeneHelseforetakene er norske statseide organisasjoner som driver spesialisthelsetjenesten, fordelt p\u00e5 fire regionale helseforetak (Helse S\u00f8r-\u00d8st, Helse Vest, Helse Midt-Norge, Helse Nord), som igjen eier de enkelte sykehusene i sine regioner. i Norge om \u00e5 bruke private klinikker i st\u00f8rre grad, for \u00e5 f\u00e5 ned ventetiden for operasjoner.<\/p>\n<p class=\"_paragraph_o9xde_4 _paragraph_xtcu6_10 layout-component text-serif-m layout-normal text-serif-m layout-padded\">\u2013 De fire regionale helseforetakene vil ogs\u00e5 f\u00e5 i oppdrag \u00e5 inng\u00e5 flere langsiktige avtaler med private neste \u00e5r, slik at vi kan bruke mer av den samlede kapasiteten for \u00e5 f\u00e5 ned ventetidene enda mer.<\/p>\n<p class=\"_paragraph_o9xde_4 _paragraph_xtcu6_10 layout-component text-serif-m layout-normal text-serif-m layout-padded\">\u2013 Dere gir et klart signal om mer bruk av private akt\u00f8rer. Tror du LO kommer til \u00e5 juble over det?<\/p>\n<p class=\"_paragraph_o9xde_4 _paragraph_xtcu6_10 layout-component text-serif-m layout-normal text-serif-m layout-padded\">\u2013 Fagforbundet er en veldig viktig partner i <a href=\"https:\/\/www.regjeringen.no\/no\/tema\/helse-og-omsorg\/sykehus\/innsikt\/ventetidsloftet\/id3044263\/\" class=\"_link_o9xde_39\" rel=\"nofollow noopener\" target=\"_blank\">Ventetidsl\u00f8ftet<\/a>, hvor alle partnerne har skrevet under p\u00e5 at bruk av private og ideelle akt\u00f8rer, for \u00e5 f\u00e5 ned ventetidene, skal skje gjennom avtale med det offentlige. Det opplever jeg det er full enighet om. Det viktigste er at folk f\u00e5r raskere helsehjelp. <\/p>\n<p><img alt=\"Foto: Helge Mikalsen \/ VG\" class=\"_image_qp4xg_65 layout-component layout-normal\" data-fullscreen- data-track-element-type=\"Article image fullscreen\" data-track-name=\"ImageFullscreen\" decoding=\"async\" loading=\"lazy\" height=\"5211\" itemprop=\"image\"  src=\"https:\/\/www.europesays.com\/no\/wp-content\/uploads\/2025\/12\/5ae4778f-6897-4c82-b0d5-a22537e7de71\"  style=\"object-position:0% 0%\" width=\"7719\"\/>Foto: Helge Mikalsen \/ VG<\/p>\n<p class=\"_paragraph_o9xde_4 _paragraph_xtcu6_10 layout-component text-serif-m layout-normal text-serif-m layout-padded\">Fagforbundet er LOs st\u00f8rste forbund Fagforbundet er LOs st\u00f8rste forbund Fagforbundet organiserer over 400000 medlemmer i landets kommuner og fylkeskommuner. Landsorganisasjonen (LO) er landets st\u00f8rste organisasjon for arbeidstakere i Norge. og Ventetidsl\u00f8ftet er et samarbeid mellom en rekke organisasjoner, som har som m\u00e5l \u00e5 f\u00e5 ned ventetidene p\u00e5 helsebehandling.<\/p>\n<p class=\"_paragraph_o9xde_4 _paragraph_xtcu6_10 layout-component text-serif-m layout-normal text-serif-m layout-padded\">Han sier at deres initiativ til mer bruk av private er en \u00abforlengelse av ventetidsl\u00f8ftet\u00bb.<\/p>\n<p>Skeptiske<\/p>\n<p class=\"_paragraph_o9xde_4 _paragraph_xtcu6_10 layout-component text-serif-m layout-normal text-serif-m layout-padded\">Leder i Fagforbundet, Helene Harsvik Skeibrok, er ikke like entusiastisk som Vestre. <\/p>\n<p class=\"_paragraph_o9xde_4 _paragraph_xtcu6_10 layout-component text-serif-m layout-normal text-serif-m layout-padded\">\u2013 Vi er skeptiske hvis dette betyr at helseministeren legger opp til at sykehusene skal \u00f8ke bruken av private selskaper over lengre tid, skriver Skeibrok i en e-post til VG.<\/p>\n<p class=\"_paragraph_o9xde_4 _paragraph_xtcu6_10 layout-component text-serif-m layout-normal text-serif-m layout-padded\">Fagforbundet organiserer blant annet helsefagarbeidere og det desidert st\u00f8rste forbundet i LO. De mener kj\u00f8p fra private ikke skal bli en permanent l\u00f8sning.<\/p>\n<p class=\"_paragraph_o9xde_4 _paragraph_xtcu6_10 layout-component text-serif-m layout-normal text-serif-m layout-padded\">\u2013 Gjennom Ventetidsl\u00f8ftet har vi v\u00e6rt enige i at man i en overgangsperiode har kj\u00f8pt tjenester fra private akt\u00f8rer for \u00e5 f\u00e5 ned ventetida. Men vi mener at vi m\u00e5 komme over i en situasjon der sykehusenes egne ansatte gj\u00f8r jobben, skriver hun.<\/p>\n<p><img alt=\"Foto: Helge Mikalsen \/ VG\" class=\"_image_qp4xg_65 layout-component layout-normal\" data-fullscreen- data-track-element-type=\"Article image fullscreen\" data-track-name=\"ImageFullscreen\" decoding=\"async\" loading=\"lazy\" height=\"5411\" itemprop=\"image\"  src=\"https:\/\/www.europesays.com\/no\/wp-content\/uploads\/2025\/12\/a95ff508-ad7d-496f-82b8-84d6176a64e8\"  style=\"object-position:0% 0%\" width=\"7098\"\/>Foto: Helge Mikalsen \/ VG<\/p>\n<p class=\"_paragraph_o9xde_4 _paragraph_xtcu6_10 layout-component text-serif-m layout-normal text-serif-m layout-padded\">Hun mener det er bedre b\u00e5de for pasientene og de ansatte, og p\u00e5peker at det er billigere enn \u00e5 kj\u00f8pe fra private.<\/p>\n<p class=\"_paragraph_o9xde_4 _paragraph_xtcu6_10 layout-component text-serif-m layout-normal text-serif-m layout-padded\">\u2013 Vi er bekymret for at dersom Ap \u00f8ker bruken av private akt\u00f8rer i helsetjenesten, s\u00e5 vil dette legge til rette for at Frp og H\u00f8yre kan gjennomf\u00f8re en storstilt privatisering dersom de kommer til makta, advarer hun og fortsetter: <\/p>\n<p class=\"_paragraph_o9xde_4 _paragraph_xtcu6_10 layout-component text-serif-m layout-normal text-serif-m layout-padded\">\u2013 Dette vil ramme innbyggerne. Da risikerer vi at vi f\u00e5r et todelt helsevesen, der de med h\u00f8ye inntekter som bor i sentrale str\u00f8k, f\u00e5r den beste helsehjelpen. Mer privatisering vil ogs\u00e5 gj\u00f8re det vanskeligere \u00e5 skaffe nok kvalifiserte helsearbeidere til v\u00e5r felles helsetjeneste.<\/p>\n<p>\u2013 Skal kraftig ned<\/p>\n<p class=\"_paragraph_o9xde_4 _paragraph_xtcu6_10 layout-component text-serif-m layout-normal text-serif-m layout-padded\">Vestre fremholder at ventetiden fra i fjor har g\u00e5tt ned med rundt 15 dager og helsek\u00f8ene redusert med over 35.000 pasienter.<\/p>\n<p class=\"_paragraph_o9xde_4 _paragraph_xtcu6_10 layout-component text-serif-m layout-normal text-serif-m layout-padded\">\u2013 Selv om vi kan glede oss over at f\u00f8rste delm\u00e5l er n\u00e5dd og at det m\u00e5ned etter m\u00e5ned tikker<br \/>inn gode resultater, er det fortsatt for mange pasienter som venter for lenge. Derfor vil vi n\u00e5 invitere partnerne i Ventetidsl\u00f8ftet til \u00e5 sette et nytt m\u00e5l for \u00e5 redusere ventetidene for behandling markant.<\/p>\n<p class=\"_paragraph_o9xde_4 _paragraph_xtcu6_10 layout-component text-serif-m layout-normal text-serif-m layout-padded\">\u2013 Hva er markant?<\/p>\n<p class=\"_paragraph_o9xde_4 _paragraph_xtcu6_10 layout-component text-serif-m layout-normal text-serif-m layout-padded\">\u2013 Ventetiden for behandling skal kraftig ned de neste \u00e5rene. Det skal merkes for det norske<br \/>folk. De skal merke at de kommer markant raskere til behandling enn f\u00f8r. Vi jobber n\u00e5 med<br \/>det nye m\u00e5let som vil bli lansert i f\u00f8rste halvdel av 2026.<\/p>\n<p class=\"_paragraph_o9xde_4 _paragraph_xtcu6_10 layout-component text-serif-m layout-normal text-serif-m layout-padded\">Mer konkret vil han ikke v\u00e6re per i dag.<\/p>\n<p><img alt=\"Foto: Helge Mikalsen \/ VG\" class=\"_image_qp4xg_65 layout-component layout-normal\" data-fullscreen- data-track-element-type=\"Article image fullscreen\" data-track-name=\"ImageFullscreen\" decoding=\"async\" loading=\"lazy\" height=\"5197\" itemprop=\"image\"  src=\"https:\/\/www.europesays.com\/no\/wp-content\/uploads\/2025\/12\/b7f392f6-2bfb-4ab4-beb9-7749a006ba12\"  style=\"object-position:0% 0%\" width=\"7035\"\/>Foto: Helge Mikalsen \/ VG<\/p>\n<p class=\"_paragraph_o9xde_4 _paragraph_xtcu6_10 layout-component text-serif-m layout-normal text-serif-m layout-padded\">\u2013 Dere kj\u00f8per tjenester fra private klinikker for over 18 milliarder i dag. Hvor mye b\u00f8r det \u00f8kes med neste \u00e5r?<\/p>\n<p class=\"_paragraph_o9xde_4 _paragraph_xtcu6_10 layout-component text-serif-m layout-normal text-serif-m layout-padded\">\u2013 Det er ikke noe m\u00e5l at det skal \u00f8ke mest mulig. M\u00e5let er at folk skal f\u00e5 raskere helsehjelp<br \/>og at vi f\u00e5r mest mulig helse ut av hver skattekrone. S\u00e5 lenge dette er finansiert og styrt av<br \/>fellesskapet, mener jeg det bare er positivt med samarbeid med private.<\/p>\n<p> \u2013 Til h\u00f8yre?<\/p>\n<p class=\"_paragraph_o9xde_4 _paragraph_xtcu6_10 layout-component text-serif-m layout-normal text-serif-m layout-padded\">Mandag legger regjeringen frem sin \u00abPlan for Norge\u00bb.<\/p>\n<p class=\"_paragraph_o9xde_4 _paragraph_xtcu6_10 layout-component text-serif-m layout-normal text-serif-m layout-padded\">\u2013 Dere gir der signaler om at dere vil <a href=\"https:\/\/www.vg.no\/nyheter\/i\/9pmoJr\/statsminister-jonas-gahr-stoere-om-innstramming-i-innvandringspolitikken\" data-track-element-type=\"Link\" data-track-id=\"link:9pmoJr\" class=\"_link_o9xde_39\" rel=\"nofollow noopener\" target=\"_blank\">stramme inn innvandringspolitikken <\/a>og n\u00e5 skal dere slippe til flere private akt\u00f8rer i helsevesenet: Er du, St\u00f8re og Stoltenberg i ferd med \u00e5 ta Ap mer til h\u00f8yre?<\/p>\n<p class=\"_paragraph_o9xde_4 _paragraph_xtcu6_10 layout-component text-serif-m layout-normal text-serif-m layout-padded\">\u2013 Ap er et bredt sosialdemokratisk folkeparti og det vi n\u00e5 gj\u00f8r av stortsatsninger i<br \/>helsepolitikken er helt i tr\u00e5d med det vi har g\u00e5tt i valg p\u00e5. Det viktigste er at folk f\u00e5r god hjelp innen rimelig tid i v\u00e5r felles helsetjeneste. <\/p>\n","protected":false},"excerpt":{"rendered":"Helse- og omsorgsminister Jan Christian Vestre oppfordrer nordmenn til \u00e5 bruke \u00abfritt sykehusvalg\u00bb for \u00e5 redusere ventetid p\u00e5&hellip;\n","protected":false},"author":2,"featured_media":113504,"comment_status":"","ping_status":"","sticky":false,"template":"","format":"standard","meta":{"footnotes":""},"categories":[10],"tags":[20,21,24,25,15,2105,1511,22,23,13,30,28,281,29,14,16,26,27],"class_list":{"0":"post-113503","1":"post","2":"type-post","3":"status-publish","4":"format-standard","5":"has-post-thumbnail","7":"category-norge","8":"tag-breaking-news","9":"tag-breakingnews","10":"tag-featured-news","11":"tag-featurednews","12":"tag-headlines","13":"tag-helsepolitikk","14":"tag-jan-christian-vestre","15":"tag-latest-news","16":"tag-latestnews","17":"tag-news","18":"tag-no","19":"tag-norge","20":"tag-norsk-politikk","21":"tag-norway","22":"tag-nyheter","23":"tag-overskrifter","24":"tag-top-stories","25":"tag-topstories"},"share_on_mastodon":{"url":"https:\/\/pubeurope.com\/@no\/115722265992932000","error":""},"_links":{"self":[{"href":"https:\/\/www.europesays.com\/no\/wp-json\/wp\/v2\/posts\/113503","targetHints":{"allow":["GET"]}}],"collection":[{"href":"https:\/\/www.europesays.com\/no\/wp-json\/wp\/v2\/posts"}],"about":[{"href":"https:\/\/www.europesays.com\/no\/wp-json\/wp\/v2\/types\/post"}],"author":[{"embeddable":true,"href":"https:\/\/www.europesays.com\/no\/wp-json\/wp\/v2\/users\/2"}],"replies":[{"embeddable":true,"href":"https:\/\/www.europesays.com\/no\/wp-json\/wp\/v2\/comments?post=113503"}],"version-history":[{"count":0,"href":"https:\/\/www.europesays.com\/no\/wp-json\/wp\/v2\/posts\/113503\/revisions"}],"wp:featuredmedia":[{"embeddable":true,"href":"https:\/\/www.europesays.com\/no\/wp-json\/wp\/v2\/media\/113504"}],"wp:attachment":[{"href":"https:\/\/www.europesays.com\/no\/wp-json\/wp\/v2\/media?parent=113503"}],"wp:term":[{"taxonomy":"category","embeddable":true,"href":"https:\/\/www.europesays.com\/no\/wp-json\/wp\/v2\/categories?post=113503"},{"taxonomy":"post_tag","embeddable":true,"href":"https:\/\/www.europesays.com\/no\/wp-json\/wp\/v2\/tags?post=113503"}],"curies":[{"name":"wp","href":"https:\/\/api.w.org\/{rel}","templated":true}]}}