{"id":113515,"date":"2025-12-15T07:13:19","date_gmt":"2025-12-15T07:13:19","guid":{"rendered":"https:\/\/www.europesays.com\/no\/113515\/"},"modified":"2025-12-15T07:13:19","modified_gmt":"2025-12-15T07:13:19","slug":"god-morgen-bergen-bergen-god-morgen-bergen-6","status":"publish","type":"post","link":"https:\/\/www.europesays.com\/no\/113515\/","title":{"rendered":"God morgen, Bergen, Bergen | God morgen, Bergen!"},"content":{"rendered":"\n<p>Kommer du frem?<\/p>\n<p>V\u00e5tt i begge ender<\/p>\n<p>Det har v\u00e6rt en gr\u00e5 og v\u00e5t helg, og slik fortsetter det ogs\u00e5 i morgentimene mandag. Det ventes en hel del regn i byen, melder statsmeteorolog Camilla Garshol Albertsen ved .<\/p>\n<p>S\u00f8ndag ble det sendt ut gult farevarsel fra Meteorologisk institutt om mye regn og flomfare. Farevarselet varer frem til mandag formiddag klokken 10.<\/p>\n<p>\u2013 P\u00e5 grunn av all nedb\u00f8ren har ogs\u00e5  sendt ut gult farevarsel for flom, jord- og flomskred, sier Albertsen.<\/p>\n<p>Mandag morgen vil det bl\u00e5se godt, med s\u00f8rlig opp i liten til stiv kuling utsatte steder.<\/p>\n<p><b>\u2013 Om du skal tidlig ut av huset i dag kan det dermed v\u00e6re lurt \u00e5 la paraplyen ligge igjen hjemme og heller kle deg i fullt regnt\u00f8y.<\/b><\/p>\n<p>Allerede tidlig i formiddag minker vinden til skiftende bris, mens det p\u00e5 kysten vil bl\u00e5se s\u00f8r-s\u00f8rvestlig frisk bris.<\/p>\n<p>\u2013 Det blir stort sett oppholdsv\u00e6r fra i formiddag og frem til nedb\u00f8ren tar seg opp igjen utover kvelden.<\/p>\n<p>Det holder seg mildt med opp i 9-10 grader i Bergen midt p\u00e5 dagen.<\/p>\n<p><b>\u2013 Den som leter etter en god, gammeldags f\u00f8rjulsstemning vil nok ikke finne den i dag.<\/b><\/p>\n<p>Dette skjer av kultur<\/p>\n<p>Bergen filharmoniske ungdomsorkester presenterer n\u00f8tteknekkeren, en juleklassiker basert p\u00e5  eventyr N\u00f8tteknekkeren og Musekongen, med musikk av Pjotr Tsjaikovskij. Forestillingen er i kveld klokken 18 i Grieghallen.<\/p>\n<p>En annen musikal, \u00abS\u00e5 som i himmelen\u00bb, skjer i kveld klokken 19 p\u00e5 Forum Scene. En feelgood-musikal, som har flere forestillinger ut desember og p\u00e5 ny\u00e5ret.<\/p>\n<p>Har du f\u00e5tt med deg dette?<\/p>\n<ul>\n<li><b>Foreldrene frykter for syke barns velv\u00e6re om tilbud kuttes<\/b><\/li>\n<\/ul>\n<p>To foreldrepar mistet hver sin datter til kreft. Lekerommet p\u00e5 Haukeland og musikkpedagogene ga de to jentene et lys i hverdagen p\u00e5 sykehuset. Men stram sykehus\u00f8konomi kan f\u00f8re til kutt i tilbudet. Foreldrene til Nelly og Ella Louise forteller hvor viktig dette tilbudet var for dem og deres d\u00f8tre. Forslaget om reduksjon i tilbudet behandles p\u00e5 Helse Bergens styrem\u00f8te 18. desember.<\/p>\n<p>  <a href=\"https:\/\/www.ba.no\/5-8-3251495\" class=\"related-teaser has-image default-story-teaser article--c-eRUmMG article--c-eRUmMG-jKCPdD-design-default\" rel=\"nofollow noopener\" target=\"_blank\"><\/p>\n<p>    <img decoding=\"async\" loading=\"lazy\"  src=\"https:\/\/www.europesays.com\/no\/wp-content\/uploads\/2025\/12\/1765782798_998_2.jpg\" alt=\"\" class=\"brick-c-cFOWSL\" style=\"\"\/><\/p>\n<p>\n            Les ogs\u00e5<\/p>\n<p>              Begge mistet d\u00f8trene sine. N\u00e5 kjemper de for tilbudet som betydde s\u00e5 mye for dem.\n        <\/p>\n<p>  <\/a><\/p>\n<ul>\n<li><b>Vil gj\u00f8re SFO gratis for fjerdeklassinger<\/b><\/li>\n<\/ul>\n<p>En ny ordning vil gj\u00f8re SFO gratis for elever p\u00e5 4. trinn ved seks skoler i Bergen fra neste \u00e5r. Mange elever slutter p\u00e5 SFO n\u00e5r det ikke lenger er gratis, noe som f\u00f8rer til at barn ofte tilbringer ettermiddagen alene hjemme foran en skjerm. Endringene kommer etter h\u00f8stens budsjettforhandlinger hvor SV fikk inn at SFO skal bli gratis i levek\u00e5rsutsatte omr\u00e5der.<\/p>\n<p>  <a href=\"https:\/\/www.ba.no\/5-8-3253053\" class=\"related-teaser has-image default-story-teaser article--c-eRUmMG article--c-eRUmMG-jKCPdD-design-default\" rel=\"nofollow noopener\" target=\"_blank\"><\/p>\n<p>    <img decoding=\"async\" loading=\"lazy\"  src=\"https:\/\/www.europesays.com\/no\/wp-content\/uploads\/2025\/12\/RJ8_2805.jpg\" alt=\"\" class=\"brick-c-cFOWSL\" style=\"\"\/><\/p>\n<p>\n            Les ogs\u00e5<\/p>\n<p>              Flere elever sluttet da de fikk f\u00f8rste regning: \u2013 Da gr\u00e5t vi\n        <\/p>\n<p>  <\/a><\/p>\n<ul>\n<li><b>\u2013 Jeg ble helt skjelven etterp\u00e5, da jeg skj\u00f8nte hva som hadde skjedd.<\/b><\/li>\n<\/ul>\n<p>\u00d8ystein Blom fikk sjokk l\u00f8rdag kveld, da en bil kom kj\u00f8rende mot ham, i motsatt kj\u00f8reretning p\u00e5 Fj\u00f8sangerveien. Kvinnen som havnet i helt feil kj\u00f8rebane, forteller til BA hva som skjedde.<\/p>\n<p>  <a href=\"https:\/\/www.ba.no\/5-8-3255612\" class=\"related-teaser has-image default-story-teaser article--c-eRUmMG article--c-eRUmMG-jKCPdD-design-default\" rel=\"nofollow noopener\" target=\"_blank\"><\/p>\n<p>    <img decoding=\"async\" loading=\"lazy\"  src=\"https:\/\/www.europesays.com\/no\/wp-content\/uploads\/2025\/12\/Bil+sladdet.jpg\" alt=\"\" class=\"brick-c-cFOWSL\" style=\"\"\/><\/p>\n<p>\n            Les ogs\u00e5<\/p>\n<p>              Bilen kom midt imot: \u2013 Jeg ble helt skjelven etterp\u00e5\n        <\/p>\n<p>  <\/a><\/p>\n<p>En bil kj\u00f8rte utfor en murkant og traff et hustak p\u00e5 Steinsland i \u00d8ygarden s\u00f8ndag kveld. Sj\u00e5f\u00f8ren, en mann i 40-\u00e5rene, ble fraktet til legevakten etter ulykken.<\/p>\n<p>  <a href=\"https:\/\/www.ba.no\/5-8-3255660\" class=\"related-teaser has-image default-story-teaser article--c-eRUmMG article--c-eRUmMG-jKCPdD-design-default\" rel=\"nofollow noopener\" target=\"_blank\"><\/p>\n<p>    <img decoding=\"async\" loading=\"lazy\"  src=\"https:\/\/www.europesays.com\/no\/wp-content\/uploads\/2025\/12\/1765782799_87_Bil.jpg\" alt=\"\" class=\"brick-c-cFOWSL\" style=\"\"\/><\/p>\n<p>\n            Les ogs\u00e5<\/p>\n<p>              Bil kj\u00f8rte utfor veien og havnet p\u00e5 et tak\n        <\/p>\n<p>  <\/a><br \/>\n  S\u00e5 mye koster str\u00f8mmen i dag<\/p>\n<p>Sudoku, ordknute og kryssord<\/p>\n<p>  Gikk du glipp av disse?<\/p>\n","protected":false},"excerpt":{"rendered":"Kommer du frem? V\u00e5tt i begge ender Det har v\u00e6rt en gr\u00e5 og v\u00e5t helg, og slik fortsetter&hellip;\n","protected":false},"author":2,"featured_media":112159,"comment_status":"","ping_status":"","sticky":false,"template":"","format":"standard","meta":{"footnotes":""},"categories":[10],"tags":[36,444,20,21,24,25,797,15,22,23,13,30,28,29,14,16,1510,26,27],"class_list":{"0":"post-113515","1":"post","2":"type-post","3":"status-publish","4":"format-standard","5":"has-post-thumbnail","7":"category-norge","8":"tag-art","9":"tag-bergen","10":"tag-breaking-news","11":"tag-breakingnews","12":"tag-featured-news","13":"tag-featurednews","14":"tag-god-morgen","15":"tag-headlines","16":"tag-latest-news","17":"tag-latestnews","18":"tag-news","19":"tag-no","20":"tag-norge","21":"tag-norway","22":"tag-nyheter","23":"tag-overskrifter","24":"tag-story","25":"tag-top-stories","26":"tag-topstories"},"share_on_mastodon":{"url":"https:\/\/pubeurope.com\/@no\/115722348556071808","error":""},"_links":{"self":[{"href":"https:\/\/www.europesays.com\/no\/wp-json\/wp\/v2\/posts\/113515","targetHints":{"allow":["GET"]}}],"collection":[{"href":"https:\/\/www.europesays.com\/no\/wp-json\/wp\/v2\/posts"}],"about":[{"href":"https:\/\/www.europesays.com\/no\/wp-json\/wp\/v2\/types\/post"}],"author":[{"embeddable":true,"href":"https:\/\/www.europesays.com\/no\/wp-json\/wp\/v2\/users\/2"}],"replies":[{"embeddable":true,"href":"https:\/\/www.europesays.com\/no\/wp-json\/wp\/v2\/comments?post=113515"}],"version-history":[{"count":0,"href":"https:\/\/www.europesays.com\/no\/wp-json\/wp\/v2\/posts\/113515\/revisions"}],"wp:featuredmedia":[{"embeddable":true,"href":"https:\/\/www.europesays.com\/no\/wp-json\/wp\/v2\/media\/112159"}],"wp:attachment":[{"href":"https:\/\/www.europesays.com\/no\/wp-json\/wp\/v2\/media?parent=113515"}],"wp:term":[{"taxonomy":"category","embeddable":true,"href":"https:\/\/www.europesays.com\/no\/wp-json\/wp\/v2\/categories?post=113515"},{"taxonomy":"post_tag","embeddable":true,"href":"https:\/\/www.europesays.com\/no\/wp-json\/wp\/v2\/tags?post=113515"}],"curies":[{"name":"wp","href":"https:\/\/api.w.org\/{rel}","templated":true}]}}