{"id":11353,"date":"2025-08-18T13:12:15","date_gmt":"2025-08-18T13:12:15","guid":{"rendered":"https:\/\/www.europesays.com\/no\/11353\/"},"modified":"2025-08-18T13:12:15","modified_gmt":"2025-08-18T13:12:15","slug":"carina-dahl-og-viggo-venn-blant-13-kjendiser-som-skal-svinge-seg-i-dansen","status":"publish","type":"post","link":"https:\/\/www.europesays.com\/no\/11353\/","title":{"rendered":"Carina Dahl og Viggo Venn blant 13 kjendiser som skal svinge seg i dansen"},"content":{"rendered":"<p>TV 2s programredakt\u00f8r Trygve R\u00f8nningen konstaterer at seerne elsker \u00abSkal vi danse\u00bb.<\/p>\n<p>\u2013 Engasjementet har v\u00e6rt stort ogs\u00e5 det \u00e5ret programmet har v\u00e6rt borte. N\u00e5 har vi brukt tiden godt og h\u00e5per at vi kan ta programmet til nye h\u00f8yder, sier han.<\/p>\n<p>\u00c5rets deltakere er: Tobias Brandal Bus\u00e6t, Carina Dahl, Trygve Bennetsen, Danby Choi, Bernt Hulsker, Tale Torjussen, Desta Marie Beeder, Emilie Enger Mehl, Halvor Bakke, Emma Ellingsen, Tiril Eckhoff, Vendela Kirsebom og Viggo Venn.<\/p>\n<p>Programledere er Helene Olafsen og Anders Hoff, mens dommerpanelet best\u00e5r av Cengiz Al, Jan Thomas, Nadya Khamitskaya og Merete M\u00f8rk Lingj\u00e6rde.<\/p>\n","protected":false},"excerpt":{"rendered":"TV 2s programredakt\u00f8r Trygve R\u00f8nningen konstaterer at seerne elsker \u00abSkal vi danse\u00bb. \u2013 Engasjementet har v\u00e6rt stort ogs\u00e5&hellip;\n","protected":false},"author":2,"featured_media":11354,"comment_status":"","ping_status":"","sticky":false,"template":"","format":"standard","meta":{"footnotes":""},"categories":[58],"tags":[2289,71,30,28,29,2280,72],"class_list":{"0":"post-11353","1":"post","2":"type-post","3":"status-publish","4":"format-standard","5":"has-post-thumbnail","7":"category-underholdning","8":"tag-bernt-hulsker","9":"tag-entertainment","10":"tag-no","11":"tag-norge","12":"tag-norway","13":"tag-skal-vi-danse","14":"tag-underholdning"},"share_on_mastodon":{"url":"","error":""},"_links":{"self":[{"href":"https:\/\/www.europesays.com\/no\/wp-json\/wp\/v2\/posts\/11353","targetHints":{"allow":["GET"]}}],"collection":[{"href":"https:\/\/www.europesays.com\/no\/wp-json\/wp\/v2\/posts"}],"about":[{"href":"https:\/\/www.europesays.com\/no\/wp-json\/wp\/v2\/types\/post"}],"author":[{"embeddable":true,"href":"https:\/\/www.europesays.com\/no\/wp-json\/wp\/v2\/users\/2"}],"replies":[{"embeddable":true,"href":"https:\/\/www.europesays.com\/no\/wp-json\/wp\/v2\/comments?post=11353"}],"version-history":[{"count":0,"href":"https:\/\/www.europesays.com\/no\/wp-json\/wp\/v2\/posts\/11353\/revisions"}],"wp:featuredmedia":[{"embeddable":true,"href":"https:\/\/www.europesays.com\/no\/wp-json\/wp\/v2\/media\/11354"}],"wp:attachment":[{"href":"https:\/\/www.europesays.com\/no\/wp-json\/wp\/v2\/media?parent=11353"}],"wp:term":[{"taxonomy":"category","embeddable":true,"href":"https:\/\/www.europesays.com\/no\/wp-json\/wp\/v2\/categories?post=11353"},{"taxonomy":"post_tag","embeddable":true,"href":"https:\/\/www.europesays.com\/no\/wp-json\/wp\/v2\/tags?post=11353"}],"curies":[{"name":"wp","href":"https:\/\/api.w.org\/{rel}","templated":true}]}}