{"id":113534,"date":"2025-12-15T07:43:31","date_gmt":"2025-12-15T07:43:31","guid":{"rendered":"https:\/\/www.europesays.com\/no\/113534\/"},"modified":"2025-12-15T07:43:31","modified_gmt":"2025-12-15T07:43:31","slug":"to-studentar-vart-drepne-i-masseskyting-under-eksamen","status":"publish","type":"post","link":"https:\/\/www.europesays.com\/no\/113534\/","title":{"rendered":"To studentar vart drepne i masseskyting under eksamen"},"content":{"rendered":"<p class=\"kicker t14 tm15 align-left mobile_text_align_align-left\" style=\"\">USA<\/p>\n<p>    To studentar vart drepne og ni er kritisk skadde etter at ein person byrja \u00e5 skyta under eksamen p\u00e5 elite\u00aduniversitetet Brown, p\u00e5 Rhode Island i USA.<\/p>\n<p>\n        Medlemer av etterforskingsteamet til FBI arbeider p\u00e5 \u00e5staden p\u00e5 Brown University i Providence, Rhode Island, etter ei masseskyting som kosta to studentar livet og s\u00e5ra ni andre 13. desember 2025.<br \/>\n        Foto: Kyle Mazza\/NurPhoto\/Shutterstock\n    <\/p>\n<p>Det var laurdag ettermiddag lokal tid at nokon<br \/>\nbyrja \u00e5 skyta p\u00e5 Brown universitetet p\u00e5 Rhode Island i USA. Ifylgje CNN skjedde<br \/>\nskytinga i <a href=\"https:\/\/www.vg.no\/nyheter\/i\/ln1jzA\/paagaaende-skyteepisode-paa-universitet-i-rhode-island-i-usa\" rel=\"nofollow noopener\" target=\"_blank\"><a href=\"https:\/\/edition.cnn.com\/us\/live-news\/brown-university-shooting-12-13-25\" rel=\"nofollow noopener\" target=\"_blank\">eit<br \/>\nbygg der ingeni\u00f8rstudentar sat og hadde avsluttande eksamen<\/a><\/a>.<\/p>\n<p>\nUnder ein pressekonferanse i natt norsk tid, stadfeste politiet at to av dei skotne er drepne<br \/>\nog at \u00e5tte er kritisk skadde. Seinare vart det kjend at det ogs\u00e5 var ein niande<br \/>\nperson som var skadd.<\/p>\n<p>Sende tekstmelding til studentar og tilsette<\/p>\n<p>                <img decoding=\"async\" src=\"https:\/\/www.europesays.com\/no\/wp-content\/uploads\/2025\/12\/1022838.webp\" width=\"480\" height=\"274\" title=\"Brown-universitetet har offentleggjort eit kart der dei kjem fram kva delar av universitetsomr\u00e5det som er nedstengd. Alle som oppheld seg i omr\u00e5det m\u00e5 halda seg innand\u00f8rs til dei f\u00e5r melding om anna, st\u00e5r det i biletteksten.\" alt=\"Brown-universitetet har offentleggjort eit kart der dei kjem fram kva delar av universitetsomr\u00e5det som er nedstengd. Alle som oppheld seg i omr\u00e5det m\u00e5 halda seg innand\u00f8rs til dei f\u00e5r melding om anna, st\u00e5r det i biletteksten.\" loading=\"lazy\" style=\"\"\/><\/p>\n<p>\n            Brown-universitetet har offentleggjort eit kart der dei kjem fram kva delar av universitetsomr\u00e5det som er nedstengd. Alle som oppheld seg i omr\u00e5det m\u00e5 halda seg innand\u00f8rs til dei f\u00e5r melding om anna, st\u00e5r det i biletteksten.<br \/>\n            Kart: Google\/Brown universitetet\n        <\/p>\n<p>Det var b\u00e5de tilsette og studentar p\u00e5<br \/>\ncampus d\u00e5 hendinga fann stad. <\/p>\n<p>CNN skriv at tilsette og studentar ved<br \/>\nuniversitetet fekk ei tekstmelding med oppmoding om \u00e5 koma seg i tryggleik. I meldinga stod det at dei m\u00e5tte l\u00e5sa<br \/>\nd\u00f8rer, setja telefonen p\u00e5 lydlaus og g\u00f8ym dykk inntil vidare.<\/p>\n<p>\u00abHugs: <br \/>SPRING \u2013<br \/>\ndersom du er i det r\u00e5ka omr\u00e5det, evakuer trygt om du kan.<br \/>\n<br \/>G\u00d8YM DEG \u2013<br \/>\ndersom evakuering ikkje er mogleg, s\u00f8k dekning.<br \/>\n<br \/>KJEMP \u2013 som<br \/>\nsiste utveg, grip inn for \u00e5 verna deg sj\u00f8lv.\u00bb<\/p>\n<p>Delar av universitetsomr\u00e5det rundt Barus &amp;<br \/>\nHolley vart steng ned, og var ikkje opna att sundag f\u00f8remiddag.\u00a0<\/p>\n<p>        <a itemprop=\"url\" class=\"\" href=\"https:\/\/www.khrono.no\/universiteter-sier-nei-til-trumps-lojalitetspakt\/1007468\" data-k5a-url=\"https:\/\/www.khrono.no\/a\/1007468\" rel=\"nofollow noopener\" target=\"_blank\"><\/p>\n<p>\nUSA\n<\/p>\n<p>            Universiteter sier nei til Trumps lojalitetspakt<\/p>\n<p>        <\/a><\/p>\n<p>Rektor oppdaterer<\/p>\n<p>Rektor ved eliteuniversitetet la <a href=\"https:\/\/www.brown.edu\/?fbclid=IwY2xjawOrOpBleHRuA2FlbQIxMABicmlkETBFR1JTdmM4S1pvMGV5ZVFyc3J0YwZhcHBfaWQQMjIyMDM5MTc4ODIwMDg5MgABHmnRKJvviPSbRL4biPKBiK21xtdGDm1OVLh49rPAgY5iIg86nRcRbAVFyJ3E_aem_Uv0MiRdQjqF-Oqv9H7ffnw&amp;utm_source=sdrn%3Avg%3Aarticle%3Aln1jzA\" rel=\"nofollow noopener\" target=\"_blank\">sundag<br \/>\nmorgon ut ei pressemelding<\/a> p\u00e5 nettsidene til universitetet. Der skriv Christina H. Paxson:<\/p>\n<p>                <img decoding=\"async\" src=\"https:\/\/www.europesays.com\/no\/wp-content\/uploads\/2025\/12\/1022841.webp\" width=\"480\" height=\"274\" title=\"Rektor Christina H. Paxson p\u00e5 talarstolen under ein seremoni ved Brown universitetet\" alt=\"Rektor Christina H. Paxson p\u00e5 talarstolen under ein seremoni ved Brown universitetet\" loading=\"lazy\" style=\"\"\/><\/p>\n<p>\n            Rektor Christina H. Paxson p\u00e5 talarstolen under ein seremoni ved Brown universitetet<br \/>\n            Brown university\n        <\/p>\n<p>\u00abEg kan stadfesta at dei ni medlemene av fellesskapen v\u00e5r som vart frakta til<br \/>\nlokale sjukehus, alle er studentar. Og me har mist to studentar som fylgje av<br \/>\ndagens \u00f8ydeleggande skytev\u00e5penvald. Dei har v\u00e5r medkjensle. Dette er ein dag<br \/>\nprega av djup sorg. Ingen forelder eller familiemedlem burde nokon gong m\u00e5tta<br \/>\noppleva ein dag som denne.\u00bb<\/p>\n<p>Rektor ved Ivy league-universitetet<br \/>\nskriv \u00f2g i meldinga at dei ber foreldre og familiar om \u00e5 ikkje reisa til universitet,<br \/>\nsidan det framleis ikkje er rekna som trygt.<\/p>\n<p>\nLokalt politi trur det at det berre er snakk om ein gjerningsperson. Fleire enn\u00a0<a href=\"https:\/\/edition.cnn.com\/us\/live-news\/brown-university-shooting-12-13-25\" rel=\"nofollow noopener\" target=\"_blank\">400<br \/>\npolitifolk<\/a> leitar etter gjerningspersonen, skriv CNN.<\/p>\n","protected":false},"excerpt":{"rendered":"USA To studentar vart drepne og ni er kritisk skadde etter at ein person byrja \u00e5 skyta under&hellip;\n","protected":false},"author":2,"featured_media":113535,"comment_status":"","ping_status":"","sticky":false,"template":"","format":"standard","meta":{"footnotes":""},"categories":[5],"tags":[20,21,24,25,15,19,22,23,17,18,13,30,28,29,14,16,26,27],"class_list":{"0":"post-113534","1":"post","2":"type-post","3":"status-publish","4":"format-standard","5":"has-post-thumbnail","7":"category-overskrifter","8":"tag-breaking-news","9":"tag-breakingnews","10":"tag-featured-news","11":"tag-featurednews","12":"tag-headlines","13":"tag-hovedoppslag","14":"tag-latest-news","15":"tag-latestnews","16":"tag-main-news","17":"tag-mainnews","18":"tag-news","19":"tag-no","20":"tag-norge","21":"tag-norway","22":"tag-nyheter","23":"tag-overskrifter","24":"tag-top-stories","25":"tag-topstories"},"share_on_mastodon":{"url":"https:\/\/pubeurope.com\/@no\/115722466679678584","error":""},"_links":{"self":[{"href":"https:\/\/www.europesays.com\/no\/wp-json\/wp\/v2\/posts\/113534","targetHints":{"allow":["GET"]}}],"collection":[{"href":"https:\/\/www.europesays.com\/no\/wp-json\/wp\/v2\/posts"}],"about":[{"href":"https:\/\/www.europesays.com\/no\/wp-json\/wp\/v2\/types\/post"}],"author":[{"embeddable":true,"href":"https:\/\/www.europesays.com\/no\/wp-json\/wp\/v2\/users\/2"}],"replies":[{"embeddable":true,"href":"https:\/\/www.europesays.com\/no\/wp-json\/wp\/v2\/comments?post=113534"}],"version-history":[{"count":0,"href":"https:\/\/www.europesays.com\/no\/wp-json\/wp\/v2\/posts\/113534\/revisions"}],"wp:featuredmedia":[{"embeddable":true,"href":"https:\/\/www.europesays.com\/no\/wp-json\/wp\/v2\/media\/113535"}],"wp:attachment":[{"href":"https:\/\/www.europesays.com\/no\/wp-json\/wp\/v2\/media?parent=113534"}],"wp:term":[{"taxonomy":"category","embeddable":true,"href":"https:\/\/www.europesays.com\/no\/wp-json\/wp\/v2\/categories?post=113534"},{"taxonomy":"post_tag","embeddable":true,"href":"https:\/\/www.europesays.com\/no\/wp-json\/wp\/v2\/tags?post=113534"}],"curies":[{"name":"wp","href":"https:\/\/api.w.org\/{rel}","templated":true}]}}