{"id":113537,"date":"2025-12-15T07:49:12","date_gmt":"2025-12-15T07:49:12","guid":{"rendered":"https:\/\/www.europesays.com\/no\/113537\/"},"modified":"2025-12-15T07:49:12","modified_gmt":"2025-12-15T07:49:12","slug":"usas-spesialutsending-steve-witkoff-ukrainas-president-volodymyr-zelenskyj","status":"publish","type":"post","link":"https:\/\/www.europesays.com\/no\/113537\/","title":{"rendered":"USAs spesialutsending Steve Witkoff, Ukrainas president Volodymyr Zelenskyj"},"content":{"rendered":"\n<p>De diskuterte et forslag som skal f\u00e5 en slutt p\u00e5 krigen med Russland. M\u00f8tet varte i over fem timer og inkluderte ogs\u00e5 Donald Trumps svigers\u00f8nn Jared Kushner.<\/p>\n<p>\u2013 Representantene holdt grundige diskusjoner om 20-punktsplanen for fred, \u00f8konomiske forhold og annet. Det ble gjort store framskritt, og de skal m\u00f8tes igjen i morgen tidlig, heter det i en uttalelse Witkoff har publisert p\u00e5 X.<\/p>\n<p>De konkrete forslagene som n\u00e5 ligger p\u00e5 bordet i samtalene, er forel\u00f8pig ikke offentliggjort.<\/p>\n<p>M\u00f8tene fortsetter<\/p>\n<p>Ogs\u00e5 Zelenskyjs team har bekreftet at det er lagt opp til nytt m\u00f8te mandag.<\/p>\n<p>\u2013 De har ordnet det slik at samtalene fortsetter i morgen, sier Zelenskyj-r\u00e5dgiver Dmytro Lyvtvyn.<\/p>\n<p>Mandag er det ogs\u00e5 planlagt samtaler mellom Zelenskyj og europeiske allierte i den tyske hovedstaden senere p\u00e5 kvelden.<\/p>\n<p>Mandag ettermiddag er Tysklands statsminister Friedrich Merz og Zelenskyj ventet \u00e5 delta i tysk-ukrainske samtaler om \u00f8konomisk samarbeid. Merz har ogs\u00e5 invitert europeiske stats- og regjeringssjefer til sitt kontor mandag kveld.<\/p>\n<p>\u2013 Ukraina st\u00e5r sterkt<\/p>\n<p>I samtaler med ukrainske journalister s\u00f8ndag sa Zelenskyj at han enn\u00e5 ikke har mottatt noen reaksjon fra USA p\u00e5 sine siste forslag til endringer i fredsplanen til USAs president Donald Trump.<\/p>\n<p>Han erkjente at en fredsplan ikke vil tilfredsstille alle parter, men fastholdt at Ukraina st\u00e5r sterkt i forhandlingene.<\/p>\n<p>Ogs\u00e5 USAs general Alexus Grynkewich, Natos \u00f8verste milit\u00e6re leder i Europa, har kommet til Berlin.<\/p>\n<p>Witkoff m\u00f8tte Russlands president Vladimir Putin tidligere denne m\u00e5neden. Under m\u00f8tet signaliserte Putin vilje til videre samtaler, men understreket at Russland har det strategiske initiativet og vil forf\u00f8lge sine krigsm\u00e5l med makt dersom det ikke blir en avtale.<\/p>\n<p>Skeptiske russere<\/p>\n<p>Samtidig sa Putins utenrikspolitiske r\u00e5dgiver, Jurij Usjakov, til russisk statlig TV at Russland forventer at det vil komme lite godt ut av samtalene i Berlin.<\/p>\n<p>\u2013 Bidrag fra Ukraina og europeiske land til Trumps fredsplan \u00abvil neppe v\u00e6re konstruktive\u00bb, sa Usjakov i uttalelser som ble gjort fredag, men publisert s\u00f8ndag.<\/p>\n<p>\u2013 Det er der problemet ligger, sa han, samtidig som han understreket Russlands tillit til at USA forst\u00e5r den russiske posisjonen.<\/p>\n<p>Usjakov gjorde det klart at Russland ikke vil trekke tilbake sine territorielle krav, inkludert kravet om at Kyiv fullt ut trekker seg ut av de delene av de to \u00f8stlige regionene Donetsk og Luhansk som russiske styrker enn\u00e5 ikke har okkupert.<\/p>\n","protected":false},"excerpt":{"rendered":"De diskuterte et forslag som skal f\u00e5 en slutt p\u00e5 krigen med Russland. M\u00f8tet varte i over fem&hellip;\n","protected":false},"author":2,"featured_media":3844,"comment_status":"","ping_status":"","sticky":false,"template":"","format":"standard","meta":{"footnotes":""},"categories":[12],"tags":[20,21,24,25,15,22,23,13,30,28,29,14,16,26,27,42,43,44,45],"class_list":{"0":"post-113537","1":"post","2":"type-post","3":"status-publish","4":"format-standard","5":"has-post-thumbnail","7":"category-verden","8":"tag-breaking-news","9":"tag-breakingnews","10":"tag-featured-news","11":"tag-featurednews","12":"tag-headlines","13":"tag-latest-news","14":"tag-latestnews","15":"tag-news","16":"tag-no","17":"tag-norge","18":"tag-norway","19":"tag-nyheter","20":"tag-overskrifter","21":"tag-top-stories","22":"tag-topstories","23":"tag-verden","24":"tag-world","25":"tag-world-news","26":"tag-worldnews"},"share_on_mastodon":{"url":"https:\/\/pubeurope.com\/@no\/115722489980888270","error":""},"_links":{"self":[{"href":"https:\/\/www.europesays.com\/no\/wp-json\/wp\/v2\/posts\/113537","targetHints":{"allow":["GET"]}}],"collection":[{"href":"https:\/\/www.europesays.com\/no\/wp-json\/wp\/v2\/posts"}],"about":[{"href":"https:\/\/www.europesays.com\/no\/wp-json\/wp\/v2\/types\/post"}],"author":[{"embeddable":true,"href":"https:\/\/www.europesays.com\/no\/wp-json\/wp\/v2\/users\/2"}],"replies":[{"embeddable":true,"href":"https:\/\/www.europesays.com\/no\/wp-json\/wp\/v2\/comments?post=113537"}],"version-history":[{"count":0,"href":"https:\/\/www.europesays.com\/no\/wp-json\/wp\/v2\/posts\/113537\/revisions"}],"wp:featuredmedia":[{"embeddable":true,"href":"https:\/\/www.europesays.com\/no\/wp-json\/wp\/v2\/media\/3844"}],"wp:attachment":[{"href":"https:\/\/www.europesays.com\/no\/wp-json\/wp\/v2\/media?parent=113537"}],"wp:term":[{"taxonomy":"category","embeddable":true,"href":"https:\/\/www.europesays.com\/no\/wp-json\/wp\/v2\/categories?post=113537"},{"taxonomy":"post_tag","embeddable":true,"href":"https:\/\/www.europesays.com\/no\/wp-json\/wp\/v2\/tags?post=113537"}],"curies":[{"name":"wp","href":"https:\/\/api.w.org\/{rel}","templated":true}]}}