{"id":113538,"date":"2025-12-15T07:50:11","date_gmt":"2025-12-15T07:50:11","guid":{"rendered":"https:\/\/www.europesays.com\/no\/113538\/"},"modified":"2025-12-15T07:50:11","modified_gmt":"2025-12-15T07:50:11","slug":"trafikk-e10-ferge-innstilt-og-bru-pa-e10-kan-bli-stengt-pa-kort-varsel","status":"publish","type":"post","link":"https:\/\/www.europesays.com\/no\/113538\/","title":{"rendered":"Trafikk, E10 | Ferge innstilt og bru p\u00e5 E10 kan bli stengt p\u00e5 kort varsel"},"content":{"rendered":"\n<p>Det bl\u00e5ste friskt i Lofoten i g\u00e5r og det fortsetter friskt i dag.<\/p>\n<p>Det er sendt ut gult farevarsel for vind mandag. I Lofoten kan det bli opptil sterk s\u00f8rlig kuling. I ettermiddag vil vinden dreie s\u00f8rvest og minke. Det vil ogs\u00e5 bli mye nedb\u00f8r i form av regn.<\/p>\n<p>Klokken 07.00 ble det if\u00f8lge Vindn\u00e5.no m\u00e5lt vindkast p\u00e5 21,2 m\/s ved K\u00e5kern bru i Flakstad.<\/p>\n<p>Vinden har allerede skap tr\u00f8bbel i trafikken. P\u00e5 fergesambandet Moskenes \u2013 Bod\u00f8 er avgangen fra Bod\u00f8 klokken 0800 innstilt p\u00e5 grunn av v\u00e6rforholdene.<\/p>\n<p>Fergesambanet Melbu-Fiskeb\u00f8l er innstilt inntil videre p\u00e5 grunn tekniske problem. Fra Melbu 07:50 innstilt. Fra Fiskeb\u00f8l 08:30 innstilt.<\/p>\n<p>Veitrafikksentralen melder at K\u00e5kern bru p\u00e5 E10 i Flakstad kan bli stengt p\u00e5 kort varsel p\u00e5 grunn av sterk vind.<\/p>\n<p>Det er ogs\u00e5 sendt ut gult farevarsel for is. Det gjelder i \u00f8stre del av Lofoten.<\/p>\n<p>  <a href=\"https:\/\/www.lofotposten.no\/5-29-883366\" class=\"related-teaser default-story-teaser article--c-eRUmMG article--c-eRUmMG-jKCPdD-design-default article--c-eRUmMG-kpKLOW-cv\" rel=\"nofollow noopener\" target=\"_blank\"><\/p>\n<p>\n            Les ogs\u00e5<\/p>\n<p>              Direkte: Slik ser det ut i trafikken n\u00e5\n        <\/p>\n<p>  <\/a><\/p>\n<p>Hurtigb\u00e5truta mellom Svovl\u00e6r og Bod\u00f8 ble innstilt fra Svovl\u00e6r mandag morgen. Dette skyldtes mannskapsmangel.<\/p>\n<p>Busstrafikken g\u00e5r som normalt, og begge morgenflyene til Wider\u00f8e har landet etter ruteplan.<\/p>\n","protected":false},"excerpt":{"rendered":"Det bl\u00e5ste friskt i Lofoten i g\u00e5r og det fortsetter friskt i dag. Det er sendt ut gult&hellip;\n","protected":false},"author":2,"featured_media":9634,"comment_status":"","ping_status":"","sticky":false,"template":"","format":"standard","meta":{"footnotes":""},"categories":[10],"tags":[36,20,21,2100,24,25,1186,15,22,23,1461,11430,13,30,28,29,14,16,1510,26,27,224],"class_list":{"0":"post-113538","1":"post","2":"type-post","3":"status-publish","4":"format-standard","5":"has-post-thumbnail","7":"category-norge","8":"tag-art","9":"tag-breaking-news","10":"tag-breakingnews","11":"tag-e10","12":"tag-featured-news","13":"tag-featurednews","14":"tag-flakstad","15":"tag-headlines","16":"tag-latest-news","17":"tag-latestnews","18":"tag-moskenes","19":"tag-moskenesferga","20":"tag-news","21":"tag-no","22":"tag-norge","23":"tag-norway","24":"tag-nyheter","25":"tag-overskrifter","26":"tag-story","27":"tag-top-stories","28":"tag-topstories","29":"tag-trafikk"},"share_on_mastodon":{"url":"https:\/\/pubeurope.com\/@no\/115722494010687091","error":""},"_links":{"self":[{"href":"https:\/\/www.europesays.com\/no\/wp-json\/wp\/v2\/posts\/113538","targetHints":{"allow":["GET"]}}],"collection":[{"href":"https:\/\/www.europesays.com\/no\/wp-json\/wp\/v2\/posts"}],"about":[{"href":"https:\/\/www.europesays.com\/no\/wp-json\/wp\/v2\/types\/post"}],"author":[{"embeddable":true,"href":"https:\/\/www.europesays.com\/no\/wp-json\/wp\/v2\/users\/2"}],"replies":[{"embeddable":true,"href":"https:\/\/www.europesays.com\/no\/wp-json\/wp\/v2\/comments?post=113538"}],"version-history":[{"count":0,"href":"https:\/\/www.europesays.com\/no\/wp-json\/wp\/v2\/posts\/113538\/revisions"}],"wp:featuredmedia":[{"embeddable":true,"href":"https:\/\/www.europesays.com\/no\/wp-json\/wp\/v2\/media\/9634"}],"wp:attachment":[{"href":"https:\/\/www.europesays.com\/no\/wp-json\/wp\/v2\/media?parent=113538"}],"wp:term":[{"taxonomy":"category","embeddable":true,"href":"https:\/\/www.europesays.com\/no\/wp-json\/wp\/v2\/categories?post=113538"},{"taxonomy":"post_tag","embeddable":true,"href":"https:\/\/www.europesays.com\/no\/wp-json\/wp\/v2\/tags?post=113538"}],"curies":[{"name":"wp","href":"https:\/\/api.w.org\/{rel}","templated":true}]}}