{"id":113539,"date":"2025-12-15T07:51:16","date_gmt":"2025-12-15T07:51:16","guid":{"rendered":"https:\/\/www.europesays.com\/no\/113539\/"},"modified":"2025-12-15T07:51:16","modified_gmt":"2025-12-15T07:51:16","slug":"dette-bor-vekk-vi-ma-ha-konsentrasjon-pa-jobb","status":"publish","type":"post","link":"https:\/\/www.europesays.com\/no\/113539\/","title":{"rendered":"\u2013 Dette b\u00f8r vekk. Vi m\u00e5 ha konsentrasjon p\u00e5 jobb"},"content":{"rendered":"<p>Forskning ved Haukeland universitetssykehus har bekreftet det som lenge har blitt satt ord p\u00e5: Sein-tidlig-vakter er ikke bra for helsen.<\/p>\n<p>B\u00e5de <a href=\"https:\/\/sykepleien.no\/2025\/10\/ny-studie-faerre-sein-tidlig-vakter-betyr-lavere-sykefravaer\" rel=\"nofollow noopener\" target=\"_blank\">forskeren<\/a> bak studien og <a href=\"https:\/\/sykepleien.no\/2025\/12\/vil-redusere-antallet-sein-tidlig-vakter-betraktelig-na-har-vi-enda-bedre-argumenter\" rel=\"nofollow noopener\" target=\"_blank\">lederen<\/a> p\u00e5 sykehuset anbefaler \u00e5 kvitte seg med slike vakter.<\/p>\n<p>Men de ansatte m\u00e5 involveres i krafttaket.<\/p>\n<p>Som foretakstillitsvalgt i Helse Bergen for Norsk Sykepleierforbund representerer Karen-Anne Stordalen sykepleierne. Hun har fulgt n\u00f8ye med i prosessen.<\/p>\n<p>\u2013 Denne forskningen m\u00e5 sykepleierne ta p\u00e5 alvor. Vi skal ha s\u00e5 helsefremmende turnus som mulig. P\u00e5 grunn av de enkeltes helse og pasientenes sikkerhet, sier Stordalen.<\/p>\n<p>\u2013 Vi b\u00f8r unng\u00e5 disse vaktene<\/p>\n<p>\u2013 Det med hviletid og restitusjon viser seg \u00e5 v\u00e6re utrolig viktig. Da b\u00f8r vi unng\u00e5 disse vaktene. Helt klart, sier den foretakstillitsvalgte.\u00a0<\/p>\n<p>For hva f\u00f8rer disse sein-tidlig-vaktene til?<\/p>\n<p>\u2013 Jo, sier Stordalen:<\/p>\n<p>\u2013 Vi sover d\u00e5rligere, og sykefrav\u00e6ret \u00f8ker, mest for dem som jobber 80 prosent og mer.<\/p>\n<p>Under studien, som foregikk p\u00e5 66 avdelinger, fikk halvparten f\u00e6rre sein-tidlig-vakter i sin turnus enn normalt.<\/p>\n<p>\u2013 Vi hadde noe motstand. Vi pr\u00f8vde \u00e5 ta vaktene helt vekk i perioden, men vi fikk ikke geh\u00f8r. \u00c5 planlegge med disse vaktene er en kultur som sitter i.<\/p>\n<p>Motstanderne sa: \u00abOK, vi pr\u00f8ver\u00bb<\/p>\n<p>En del ansatte ville absolutt beholde sein-tidlig-vaktene, forteller hun:<\/p>\n<p>\u2013 Flere mente de fikk lenger fri med kvalitet n\u00e5r de gikk seint-tidlig.<\/p>\n<p>De ville beholde det \u00e5 ha fri kvelden f\u00f8r fridag.<\/p>\n<p>\u2013 Men vi minimerte slike vakter det vi kunne og sa at det var bedre \u00e5 pr\u00f8ve en ny turnus, s\u00e5 kunne vi heller g\u00e5 tilbake p\u00e5 det hvis det ikke fungerte, sier Stordalen.<\/p>\n<p>Hun p\u00e5peker at forskningsperioden med endret turnus bare varte et halvt \u00e5r.<\/p>\n<p>\u2013 S\u00e5 lenge de fikk beholde noen av sein-tidlig-vaktene, var det greit. De sa: \u00abOK, vi pr\u00f8ver\u00bb.<\/p>\n<p>Etterp\u00e5 merket flere av dem at kvaliteten p\u00e5 fritiden ble bedre, fordi de fikk bedre s\u00f8vn, forteller Stordalen.<\/p>\n<p>\u2013 De sa ogs\u00e5 at de var mer avslappet p\u00e5 seinvakten n\u00e5r de visste de ikke skulle ha morgenvakt etterp\u00e5.<\/p>\n<p>\u2013 Vi m\u00e5 ha konsentrasjon p\u00e5 jobb<\/p>\n<p>Karen-Anne Stordalen er klar i sitt syn:<\/p>\n<p>\u2013 Dette b\u00f8r vekk. Vi m\u00e5 ha konsentrasjon p\u00e5 jobb.<\/p>\n<p>N\u00e5 har alts\u00e5 flere hundre ansatte p\u00e5 Haukeland sykehus erfart forskjellen:\u00a0<\/p>\n<p>\u2013 Forskningen er tydelig. Da m\u00e5 vi opplyse om konsekvensene av \u00e5 g\u00e5 slike vakter. Det blir v\u00e5r og ledelsens oppgave.<\/p>\n<p>\u2013 Med god argumentasjon ut til medlemmene kan vi f\u00e5 vaktene helt bort. Jeg tror det vil g\u00e5 seg til etter hvert. Det tar litt tid \u00e5 snu.<\/p>\n","protected":false},"excerpt":{"rendered":"Forskning ved Haukeland universitetssykehus har bekreftet det som lenge har blitt satt ord p\u00e5: Sein-tidlig-vakter er ikke bra&hellip;\n","protected":false},"author":2,"featured_media":113540,"comment_status":"","ping_status":"","sticky":false,"template":"","format":"standard","meta":{"footnotes":""},"categories":[5],"tags":[20,21,24,25,15,19,22,23,17,18,13,30,28,29,14,16,26,27],"class_list":{"0":"post-113539","1":"post","2":"type-post","3":"status-publish","4":"format-standard","5":"has-post-thumbnail","7":"category-overskrifter","8":"tag-breaking-news","9":"tag-breakingnews","10":"tag-featured-news","11":"tag-featurednews","12":"tag-headlines","13":"tag-hovedoppslag","14":"tag-latest-news","15":"tag-latestnews","16":"tag-main-news","17":"tag-mainnews","18":"tag-news","19":"tag-no","20":"tag-norge","21":"tag-norway","22":"tag-nyheter","23":"tag-overskrifter","24":"tag-top-stories","25":"tag-topstories"},"share_on_mastodon":{"url":"https:\/\/pubeurope.com\/@no\/115722498002639839","error":""},"_links":{"self":[{"href":"https:\/\/www.europesays.com\/no\/wp-json\/wp\/v2\/posts\/113539","targetHints":{"allow":["GET"]}}],"collection":[{"href":"https:\/\/www.europesays.com\/no\/wp-json\/wp\/v2\/posts"}],"about":[{"href":"https:\/\/www.europesays.com\/no\/wp-json\/wp\/v2\/types\/post"}],"author":[{"embeddable":true,"href":"https:\/\/www.europesays.com\/no\/wp-json\/wp\/v2\/users\/2"}],"replies":[{"embeddable":true,"href":"https:\/\/www.europesays.com\/no\/wp-json\/wp\/v2\/comments?post=113539"}],"version-history":[{"count":0,"href":"https:\/\/www.europesays.com\/no\/wp-json\/wp\/v2\/posts\/113539\/revisions"}],"wp:featuredmedia":[{"embeddable":true,"href":"https:\/\/www.europesays.com\/no\/wp-json\/wp\/v2\/media\/113540"}],"wp:attachment":[{"href":"https:\/\/www.europesays.com\/no\/wp-json\/wp\/v2\/media?parent=113539"}],"wp:term":[{"taxonomy":"category","embeddable":true,"href":"https:\/\/www.europesays.com\/no\/wp-json\/wp\/v2\/categories?post=113539"},{"taxonomy":"post_tag","embeddable":true,"href":"https:\/\/www.europesays.com\/no\/wp-json\/wp\/v2\/tags?post=113539"}],"curies":[{"name":"wp","href":"https:\/\/api.w.org\/{rel}","templated":true}]}}