{"id":113550,"date":"2025-12-15T08:06:07","date_gmt":"2025-12-15T08:06:07","guid":{"rendered":"https:\/\/www.europesays.com\/no\/113550\/"},"modified":"2025-12-15T08:06:07","modified_gmt":"2025-12-15T08:06:07","slug":"brudd-for-dennis-poppe-thorsen","status":"publish","type":"post","link":"https:\/\/www.europesays.com\/no\/113550\/","title":{"rendered":"Brudd for Dennis Poppe Thorsen"},"content":{"rendered":"<p>Dennis Poppe Thorsen (33) og kj\u00e6resten Helene har g\u00e5tt hver til sitt. Det bekrefter han i et innlegg p\u00e5 <a href=\"https:\/\/www.instagram.com\/p\/DSRn3CwDC6B\/?img_index=1\" target=\"_blank\" rel=\"nofollow noopener\">Instagram<\/a>.<\/p>\n<p class=\"bold m-bold\" data-lab-font_weight=\"bold\">\u2013 Jeg har delt noen av de fineste \u00f8yeblikkene i livet mitt sammen med deg. Og n\u00e5 har vi valgt \u00e5 g\u00e5 fra hverandre. Ikke i konflikt og ikke i bitterhet. Bare med respekt takknemlighet og omsorg, skriver han under flere bilder av de to sammen.\u00a0<\/p>\n<p data-lab-font_weight=\"\">Til tross for brudd er paret n\u00e5 p\u00e5 vei til Thailand sammen.<\/p>\n<p data-lab-font_weight=\"\">\u2013 Vi er bestevenner og avslutter med stil i Thailand. Sitter p\u00e5 flyet n\u00e5, skriver TV-profilen i en SMS til TV 2.\u00a0<\/p>\n<p>Poppe Thorsen\u00a0<a href=\"https:\/\/www.tv2.no\/underholdning\/god-kveld-norge\/dennis-poppe-thorsen-bekrefter-ny-flamme\/15830646\/\" target=\"_blank\" rel=\"nofollow noopener\">bekreftet forholdet i 2023<\/a>. Paret\u00a0m\u00f8ttes gjennom felles venner. <\/p>\n<p>\u2013 Jeg har funnet en jente som er min trygge havn, jeg har en ro i kroppen og er klar for et eventyr, fortalte han den gang.\u00a0<\/p>\n<p>Poppe Thorsen ble f\u00f8rst kjent gjennom \u00abParadise Hotel\u00bb i 2012. Her fant han kj\u00e6rligheten med influenser Kristin Gjelsvik og sammen fikk de s\u00f8nnen Falk i 2019. Paret gikk hver til sitt i 2022.\u00a0<\/p>\n<p><script async src=\"\/\/www.instagram.com\/embed.js\"><\/script><\/p>\n","protected":false},"excerpt":{"rendered":"Dennis Poppe Thorsen (33) og kj\u00e6resten Helene har g\u00e5tt hver til sitt. Det bekrefter han i et innlegg&hellip;\n","protected":false},"author":2,"featured_media":113551,"comment_status":"","ping_status":"","sticky":false,"template":"","format":"standard","meta":{"footnotes":""},"categories":[12],"tags":[20,21,24,25,15,22,23,13,30,28,29,14,16,26,27,42,43,44,45],"class_list":{"0":"post-113550","1":"post","2":"type-post","3":"status-publish","4":"format-standard","5":"has-post-thumbnail","7":"category-verden","8":"tag-breaking-news","9":"tag-breakingnews","10":"tag-featured-news","11":"tag-featurednews","12":"tag-headlines","13":"tag-latest-news","14":"tag-latestnews","15":"tag-news","16":"tag-no","17":"tag-norge","18":"tag-norway","19":"tag-nyheter","20":"tag-overskrifter","21":"tag-top-stories","22":"tag-topstories","23":"tag-verden","24":"tag-world","25":"tag-world-news","26":"tag-worldnews"},"share_on_mastodon":{"url":"https:\/\/pubeurope.com\/@no\/115722556838676667","error":""},"_links":{"self":[{"href":"https:\/\/www.europesays.com\/no\/wp-json\/wp\/v2\/posts\/113550","targetHints":{"allow":["GET"]}}],"collection":[{"href":"https:\/\/www.europesays.com\/no\/wp-json\/wp\/v2\/posts"}],"about":[{"href":"https:\/\/www.europesays.com\/no\/wp-json\/wp\/v2\/types\/post"}],"author":[{"embeddable":true,"href":"https:\/\/www.europesays.com\/no\/wp-json\/wp\/v2\/users\/2"}],"replies":[{"embeddable":true,"href":"https:\/\/www.europesays.com\/no\/wp-json\/wp\/v2\/comments?post=113550"}],"version-history":[{"count":0,"href":"https:\/\/www.europesays.com\/no\/wp-json\/wp\/v2\/posts\/113550\/revisions"}],"wp:featuredmedia":[{"embeddable":true,"href":"https:\/\/www.europesays.com\/no\/wp-json\/wp\/v2\/media\/113551"}],"wp:attachment":[{"href":"https:\/\/www.europesays.com\/no\/wp-json\/wp\/v2\/media?parent=113550"}],"wp:term":[{"taxonomy":"category","embeddable":true,"href":"https:\/\/www.europesays.com\/no\/wp-json\/wp\/v2\/categories?post=113550"},{"taxonomy":"post_tag","embeddable":true,"href":"https:\/\/www.europesays.com\/no\/wp-json\/wp\/v2\/tags?post=113550"}],"curies":[{"name":"wp","href":"https:\/\/api.w.org\/{rel}","templated":true}]}}