{"id":113559,"date":"2025-12-15T08:26:13","date_gmt":"2025-12-15T08:26:13","guid":{"rendered":"https:\/\/www.europesays.com\/no\/113559\/"},"modified":"2025-12-15T08:26:13","modified_gmt":"2025-12-15T08:26:13","slug":"krisestab-i-sogndal-pa-grunn-av-hoy-vannstand","status":"publish","type":"post","link":"https:\/\/www.europesays.com\/no\/113559\/","title":{"rendered":"Krisestab i Sogndal p\u00e5 grunn av h\u00f8y vannstand"},"content":{"rendered":"\n<p class=\"_lead_o9xde_2 _lead_xtcu6_50 layout-component text-serif-m layout-normal text-serif-l layout-component layout-wide layout-padded _wide_17hqh_1 layout-padded\">Det har kommet mye regn i l\u00f8pet av natten, som vil fortsette utover dagen. <\/p>\n<p><img alt=\"Mandag morgen utenfor r\u00e5dhuset p\u00e5 Haua i Rogaland. Foto: Viktor V. St\u00f8le\" class=\"_image_qp4xg_65 layout-component layout-wide\" data-fullscreen- data-track-element-type=\"Article image fullscreen\" data-track-name=\"ImageFullscreen\" fetchpriority=\"high\" decoding=\"sync\" loading=\"eager\" height=\"2827\" itemprop=\"image\"  src=\"https:\/\/www.europesays.com\/no\/wp-content\/uploads\/2025\/12\/f41b9dcd-31f2-44b4-a513-dbb53393665b\"  style=\"object-position:0% 0%\" width=\"3769\"\/>Mandag morgen utenfor r\u00e5dhuset p\u00e5 Haua i Rogaland. Foto: Viktor V. St\u00f8le<\/p>\n<ul aria-hidden=\"true\" class=\"_images_ntbth_112\">\n<li><a class=\"_link_ntbth_117\" href=\"https:\/\/www.vg.no\/forfatter\/svanhild-boee\" style=\"z-index:1\" title=\"Svanhild B\u00f8e\" rel=\"nofollow noopener\" target=\"_blank\"><img alt=\"Bilde av Svanhild B\u00f8e\" class=\"_image_ntbth_93\" fetchpriority=\"low\" loading=\"lazy\" decoding=\"async\" itemprop=\"image\"  src=\"https:\/\/www.europesays.com\/no\/wp-content\/uploads\/2025\/12\/2c6a983e-8ef8-4c60-8e5a-75c7e7bc3314\"  width=\"480\"\/><\/a><\/li>\n<\/ul>\n<p> Oppdatert mandag 15. desember kl. 09:22     <\/p>\n<p class=\"_paragraph_o9xde_4 _paragraph_xtcu6_10 layout-component text-serif-m layout-normal text-serif-m layout-padded\"><a href=\"https:\/\/www.vg.no\/tag\/sokndal?utm_source=vg-article&amp;utm_medium=auto-tagger&amp;utm_campaign=xrR2XB\" class=\"_link_o9xde_39\" rel=\"nofollow noopener\" target=\"_blank\">Sokndal<\/a> kommune har satt krisestab p\u00e5 grunn av flomflomFlom er n\u00e5r\u00a0vannstanden\u00a0i\u00a0innsj\u00f8er\u00a0og\u00a0elver\u00a0g\u00e5r ut over det normale og f\u00f8rer til at vannet kommer ut over omr\u00e5der som vanligvis er t\u00f8rre. Kilde:SNL. <\/p>\n<p class=\"_paragraph_o9xde_4 _paragraph_xtcu6_10 layout-component text-serif-m layout-normal text-serif-m layout-padded\">\u2013 Det er mye regn. S\u00e5 er det det en utfordring med at det er meldt mer regn ogs\u00e5, sier ordf\u00f8rer Bj\u00f8rn-Inge Mydland til VG. <\/p>\n<p class=\"_paragraph_o9xde_4 _paragraph_xtcu6_10 layout-component text-serif-m layout-normal text-serif-m layout-padded\">Vi m\u00e5 tenke frem p\u00e5 hva som skjer de neste timene. Vi setter krisestab og ber om at foreldre holder ungene hjemme i dag. Skolen ligger i sentrum som man m\u00e5 holde seg unna i dag. <\/p>\n<p class=\"_paragraph_o9xde_4 _paragraph_xtcu6_10 layout-component text-serif-m layout-normal text-serif-m layout-padded\">Det er bare to uker siden forrige runde meg flomproblemer i kommunen. Mydland mener mye kunne v\u00e6rt l\u00f8st med en flomtunnel. <\/p>\n<p class=\"_paragraph_o9xde_4 _paragraph_xtcu6_10 layout-component text-serif-m layout-normal text-serif-m layout-padded\">\u2013 Det er mye kjellere med vann og mange veier er stengt. Men det hjelper med dagslyset som kommer n\u00e5. Hvor galt det blir til slutt, vet vi ikke, men det regner fremdeles, sier Mydland. <\/p>\n<p class=\"_paragraph_o9xde_4 _paragraph_xtcu6_10 layout-component text-serif-m layout-normal text-serif-m layout-padded\">Mange nedb\u00f8rsm\u00e5lere i omr\u00e5det viser rundt 50 millimeter regn siste 24 timer. <\/p>\n<p class=\"_paragraph_o9xde_4 _paragraph_xtcu6_10 layout-component text-serif-m layout-normal text-serif-m layout-padded\">Teknisk sjef i Sokndal kommune, Dagfinn Mydland, forteller til NRK at det alt er mye vann i sentrum p\u00e5 Haua i morgentimene i dag. <\/p>\n<p>    &#13;<br \/>\n        &#13;<br \/>\n        <img decoding=\"async\" class=\"pent-widget mobileImg\" src=\"https:\/\/www.europesays.com\/no\/wp-content\/uploads\/2025\/11\/pentWidgetMobil.png\" alt=\"\"\/>       &#13;<\/p>\n<p>        Sjekk v\u00e6ret der du er<\/p>\n<p><b>Pent.no<\/b> sammenligner <br \/>v\u00e6rmeldingene fra <b>Yr<\/b> og <b>Storm<\/b><\/p>\n<p>Rettelse<\/p>\n<p class=\"_paragraph_o9xde_4\">VG skrev f\u00f8rst at krisestaben var satt i Sogndal. Det er feil. Rettelsen ble gjort 08.03 15.12.2025. <\/p>\n<p>    <img decoding=\"async\" alt=\"Tips oss illustrasjon\" src=\"https:\/\/www.europesays.com\/no\/wp-content\/uploads\/2025\/10\/pssst-small.webp.webp\"\/>    <\/p>\n<p class=\"title-serif-s\">Har du tips?<\/p>\n<p class=\"text-sans-m\">Send oss informasjon, bilder eller video.<\/p>\n<p>  <a href=\"https:\/\/www.vg.no\/tips-oss\" rel=\"nofollow noopener\" target=\"_blank\"> Tips oss <\/a>      <\/p>\n","protected":false},"excerpt":{"rendered":"Det har kommet mye regn i l\u00f8pet av natten, som vil fortsette utover dagen. Mandag morgen utenfor r\u00e5dhuset&hellip;\n","protected":false},"author":2,"featured_media":113560,"comment_status":"","ping_status":"","sticky":false,"template":"","format":"standard","meta":{"footnotes":""},"categories":[10],"tags":[20,21,24,25,15,5056,22,23,13,30,28,29,14,16,2363,26,27,1917],"class_list":{"0":"post-113559","1":"post","2":"type-post","3":"status-publish","4":"format-standard","5":"has-post-thumbnail","7":"category-norge","8":"tag-breaking-news","9":"tag-breakingnews","10":"tag-featured-news","11":"tag-featurednews","12":"tag-headlines","13":"tag-krisestab","14":"tag-latest-news","15":"tag-latestnews","16":"tag-news","17":"tag-no","18":"tag-norge","19":"tag-norway","20":"tag-nyheter","21":"tag-overskrifter","22":"tag-sokndal","23":"tag-top-stories","24":"tag-topstories","25":"tag-vann"},"share_on_mastodon":{"url":"https:\/\/pubeurope.com\/@no\/115722635625341566","error":""},"_links":{"self":[{"href":"https:\/\/www.europesays.com\/no\/wp-json\/wp\/v2\/posts\/113559","targetHints":{"allow":["GET"]}}],"collection":[{"href":"https:\/\/www.europesays.com\/no\/wp-json\/wp\/v2\/posts"}],"about":[{"href":"https:\/\/www.europesays.com\/no\/wp-json\/wp\/v2\/types\/post"}],"author":[{"embeddable":true,"href":"https:\/\/www.europesays.com\/no\/wp-json\/wp\/v2\/users\/2"}],"replies":[{"embeddable":true,"href":"https:\/\/www.europesays.com\/no\/wp-json\/wp\/v2\/comments?post=113559"}],"version-history":[{"count":0,"href":"https:\/\/www.europesays.com\/no\/wp-json\/wp\/v2\/posts\/113559\/revisions"}],"wp:featuredmedia":[{"embeddable":true,"href":"https:\/\/www.europesays.com\/no\/wp-json\/wp\/v2\/media\/113560"}],"wp:attachment":[{"href":"https:\/\/www.europesays.com\/no\/wp-json\/wp\/v2\/media?parent=113559"}],"wp:term":[{"taxonomy":"category","embeddable":true,"href":"https:\/\/www.europesays.com\/no\/wp-json\/wp\/v2\/categories?post=113559"},{"taxonomy":"post_tag","embeddable":true,"href":"https:\/\/www.europesays.com\/no\/wp-json\/wp\/v2\/tags?post=113559"}],"curies":[{"name":"wp","href":"https:\/\/api.w.org\/{rel}","templated":true}]}}