{"id":113561,"date":"2025-12-15T08:29:13","date_gmt":"2025-12-15T08:29:13","guid":{"rendered":"https:\/\/www.europesays.com\/no\/113561\/"},"modified":"2025-12-15T08:29:13","modified_gmt":"2025-12-15T08:29:13","slug":"prins-harrys-trump-spok-vekker-reaksjoner-pa-colberts-late-show-2","status":"publish","type":"post","link":"https:\/\/www.europesays.com\/no\/113561\/","title":{"rendered":"Prins Harrys Trump-sp\u00f8k vekker reaksjoner p\u00e5 Colberts Late Show"},"content":{"rendered":"<p class=\"kicker \" style=\"\">Prins Harry:<\/p>\n<p>  Prins Harrys konge-sp\u00f8k p\u00e5 TV fikk blandede tilbakemeldinger fra amerikanerne.<\/p>\n<p>\n    SENDTE STIKK: Prins Harry benyttet opptredenen i \u00abLate Show\u00bb til \u00e5 sende et stikk i retning den amerikanske presidenten. Foto: Tayfun Salci\/ZUMA Press Wire\/Shutterstock\/NTB\n  <\/p>\n<p><a href=\"https:\/\/www.seher.no\/kjendis\/pynter-pa-sannheten\/83877024\" rel=\"nofollow noopener\" target=\"_blank\">Prins Harry (41)<\/a> dukket nylig opp i Stephen Colberts (61) \u00abLate Show\u00bb. Der pr\u00f8vde han seg p\u00e5 \u00e5 sende et syrlig stikk i retning president Donald Trump (79), noe som fikk blandede tilbakemeldinger.\u00a0<\/p>\n<p> Flere i salen b\u00e5de hylte og buet etter sp\u00f8ken, skriver\u00a0<a href=\"https:\/\/www.dailymail.co.uk\/news\/article-15351767\/Prince-Harry-Stephen-Colbert-Trump.html\" rel=\"nofollow noopener\" target=\"_blank\">Daily Mail<\/a>. <\/p>\n<p>    <a itemprop=\"url\" href=\"https:\/\/www.seher.no\/kjendis\/ikke-skjedd-pa-20-ar-wow\/83935783\" rel=\"nofollow noopener\" target=\"_blank\"><\/p>\n<p>        <img loading=\"lazy\" decoding=\"async\" src=\"https:\/\/www.europesays.com\/no\/wp-content\/uploads\/2025\/12\/1765787350_18_83935828.webp\" width=\"980\" height=\"441\" title=\"Ikke skjedd p\u00e5 20 \u00e5r: - Wow\" alt=\"\" class=\"lazyload\" style=\"--aspect-ratio-image: 2.22; \"\/><\/p>\n<p>        Ikke skjedd p\u00e5 20 \u00e5r: &#8211; Wow<\/p>\n<p>    <\/a><\/p>\n<p>I stedet for \u00e5 gj\u00f8re et tradisjonelt intervju, deltok prins Harry nemlig i en julesketsj om \u00e5 v\u00e6re prins i en Hallmark-film.<\/p>\n<p>Colbert snakket om trenden med julefilmer med titler som \u00abThe Gingerbread Prince Saves Christmas in a Basket\u00bb, da Harry plutselig kom inn p\u00e5 scenen.<\/p>\n<p>        \u00abUTVIST\u00bb: Prins Andrew er ikke lenger prins og er \u00abutvist\u00bb fra kongefamilien p\u00e5 grunn av sine forbindelser til Jeffrey Epstein. Reporter: Sanne Holt\/ R\u00f8d L\u00f8per. Video: NTB\/ Stella Pictures\/ AFP\/ YouTube\/ BBC\/ Netflix\/ 60Minutes Australia<\/p>\n<p>&#8211; Unnskyld, Stephen? sa prinsen forsiktig, til applaus fra publikum.<\/p>\n<p>Etter at Colbert introduserte ham med full tittel, forklarte Harry at han trodde det var en audition for en julefilm.<\/p>\n<p>    <a itemprop=\"url\" href=\"https:\/\/www.seher.no\/kjendis\/vil-unnga-martha-situasjonen\/83936435\" rel=\"nofollow noopener\" target=\"_blank\"><\/p>\n<p>        <img loading=\"lazy\" decoding=\"async\" src=\"https:\/\/www.europesays.com\/no\/wp-content\/uploads\/2025\/12\/1765787351_59_83936419.webp\" width=\"980\" height=\"441\" title=\"Vil unng\u00e5 \u00abM\u00e4rtha-situasjonen\u00bb\" alt=\"\" class=\"lazyload\" style=\"--aspect-ratio-image: 2.22; \"\/><\/p>\n<p>        Vil unng\u00e5 \u00abM\u00e4rtha-situasjonen\u00bb<\/p>\n<p>    <\/a><\/p>\n<p>&#8211; Dere amerikanere er besatt av julefilmer, og dere er tydeligvis besatt av kongehus, s\u00e5 hvorfor ikke? sa han.<\/p>\n<p>&#8211; Jeg vil ikke si at vi er besatt av kongehus, svarte Colbert.<\/p>\n<p class=\"font-weight-bold m-font-weight-bold\" data-lab-font_weight=\"font-weight-bold\">&#8211; Virkelig? Jeg h\u00f8rte at dere valgte en konge, sp\u00f8kte prinsen.<\/p>\n<p>        <img loading=\"lazy\" decoding=\"async\" src=\"https:\/\/www.europesays.com\/no\/wp-content\/uploads\/2025\/12\/83937360.webp\" width=\"686\" height=\"460\" title=\"PRESIDENTEN: Donald Trump ble offer for et stikk fra prins Harry. Foto: Brian Snyder \/ Reuters \/ NTB\" alt=\"\" class=\"\" style=\"--aspect-ratio-image: 1.49; \"\/><\/p>\n<p>\n        PRESIDENTEN: Donald Trump ble offer for et stikk fra prins Harry. Foto: Brian Snyder \/ Reuters \/ NTB\n    <\/p>\n<p>Donald Trump vant nemlig sitt andre presidentvalg i USA h\u00f8sten 2024. Han tiltr\u00e5dte i januar i \u00e5r, og i februar delte han et bilde av seg selv med kongekrone.<\/p>\n<p>\u00abRUSHTIDSAVGIFTEN ER D\u00d8D. Manhattan og hele New York er reddet. LENGE LEVE KONGEN!\u00bb, heter det i X-innlegget med bildet, som f\u00f8rst ble lagt ut p\u00e5 Trumps Truth Social-konto.\u00a0<\/p>\n<p>        ENDRING: Flere av kongehusets \u00f8vrige medlemmer er ikke \u00e5 finne i skattelistene, men det vil de v\u00e6re til neste \u00e5r. Video: Silja Furset\/ Thea Hope\/ R\u00f8d L\u00f8per<\/p>\n<p>Den britiske prinsens kommentar utl\u00f8ste b\u00e5de hyl og buing fra Colberts publikum.<\/p>\n<p>&#8211; Du har et poeng, innr\u00f8mmet programlederen.<\/p>\n<p>Harry sendte ogs\u00e5 et stikk til CBS, som nylig betalte 36 millioner dollar for \u00e5 l\u00f8se et s\u00f8ksm\u00e5l fra Trump.<\/p>\n<p>    <a itemprop=\"url\" href=\"https:\/\/www.seher.no\/kjendis\/skikkelig-god-med-folk\/83931133\" rel=\"nofollow noopener\" target=\"_blank\"><\/p>\n<p>        <img loading=\"lazy\" decoding=\"async\" src=\"https:\/\/www.europesays.com\/no\/wp-content\/uploads\/2025\/12\/1765787353_104_83931161.webp\" width=\"980\" height=\"441\" title=\"- Skikkelig god med folk\" alt=\"\" class=\"lazyload\" style=\"--aspect-ratio-image: 2.22; \"\/><\/p>\n<p>        &#8211; Skikkelig god med folk<\/p>\n<p>    <\/a><\/p>\n<p>&#8211; Jeg gj\u00f8r hva som helst. Jeg flyr meg selv til en audition, l\u00f8ser et grunnl\u00f8st s\u00f8ksm\u00e5l med Det hvite hus &#8211; alle tingene dere folk p\u00e5 TV gj\u00f8r, sa prinsen.<\/p>\n<p>&#8211; Jeg gjorde ikke det, poengterte Colbert.<\/p>\n<p class=\"font-weight-bold m-font-weight-bold\" data-lab-font_weight=\"font-weight-bold\">&#8211; Kanskje det er derfor du ble kansellert, kontret Harry, til stor applaus.<\/p>\n<p>        OVER: Se og H\u00f8r erfarer at forholdet mellom prins Sverre Magnus og Amalie Gi\u00e6ver Macleod er over. Foto: NTB \/ Andreas Fadum \/ Se og H\u00f8r \/\/ Reporter og klipp: Elise Violeta Ness Aksnes<\/p>\n<p>I sommer kunngjorde CBS slutten for Stephen Colberts\u00a0\u00abLate Show\u00bb, og begrunnet valget med \u00f8konomi. Siste sesong avsluttes i mai 2026.<\/p>\n<p>Kona, hertuginne Meghan (44) var ikke til stede under talkshowet. Verken hun eller Harry nevnte at <a href=\"https:\/\/www.seher.no\/kongelig\/innlagt-etter-hasteoperasjon\/83936776\" rel=\"nofollow noopener\" target=\"_blank\">Meghans far samme dag ble innlagt p\u00e5 intensivavdelingen<\/a> etter en akutt operasjon.\u00a0<\/p>\n","protected":false},"excerpt":{"rendered":"Prins Harry: Prins Harrys konge-sp\u00f8k p\u00e5 TV fikk blandede tilbakemeldinger fra amerikanerne. SENDTE STIKK: Prins Harry benyttet opptredenen&hellip;\n","protected":false},"author":2,"featured_media":113562,"comment_status":"","ping_status":"","sticky":false,"template":"","format":"standard","meta":{"footnotes":""},"categories":[58],"tags":[1893,55,71,2543,76,30,28,29,75,6595,72],"class_list":{"0":"post-113561","1":"post","2":"type-post","3":"status-publish","4":"format-standard","5":"has-post-thumbnail","7":"category-underholdning","8":"tag-det-britiske-kongehuset","9":"tag-donald-trump","10":"tag-entertainment","11":"tag-kjendisdesken","12":"tag-kongelig","13":"tag-no","14":"tag-norge","15":"tag-norway","16":"tag-prins-harry","17":"tag-stephen-colbert","18":"tag-underholdning"},"share_on_mastodon":{"url":"https:\/\/pubeurope.com\/@no\/115722647549615505","error":""},"_links":{"self":[{"href":"https:\/\/www.europesays.com\/no\/wp-json\/wp\/v2\/posts\/113561","targetHints":{"allow":["GET"]}}],"collection":[{"href":"https:\/\/www.europesays.com\/no\/wp-json\/wp\/v2\/posts"}],"about":[{"href":"https:\/\/www.europesays.com\/no\/wp-json\/wp\/v2\/types\/post"}],"author":[{"embeddable":true,"href":"https:\/\/www.europesays.com\/no\/wp-json\/wp\/v2\/users\/2"}],"replies":[{"embeddable":true,"href":"https:\/\/www.europesays.com\/no\/wp-json\/wp\/v2\/comments?post=113561"}],"version-history":[{"count":0,"href":"https:\/\/www.europesays.com\/no\/wp-json\/wp\/v2\/posts\/113561\/revisions"}],"wp:featuredmedia":[{"embeddable":true,"href":"https:\/\/www.europesays.com\/no\/wp-json\/wp\/v2\/media\/113562"}],"wp:attachment":[{"href":"https:\/\/www.europesays.com\/no\/wp-json\/wp\/v2\/media?parent=113561"}],"wp:term":[{"taxonomy":"category","embeddable":true,"href":"https:\/\/www.europesays.com\/no\/wp-json\/wp\/v2\/categories?post=113561"},{"taxonomy":"post_tag","embeddable":true,"href":"https:\/\/www.europesays.com\/no\/wp-json\/wp\/v2\/tags?post=113561"}],"curies":[{"name":"wp","href":"https:\/\/api.w.org\/{rel}","templated":true}]}}