{"id":113566,"date":"2025-12-15T08:38:07","date_gmt":"2025-12-15T08:38:07","guid":{"rendered":"https:\/\/www.europesays.com\/no\/113566\/"},"modified":"2025-12-15T08:38:07","modified_gmt":"2025-12-15T08:38:07","slug":"vaert-veldig-veldig-god","status":"publish","type":"post","link":"https:\/\/www.europesays.com\/no\/113566\/","title":{"rendered":"\u2013 V\u00e6rt veldig, veldig god"},"content":{"rendered":"\n<p class=\"_lead_o9xde_2 _lead_xtcu6_50 layout-component text-serif-m layout-normal text-serif-l layout-component layout-wide layout-padded _wide_17hqh_1 layout-padded\">En stolt Ronny Deila var p\u00e5 plass og s\u00e5 tvillingd\u00f8trene vinne VM-gull. To m\u00e5neder etter sin siste trenerjobb nyter fotballprofilen \u00e5 ha mer tid til familien.<\/p>\n<p><img alt=\"HEIET: Pappa Ronny Deila og mamma Bj\u00f8rgunn Rushfeldt var til stede i Rotterdam og s\u00e5 d\u00f8trene spille finale. Her med Live etter finalen. Foto: Bj\u00f8rn S. Delebekk \/ VG\" class=\"_image_qp4xg_65 layout-component layout-wide\" data-fullscreen- data-track-element-type=\"Article image fullscreen\" data-track-name=\"ImageFullscreen\" fetchpriority=\"high\" decoding=\"sync\" loading=\"eager\" height=\"4913\" itemprop=\"image\"  src=\"https:\/\/www.europesays.com\/no\/wp-content\/uploads\/2025\/12\/7bec77d4-feb4-4e98-b582-aefda1036b13\"  style=\"object-position:0% 0%\" width=\"7150\"\/>HEIET: Pappa Ronny Deila og mamma Bj\u00f8rgunn Rushfeldt var til stede i Rotterdam og s\u00e5 d\u00f8trene spille finale. Her med Live etter finalen. Foto: Bj\u00f8rn S. Delebekk \/ VGRotterdam Oppdatert mandag 15. desember kl. 09:37    <\/p>\n<ul class=\"_list_o9xde_3 _list_64s2r_85 _unordered_o9xde_106 text-sans-m\">\n<li class=\"_item_o9xde_30\">Ronny Deila er stolt pappa etter at tvillingd\u00f8trene Thale og Live vant VM-gull i h\u00e5ndball.<\/li>\n<li class=\"_item_o9xde_30\">Thale har hatt et spesielt godt mesterskap<\/li>\n<li class=\"_item_o9xde_30\">N\u00e5 nyter Ronny mer tid med familien etter \u00e5 ha avsluttet trenerjobben i Atlanta United.<\/li>\n<\/ul>\n<p>Vis mer <\/p>\n<p class=\"_paragraph_o9xde_4 _paragraph_xtcu6_10 layout-component text-serif-m layout-normal text-serif-m layout-padded\">\u2013 Jeg synes det var veldig bra kamp. Jevnt to gode forsvar og dommerne satte standarden h\u00f8yt. Jeg var usikker p\u00e5 19-19, da tenkte jeg at dette kan g\u00e5 galt. Men da viser de ogs\u00e5 rutinen og kulturen de har i laget, sier Ronny Deila til VG.<\/p>\n<p class=\"_paragraph_o9xde_4 _paragraph_xtcu6_10 layout-component text-serif-m layout-normal text-serif-m layout-padded\">Den kjente fotballtreneren dukket opp b\u00e5de p\u00e5 selve finalekampen mellom Norge og Tyskland og p\u00e5 banketten etterp\u00e5. <\/p>\n<p><img alt=\"DOBBEL DEILA: Thale og Live Rushfeldt Deila med VM-trofeet.  Foto: Beate Oma Dahle \/ NTB\" class=\"_image_qp4xg_65 layout-component layout-normal\" data-fullscreen- data-track-element-type=\"Article image fullscreen\" data-track-name=\"ImageFullscreen\" decoding=\"async\" loading=\"lazy\" height=\"5429\" itemprop=\"image\"  src=\"https:\/\/www.europesays.com\/no\/wp-content\/uploads\/2025\/12\/b611084f-b5ad-42bd-8a23-ef16af58cc28\"  style=\"object-position:0% 0%\" width=\"8143\"\/>DOBBEL DEILA: Thale og Live Rushfeldt Deila med VM-trofeet.  Foto: Beate Oma Dahle \/ NTB<\/p>\n<p class=\"_paragraph_o9xde_4 _paragraph_xtcu6_10 layout-component text-serif-m layout-normal text-serif-m layout-padded\">Der feiret h\u00e5ndballjentene gullet etter <a href=\"https:\/\/www.vg.no\/sport\/i\/oERbMK\/legendens-siste-vm-triumf-takk-gud-for-katrine-lunde\" data-track-element-type=\"Link\" data-track-id=\"link:oERbMK\" class=\"_link_o9xde_39\" rel=\"nofollow noopener\" target=\"_blank\">23\u201320 mot tyskerne<\/a> \u2013 og sang \u00abWe are the champions\u00bb av full hals.<\/p>\n<p class=\"_paragraph_o9xde_4 _paragraph_xtcu6_10 layout-component text-serif-m layout-normal text-serif-m layout-padded\">Ronny Deila er faren til to av gulljentene \u2013 Thale og Live Rushfeldt Deila. <\/p>\n<p class=\"_paragraph_o9xde_4 _paragraph_xtcu6_10 layout-component text-serif-m layout-normal text-serif-m layout-padded\">Spesielt Thale har hatt et sterkt mesterskap, der hun fikk sv\u00e6rt mye spilletid og var helt sentral i \u00e5 sikre gullet.<\/p>\n<p class=\"_paragraph_o9xde_4 _paragraph_xtcu6_10 layout-component text-serif-m layout-normal text-serif-m layout-padded\">\u2013 Hun har v\u00e6rt veldig, veldig god \u2013 og hun har v\u00e6rt veldig god p\u00e5 klubblaget i lang tid n\u00e5, s\u00e5 jeg er ikke s\u00e5 overrasket. Hun har tatt steg hver \u00e5r og n\u00e5 er hun blitt en veldig viktig del av landslaget, og det er moro \u00e5 se, roser pappaen, som selv var en del av det norske fotballandslaget i mange \u00e5r. <\/p>\n<p class=\"_paragraph_o9xde_4 _paragraph_xtcu6_10 layout-component text-serif-m layout-normal text-serif-m layout-padded\">I dag er han en erfaren fotballtrener \u2013 og pappa Deila roser h\u00e5ndballandslagets nye sjef OIe Gustav Gjekstad for jobben han har gjort etter \u00e5 ha tatt over for Thorir Hergeirsson.<\/p>\n<p><img alt=\"F\u00c5R ROS: Norge-trener Ole Gustav Gjekstad med samboeren Katrine H\u00f8yland.  Foto: Bj\u00f8rn S. Delebekk \/ VG\" class=\"_image_qp4xg_65 layout-component layout-normal\" data-fullscreen- data-track-element-type=\"Article image fullscreen\" data-track-name=\"ImageFullscreen\" decoding=\"async\" loading=\"lazy\" height=\"5504\" itemprop=\"image\"  src=\"https:\/\/www.europesays.com\/no\/wp-content\/uploads\/2025\/12\/bfc0d1f9-36ab-41e9-acd7-aedd72ecab46\"  style=\"object-position:0% 0%\" width=\"8256\"\/>F\u00c5R ROS: Norge-trener Ole Gustav Gjekstad med samboeren Katrine H\u00f8yland.  Foto: Bj\u00f8rn S. Delebekk \/ VG<\/p>\n<p class=\"_paragraph_o9xde_4 _paragraph_xtcu6_10 layout-component text-serif-m layout-normal text-serif-m layout-padded\">\u2013 Det er helt r\u00e5tt. Det er blitt gjort en god jobb her i \u00e5rene f\u00f8r, men han har tatt enda et nytt steg \u2013 og det er ikke lett n\u00e5r du kommer inn s\u00e5nn. Han har skapt bare en enda mer homogen og sammenspilt gjeng, mener Deila.<\/p>\n<p class=\"_paragraph_o9xde_4 _paragraph_xtcu6_10 layout-component text-serif-m layout-normal text-serif-m layout-padded\">Norge gikk ubeseiret gjennom VM. Gjekstads mannskap vant de ni kampene med i snitt 14,3 m\u00e5l. S\u00e5 suverene har Norge aldri v\u00e6rt f\u00f8r.<\/p>\n<ul class=\"_gallery_1qa3s_23\" tabindex=\"0\">\n<li class=\"_item_1qa3s_37\" data-index=\"0\"><img decoding=\"async\" class=\"_image_foru8_23 _articleGallery_foru8_39\" data-fullscreen- width=\"7183\" height=\"4894\" itemprop=\"image\" loading=\"lazy\"  src=\"https:\/\/www.europesays.com\/no\/wp-content\/uploads\/2025\/12\/50805266-e689-461c-8ccf-1ef7ea9ac0a6\"  style=\"object-position:50% 50%;aspect-ratio:var(--gallery-aspect-ratio, 16 \/ 9)\"\/>Foto: Bj\u00f8rn S. Delebekk \/ VG<\/li>\n<li class=\"_item_1qa3s_37\" data-index=\"1\"><img decoding=\"async\" class=\"_image_foru8_23 _articleGallery_foru8_39\" data-fullscreen- width=\"6373\" height=\"4512\" itemprop=\"image\" loading=\"lazy\"  src=\"https:\/\/www.europesays.com\/no\/wp-content\/uploads\/2025\/12\/93301777-82ee-4c73-90a1-854e8290ab9c\"  style=\"object-position:50% 50%;aspect-ratio:var(--gallery-aspect-ratio, 16 \/ 9)\"\/>Foto: Bj\u00f8rn S. Delebekk \/ VG<\/li>\n<li class=\"_item_1qa3s_37\" data-index=\"2\"><img decoding=\"async\" class=\"_image_foru8_23 _articleGallery_foru8_39\" data-fullscreen- width=\"6400\" height=\"4272\" itemprop=\"image\" loading=\"lazy\"  src=\"https:\/\/www.europesays.com\/no\/wp-content\/uploads\/2025\/12\/6f700dd1-8163-474b-8b07-5506902c1945\"  style=\"object-position:50% 50%;aspect-ratio:var(--gallery-aspect-ratio, 16 \/ 9)\"\/>Foto: Bj\u00f8rn S. Delebekk \/ VG<\/li>\n<li class=\"_item_1qa3s_37\" data-index=\"3\"><img decoding=\"async\" class=\"_image_foru8_23 _articleGallery_foru8_39\" data-fullscreen- width=\"8256\" height=\"5504\" itemprop=\"image\" loading=\"lazy\"  src=\"https:\/\/www.europesays.com\/no\/wp-content\/uploads\/2025\/12\/cac6e7b2-3544-4278-95bf-6c4344c5d5b1\"  style=\"object-position:50% 50%;aspect-ratio:var(--gallery-aspect-ratio, 16 \/ 9)\"\/>Foto: Bj\u00f8rn S. Delebekk \/ VG<\/li>\n<\/ul>\n<p>Foto: Bj\u00f8rn S. Delebekk \/ VG<\/p>\n<p class=\"_paragraph_o9xde_4 _paragraph_xtcu6_10 layout-component text-serif-m layout-normal text-serif-m layout-padded\">\u2013 De m\u00e5 bli bedre hele tiden og de setter hele tiden nye standarder. Men gj\u00f8r de ikke det, er det fort noen som g\u00e5r forbi dem. Det er flere p\u00e5 laget som er i slutten av karrieren og de trenger noen unge spillere som kommer opp, sier Deila. <\/p>\n<p class=\"_paragraph_o9xde_4 _paragraph_xtcu6_10 layout-component text-serif-m layout-normal text-serif-m layout-padded\">Thale Rushfeldt Deila spiller i danske Odense, men etter sesongen drar hun videre til ungarske Gy\u00f6r, verdens beste klubblag p\u00e5 damesiden. <\/p>\n<p class=\"_paragraph_o9xde_4 _paragraph_xtcu6_10 layout-component text-serif-m layout-normal text-serif-m layout-padded\">S\u00f8steren Live spiller i danske Esbjerg sammen med blant andre Nora M\u00f8rk og Henny Reistad.<\/p>\n<p class=\"_paragraph_o9xde_4 _paragraph_xtcu6_10 layout-component text-serif-m layout-normal text-serif-m layout-padded\">Ronny Deila har mer eller mindre trent ulike fotballag non stop siden 2008, men de to siste m\u00e5nedene har han v\u00e6rt arbeidsledig etter \u00e5 ha blitt avskjediget i MLS-klubben Atlanta United. <\/p>\n<p><img alt=\"FIKK SPARKEN: Ronny Deila under tiden i MLS.   Foto: Dale Zanine \/ Reuters \/ NTB\" class=\"_image_qp4xg_65 layout-component layout-normal\" data-fullscreen- data-track-element-type=\"Article image fullscreen\" data-track-name=\"ImageFullscreen\" decoding=\"async\" loading=\"lazy\" height=\"1564\" itemprop=\"image\"  src=\"https:\/\/www.europesays.com\/no\/wp-content\/uploads\/2025\/12\/9e577ec3-aede-4335-8f79-1d32fb48c59a\"  style=\"object-position:0% 0%\" width=\"2339\"\/>FIKK SPARKEN: Ronny Deila under tiden i MLS.   Foto: Dale Zanine \/ Reuters \/ NTB<\/p>\n<p class=\"_paragraph_o9xde_4 _paragraph_xtcu6_10 layout-component text-serif-m layout-normal text-serif-m layout-padded\">Deila hadde kontrakt til og med 2027-sesongen, men samarbeidet var over etter \u00e9n sesong. <\/p>\n<p class=\"_paragraph_o9xde_4 _paragraph_xtcu6_10 layout-component text-serif-m layout-normal text-serif-m layout-padded\">Under telemarkingen hadde Atlanta United sin verste seriestart siden Georgia-klubben begynte \u00e5 spille MLS-fotball i 2017.<\/p>\n<p class=\"_paragraph_o9xde_4 _paragraph_xtcu6_10 layout-component text-serif-m layout-normal text-serif-m layout-padded\">Motgangen kom selv om profiler som Emmanuel Latte Lath og Miguel Almir\u00f3n ble hentet f\u00f8r sesongen.<\/p>\n<p class=\"_paragraph_o9xde_4 _paragraph_xtcu6_10 layout-component text-serif-m layout-normal text-serif-m layout-padded\">Deila svarer \u00abnei\u00bb p\u00e5 VGs sp\u00f8rsm\u00e5l om det er noen nye trenerjobber i sikte.<\/p>\n<p class=\"_paragraph_o9xde_4 _paragraph_xtcu6_10 layout-component text-serif-m layout-normal text-serif-m layout-padded\">\u2013 N\u00e5 er jeg bare tilskuer og pappa. Det er deilig, sier han, og utdyper: <\/p>\n<p class=\"_paragraph_o9xde_4 _paragraph_xtcu6_10 layout-component text-serif-m layout-normal text-serif-m layout-padded\">\u2013 I fotballen g\u00e5r det s\u00e5 fort og det er umulig \u00e5 vite noe. Akkurat n\u00e5 har jeg mer tid, og det er fint \u00e5 nyte det med familien.<\/p>\n<p class=\"_paragraph_o9xde_4 _paragraph_xtcu6_10 layout-component text-serif-m layout-normal text-serif-m layout-padded\">H\u00e5ndballandslaget og deres st\u00f8ttespillere feiret gullet med bankett inn i de sene nattetimene i Rotterdam. Pappa Deila og flere andre st\u00f8ttespillere fikk v\u00e6re med. <\/p>\n<p class=\"_paragraph_o9xde_4 _paragraph_xtcu6_10 layout-component text-serif-m layout-normal text-serif-m layout-padded\">Thale Rushfeldt Deila gjorde seg bemerket i VM med sv\u00e6rt akrobatiske scoringer:<\/p>\n<p class=\"_paragraph_o9xde_4 _paragraph_xtcu6_10 layout-component text-serif-m layout-normal text-serif-m layout-padded\">\u2013 Hvordan er det \u00e5 ha mer tid til slike ting?<\/p>\n<p class=\"_paragraph_o9xde_4 _paragraph_xtcu6_10 layout-component text-serif-m layout-normal text-serif-m layout-padded\">\u2013 Det er veldig uvant. Jeg har litt abstinenser. Jeg er litt avhengig av den eksamenen hver s\u00f8ndag klokken seks, innr\u00f8mmer Ronny Deila. <\/p>\n<p class=\"_paragraph_o9xde_4 _paragraph_xtcu6_10 layout-component text-serif-m layout-normal text-serif-m layout-padded\">\u2013 Men jeg har godt av litt avstand, og \u00e5 f\u00e5 reflektert og fornyet meg litt n\u00e5.<\/p>\n","protected":false},"excerpt":{"rendered":"En stolt Ronny Deila var p\u00e5 plass og s\u00e5 tvillingd\u00f8trene vinne VM-gull. To m\u00e5neder etter sin siste trenerjobb&hellip;\n","protected":false},"author":2,"featured_media":113567,"comment_status":"","ping_status":"","sticky":false,"template":"","format":"standard","meta":{"footnotes":""},"categories":[5],"tags":[20,21,24,25,15,19,1528,22,23,13837,17,18,13,30,28,29,14,16,2172,26,27],"class_list":{"0":"post-113566","1":"post","2":"type-post","3":"status-publish","4":"format-standard","5":"has-post-thumbnail","7":"category-overskrifter","8":"tag-breaking-news","9":"tag-breakingnews","10":"tag-featured-news","11":"tag-featurednews","12":"tag-headlines","13":"tag-hovedoppslag","14":"tag-kvinnelandslaget-handball","15":"tag-latest-news","16":"tag-latestnews","17":"tag-live-rushfeldt-deila","18":"tag-main-news","19":"tag-mainnews","20":"tag-news","21":"tag-no","22":"tag-norge","23":"tag-norway","24":"tag-nyheter","25":"tag-overskrifter","26":"tag-ronny-deila","27":"tag-top-stories","28":"tag-topstories"},"share_on_mastodon":{"url":"https:\/\/pubeurope.com\/@no\/115722683000247356","error":""},"_links":{"self":[{"href":"https:\/\/www.europesays.com\/no\/wp-json\/wp\/v2\/posts\/113566","targetHints":{"allow":["GET"]}}],"collection":[{"href":"https:\/\/www.europesays.com\/no\/wp-json\/wp\/v2\/posts"}],"about":[{"href":"https:\/\/www.europesays.com\/no\/wp-json\/wp\/v2\/types\/post"}],"author":[{"embeddable":true,"href":"https:\/\/www.europesays.com\/no\/wp-json\/wp\/v2\/users\/2"}],"replies":[{"embeddable":true,"href":"https:\/\/www.europesays.com\/no\/wp-json\/wp\/v2\/comments?post=113566"}],"version-history":[{"count":0,"href":"https:\/\/www.europesays.com\/no\/wp-json\/wp\/v2\/posts\/113566\/revisions"}],"wp:featuredmedia":[{"embeddable":true,"href":"https:\/\/www.europesays.com\/no\/wp-json\/wp\/v2\/media\/113567"}],"wp:attachment":[{"href":"https:\/\/www.europesays.com\/no\/wp-json\/wp\/v2\/media?parent=113566"}],"wp:term":[{"taxonomy":"category","embeddable":true,"href":"https:\/\/www.europesays.com\/no\/wp-json\/wp\/v2\/categories?post=113566"},{"taxonomy":"post_tag","embeddable":true,"href":"https:\/\/www.europesays.com\/no\/wp-json\/wp\/v2\/tags?post=113566"}],"curies":[{"name":"wp","href":"https:\/\/api.w.org\/{rel}","templated":true}]}}