{"id":113570,"date":"2025-12-15T08:40:08","date_gmt":"2025-12-15T08:40:08","guid":{"rendered":"https:\/\/www.europesays.com\/no\/113570\/"},"modified":"2025-12-15T08:40:08","modified_gmt":"2025-12-15T08:40:08","slug":"cliff-richard-avslorer-kreftbehandling","status":"publish","type":"post","link":"https:\/\/www.europesays.com\/no\/113570\/","title":{"rendered":"Cliff Richard avsl\u00f8rer kreftbehandling"},"content":{"rendered":"\n<p class=\"_lead_o9xde_2 _lead_xtcu6_50 layout-component text-serif-m layout-normal text-serif-l layout-component layout-wide layout-padded _wide_17hqh_1 layout-padded\">Den 85 \u00e5r gamle sangeren har f\u00e5tt behandling i ett \u00e5r.<\/p>\n<p><img alt=\" Foto: Alberto Pezzali \/ AP \/ NTB\" class=\"_image_qp4xg_65 layout-component layout-wide\" data-fullscreen- data-track-element-type=\"Article image fullscreen\" data-track-name=\"ImageFullscreen\" fetchpriority=\"high\" decoding=\"sync\" loading=\"eager\" height=\"1333\" itemprop=\"image\"  src=\"https:\/\/www.europesays.com\/no\/wp-content\/uploads\/2025\/12\/c8ae7443-7695-4983-a2c3-6f3505b1b0d9\"  style=\"object-position:50.6% 36.90922730682671%\" width=\"2000\"\/> Foto: Alberto Pezzali \/ AP \/ NTB<\/p>\n<ul aria-hidden=\"true\" class=\"_images_ntbth_112\">\n<li><a class=\"_link_ntbth_117\" href=\"https:\/\/www.vg.no\/forfatter\/bastian-lunde-hvitmyhr\" style=\"z-index:1\" title=\"Bastian Lunde Hvitmyhr\" rel=\"nofollow noopener\" target=\"_blank\"><img alt=\"Bilde av Bastian Lunde Hvitmyhr\" class=\"_image_ntbth_93\" fetchpriority=\"low\" loading=\"lazy\" decoding=\"async\" itemprop=\"image\"  src=\"https:\/\/www.europesays.com\/no\/wp-content\/uploads\/2025\/12\/1765788008_481_150baf2c-85af-47f9-b506-d8189e6820a4\"  width=\"480\"\/><\/a><\/li>\n<\/ul>\n<p> Oppdatert mandag 15. desember kl. 09:19     <\/p>\n<p class=\"_paragraph_o9xde_4 _paragraph_xtcu6_10 layout-component text-serif-m layout-normal text-serif-m layout-padded\">Den britiske artisten Cliff Richard har avsl\u00f8rt at han har f\u00e5tt behandling for prostatakreft det siste \u00e5ret.<\/p>\n<p class=\"_paragraph_o9xde_4 _paragraph_xtcu6_10 layout-component text-serif-m layout-normal text-serif-m layout-padded\">Den 85 \u00e5r gamle sangeren fortalte om diagnosen i et intervju med Good Morning Britain, melder<a href=\"https:\/\/www.theguardian.com\/music\/2025\/dec\/15\/cliff-richard-prostate-cancer-treatment-screening-king-charles\" class=\"_link_o9xde_39\" rel=\"nofollow noopener\" target=\"_blank\"> The Guardian<\/a>.<\/p>\n<p class=\"_paragraph_o9xde_4 _paragraph_xtcu6_10 layout-component text-serif-m layout-normal text-serif-m layout-padded\">\u2013 Kreften er borte for \u00f8yeblikket. Jeg vet ikke om den kommer tilbake. Du kan ikke vite med slike ting, sa Richard.<\/p>\n<p class=\"_paragraph_o9xde_4 _paragraph_xtcu6_10 layout-component text-serif-m layout-normal text-serif-m layout-padded\">Han oppfordrer andre til \u00e5 sjekke seg.<\/p>\n<p class=\"_paragraph_o9xde_4 _paragraph_xtcu6_10 layout-component text-serif-m layout-normal layout-padded\"><strong class=\"_strong_o9xde_25\">Les ogs\u00e5:<\/strong> <a href=\"https:\/\/www.vg.no\/i\/2GJ2dG\" data-track-element-type=\"Link\" data-track-id=\"link:2GJ2dG\" class=\"_link_o9xde_39\" rel=\"nofollow noopener\" target=\"_blank\">Cliff Richard f\u00e5r 22 millioner kroner i erstatning fra BBC<\/a><\/p>\n<p class=\"_paragraph_o9xde_4 _paragraph_xtcu6_10 layout-component text-serif-m layout-normal text-serif-m layout-padded\">Den 85 \u00e5r gamle artisten er kjent for hits som \u00abThe Young Ones\u00bb og \u00abSummer Holiday\u00bb.<\/p>\n<p class=\"_paragraph_o9xde_4 _paragraph_xtcu6_10 layout-component text-serif-m layout-normal text-serif-m layout-padded\">Kreften ble oppdaget under en helsesjekk f\u00f8r en turn\u00e9 til Australia og New Zealand. Arrang\u00f8ren krevde forsikring, noe som f\u00f8rte til den medisinske unders\u00f8kelsen.<\/p>\n<p class=\"_paragraph_o9xde_4 _paragraph_xtcu6_10 layout-component text-serif-m layout-normal text-serif-m layout-padded\">\u2013 Det gode var at den ikke var veldig gammel. Ingenting hadde flyttet seg til bein eller noe slikt, forklarte han.<\/p>\n<p class=\"_paragraph_o9xde_4 _paragraph_xtcu6_10 layout-component text-serif-m layout-normal text-serif-m layout-padded\">Richard brukte anledningen til \u00e5 st\u00f8tte krav om nasjonal kreftscreening for menn.<\/p>\n<p>Les ogs\u00e5<\/p>\n","protected":false},"excerpt":{"rendered":"Den 85 \u00e5r gamle sangeren har f\u00e5tt behandling i ett \u00e5r. Foto: Alberto Pezzali \/ AP \/ NTB&hellip;\n","protected":false},"author":2,"featured_media":113571,"comment_status":"","ping_status":"","sticky":false,"template":"","format":"standard","meta":{"footnotes":""},"categories":[58],"tags":[2694,71,30,28,29,11935,72,46],"class_list":{"0":"post-113570","1":"post","2":"type-post","3":"status-publish","4":"format-standard","5":"has-post-thumbnail","7":"category-underholdning","8":"tag-artist","9":"tag-entertainment","10":"tag-no","11":"tag-norge","12":"tag-norway","13":"tag-prostatakreft","14":"tag-underholdning","15":"tag-vgai"},"share_on_mastodon":{"url":"https:\/\/pubeurope.com\/@no\/115722690628705857","error":""},"_links":{"self":[{"href":"https:\/\/www.europesays.com\/no\/wp-json\/wp\/v2\/posts\/113570","targetHints":{"allow":["GET"]}}],"collection":[{"href":"https:\/\/www.europesays.com\/no\/wp-json\/wp\/v2\/posts"}],"about":[{"href":"https:\/\/www.europesays.com\/no\/wp-json\/wp\/v2\/types\/post"}],"author":[{"embeddable":true,"href":"https:\/\/www.europesays.com\/no\/wp-json\/wp\/v2\/users\/2"}],"replies":[{"embeddable":true,"href":"https:\/\/www.europesays.com\/no\/wp-json\/wp\/v2\/comments?post=113570"}],"version-history":[{"count":0,"href":"https:\/\/www.europesays.com\/no\/wp-json\/wp\/v2\/posts\/113570\/revisions"}],"wp:featuredmedia":[{"embeddable":true,"href":"https:\/\/www.europesays.com\/no\/wp-json\/wp\/v2\/media\/113571"}],"wp:attachment":[{"href":"https:\/\/www.europesays.com\/no\/wp-json\/wp\/v2\/media?parent=113570"}],"wp:term":[{"taxonomy":"category","embeddable":true,"href":"https:\/\/www.europesays.com\/no\/wp-json\/wp\/v2\/categories?post=113570"},{"taxonomy":"post_tag","embeddable":true,"href":"https:\/\/www.europesays.com\/no\/wp-json\/wp\/v2\/tags?post=113570"}],"curies":[{"name":"wp","href":"https:\/\/api.w.org\/{rel}","templated":true}]}}