{"id":113572,"date":"2025-12-15T08:43:11","date_gmt":"2025-12-15T08:43:11","guid":{"rendered":"https:\/\/www.europesays.com\/no\/113572\/"},"modified":"2025-12-15T08:43:11","modified_gmt":"2025-12-15T08:43:11","slug":"stor-framdrift-i-samtalene-med-zelenskyj","status":"publish","type":"post","link":"https:\/\/www.europesays.com\/no\/113572\/","title":{"rendered":"Stor framdrift i samtalene med Zelenskyj"},"content":{"rendered":"\n<p class=\"_lead_o9xde_2 _lead_xtcu6_50 layout-component text-serif-m layout-normal text-serif-l layout-component layout-wide layout-padded _wide_17hqh_1 layout-padded\">USAs spesialutsending Steve Witkoff sier det var \u00abstor framgang\u00bb i samtalene med Ukrainas president Volodymyr Zelenskyj s\u00f8ndag.<\/p>\n<p><img alt=\"Ukrainas president, Volodymyr Zelenskyj hilser p\u00e5 USAs spesialutsending Steve Witkoff i Berlin s\u00f8ndag. Foto: Ukrainian Presidential Press Service \/ Reuters \/ NTB\" class=\"_image_qp4xg_65 layout-component layout-wide\" data-fullscreen- data-track-element-type=\"Article image fullscreen\" data-track-name=\"ImageFullscreen\" fetchpriority=\"high\" decoding=\"sync\" loading=\"eager\" height=\"1366\" itemprop=\"image\"  src=\"https:\/\/www.europesays.com\/no\/wp-content\/uploads\/2025\/12\/98e2789c-9bfa-433c-9c4f-7ac20d377128\"  style=\"object-position:0% 0%\" width=\"2048\"\/>Ukrainas president, Volodymyr Zelenskyj hilser p\u00e5 USAs spesialutsending Steve Witkoff i Berlin s\u00f8ndag. Foto: Ukrainian Presidential Press Service \/ Reuters \/ NTB<\/p>\n<ul aria-hidden=\"true\" class=\"_images_ntbth_112\">\n<li><a class=\"_link_ntbth_117\" href=\"https:\/\/www.vg.no\/forfatter\/ntb\" style=\"z-index:1\" title=\"NTB\" rel=\"nofollow noopener\" target=\"_blank\"><img alt=\"Bilde av NTB\" class=\"_image_ntbth_93\" fetchpriority=\"low\" loading=\"lazy\" decoding=\"async\" itemprop=\"image\"  src=\"https:\/\/www.europesays.com\/no\/wp-content\/uploads\/2025\/12\/1765788190_634_c33980b0-5d07-4027-84a1-813f90a7c8d6\"  width=\"480\"\/><\/a><\/li>\n<\/ul>\n<p> Oppdatert mandag 15. desember kl. 08:15     <\/p>\n<p class=\"_paragraph_o9xde_4 _paragraph_xtcu6_10 layout-component text-serif-m layout-normal text-serif-m layout-padded\">De diskuterte et forslag som skal f\u00e5 en slutt p\u00e5 krigen med Russland. M\u00f8tet varte i over fem timer og inkluderte ogs\u00e5 Donald Trumps svigers\u00f8nn Jared Kushner.<\/p>\n<p class=\"_paragraph_o9xde_4 _paragraph_xtcu6_10 layout-component text-serif-m layout-normal text-serif-m layout-padded\">\u2013 Representantene holdt grundige diskusjoner om 20-punktsplanen for fred, \u00f8konomiske forhold og annet. Det ble gjort store framskritt, og de skal m\u00f8tes igjen i morgen tidlig, heter det i en uttalelse Witkoff har publisert p\u00e5 X.<\/p>\n<p class=\"_paragraph_o9xde_4 _paragraph_xtcu6_10 layout-component text-serif-m layout-normal text-serif-m layout-padded\">De konkrete forslagene som n\u00e5 ligger p\u00e5 bordet i samtalene, er forel\u00f8pig ikke offentliggjort.<\/p>\n<p>M\u00f8tene fortsetter<\/p>\n<p class=\"_paragraph_o9xde_4 _paragraph_xtcu6_10 layout-component text-serif-m layout-normal text-serif-m layout-padded\">Ogs\u00e5 Zelenskyjs team har bekreftet at det er lagt opp til nytt m\u00f8te mandag.<\/p>\n<p class=\"_paragraph_o9xde_4 _paragraph_xtcu6_10 layout-component text-serif-m layout-normal text-serif-m layout-padded\">\u2013 De har ordnet det slik at samtalene fortsetter i morgen, sier Zelenskyj-r\u00e5dgiver Dmytro Lyvtvyn.<\/p>\n<p class=\"_paragraph_o9xde_4 _paragraph_xtcu6_10 layout-component text-serif-m layout-normal text-serif-m layout-padded\">Mandag er det ogs\u00e5 <a href=\"https:\/\/www.vg.no\/nyheter\/i\/pB6voW\/steven-witkoff-og-jared-kushner-moeter-ukrainas-president-og-europeiske-statsledere-i-berlin-mandag\" data-track-element-type=\"Link\" data-track-id=\"link:pB6voW\" class=\"_link_o9xde_39\" rel=\"nofollow noopener\" target=\"_blank\">planlagt samtaler mellom Zelenskyj og europeiske allierte i den tyske hovedstaden senere p\u00e5 kvelden<\/a>.<\/p>\n<p class=\"_paragraph_o9xde_4 _paragraph_xtcu6_10 layout-component text-serif-m layout-normal text-serif-m layout-padded\">Mandag ettermiddag er Tysklands statsminister Friedrich Merz og Zelenskyj ventet \u00e5 delta i tysk-ukrainske samtaler om \u00f8konomisk samarbeid. Merz har ogs\u00e5 invitert europeiske stats- og regjeringssjefer til sitt kontor mandag kveld.<\/p>\n<p><img alt=\"Zelenskyj og Tysklands forbundskansler, Friedrich Merz.   Foto: Guido Bergmann \/ German government press office HANDOUT \/ EPA \/ NTB\" class=\"_image_qp4xg_65 layout-component layout-normal\" data-fullscreen- data-track-element-type=\"Article image fullscreen\" data-track-name=\"ImageFullscreen\" decoding=\"async\" loading=\"lazy\" height=\"4000\" itemprop=\"image\"  src=\"https:\/\/www.europesays.com\/no\/wp-content\/uploads\/2025\/12\/aae6c2a0-4512-441d-85b6-ba5e9b31f94e\"  style=\"object-position:0% 0%\" width=\"6000\"\/>Zelenskyj og Tysklands forbundskansler, Friedrich Merz.   Foto: Guido Bergmann \/ German government press office HANDOUT \/ EPA \/ NTB\u2013 Ukraina st\u00e5r sterkt<\/p>\n<p class=\"_paragraph_o9xde_4 _paragraph_xtcu6_10 layout-component text-serif-m layout-normal text-serif-m layout-padded\">I samtaler med ukrainske journalister s\u00f8ndag sa Zelenskyj at han enn\u00e5 ikke har mottatt noen reaksjon fra USA p\u00e5 sine siste forslag til endringer i fredsplanen til USAs president Donald Trump.<\/p>\n<p class=\"_paragraph_o9xde_4 _paragraph_xtcu6_10 layout-component text-serif-m layout-normal text-serif-m layout-padded\">Han erkjente at en fredsplan ikke vil tilfredsstille alle parter, men fastholdt at Ukraina st\u00e5r sterkt i forhandlingene.<\/p>\n<p class=\"_paragraph_o9xde_4 _paragraph_xtcu6_10 layout-component text-serif-m layout-normal text-serif-m layout-padded\">Ogs\u00e5 USAs general Alexus Grynkewich, Natos \u00f8verste milit\u00e6re leder i Europa, har kommet til Berlin.<\/p>\n<p class=\"_paragraph_o9xde_4 _paragraph_xtcu6_10 layout-component text-serif-m layout-normal text-serif-m layout-padded\">Witkoff m\u00f8tte Russlands president Vladimir Putin tidligere denne m\u00e5neden. Under m\u00f8tet signaliserte Putin vilje til videre samtaler, men understreket at Russland har det strategiske initiativet og vil forf\u00f8lge sine krigsm\u00e5l med makt dersom det ikke blir en avtale.<\/p>\n<p>Skeptiske russere<\/p>\n<p class=\"_paragraph_o9xde_4 _paragraph_xtcu6_10 layout-component text-serif-m layout-normal text-serif-m layout-padded\">Samtidig sa Putins utenrikspolitiske r\u00e5dgiver, Jurij Usjakov, til russisk statlig TV at Russland forventer at det vil komme lite godt ut av samtalene i Berlin.<\/p>\n<p class=\"_paragraph_o9xde_4 _paragraph_xtcu6_10 layout-component text-serif-m layout-normal text-serif-m layout-padded\">\u2013 Bidrag fra Ukraina og europeiske land til Trumps fredsplan \u00abvil neppe v\u00e6re konstruktive\u00bb, sa Usjakov i uttalelser som ble gjort fredag, men publisert s\u00f8ndag.<\/p>\n<p class=\"_paragraph_o9xde_4 _paragraph_xtcu6_10 layout-component text-serif-m layout-normal text-serif-m layout-padded\">\u2013 Det er der problemet ligger, sa han, samtidig som han understreket Russlands tillit til at USA forst\u00e5r den russiske posisjonen.<\/p>\n<p class=\"_paragraph_o9xde_4 _paragraph_xtcu6_10 layout-component text-serif-m layout-normal text-serif-m layout-padded\">Usjakov gjorde det klart at Russland ikke vil trekke tilbake sine territorielle krav, inkludert kravet om at Kyiv fullt ut trekker seg ut av de delene av de to \u00f8stlige regionene Donetsk og Luhansk som russiske styrker enn\u00e5 ikke har okkupert.<\/p>\n","protected":false},"excerpt":{"rendered":"USAs spesialutsending Steve Witkoff sier det var \u00abstor framgang\u00bb i samtalene med Ukrainas president Volodymyr Zelenskyj s\u00f8ndag. Ukrainas&hellip;\n","protected":false},"author":2,"featured_media":113573,"comment_status":"","ping_status":"","sticky":false,"template":"","format":"standard","meta":{"footnotes":""},"categories":[12],"tags":[20,21,55,24,25,15,7423,179,22,23,13,30,28,29,14,16,363,26,27,42,488,43,44,45],"class_list":{"0":"post-113572","1":"post","2":"type-post","3":"status-publish","4":"format-standard","5":"has-post-thumbnail","7":"category-verden","8":"tag-breaking-news","9":"tag-breakingnews","10":"tag-donald-trump","11":"tag-featured-news","12":"tag-featurednews","13":"tag-headlines","14":"tag-jared-kushner","15":"tag-krigen-i-ukraina","16":"tag-latest-news","17":"tag-latestnews","18":"tag-news","19":"tag-no","20":"tag-norge","21":"tag-norway","22":"tag-nyheter","23":"tag-overskrifter","24":"tag-steve-witkoff","25":"tag-top-stories","26":"tag-topstories","27":"tag-verden","28":"tag-volodymyr-zelenskyj","29":"tag-world","30":"tag-world-news","31":"tag-worldnews"},"share_on_mastodon":{"url":"https:\/\/pubeurope.com\/@no\/115722702736031263","error":""},"_links":{"self":[{"href":"https:\/\/www.europesays.com\/no\/wp-json\/wp\/v2\/posts\/113572","targetHints":{"allow":["GET"]}}],"collection":[{"href":"https:\/\/www.europesays.com\/no\/wp-json\/wp\/v2\/posts"}],"about":[{"href":"https:\/\/www.europesays.com\/no\/wp-json\/wp\/v2\/types\/post"}],"author":[{"embeddable":true,"href":"https:\/\/www.europesays.com\/no\/wp-json\/wp\/v2\/users\/2"}],"replies":[{"embeddable":true,"href":"https:\/\/www.europesays.com\/no\/wp-json\/wp\/v2\/comments?post=113572"}],"version-history":[{"count":0,"href":"https:\/\/www.europesays.com\/no\/wp-json\/wp\/v2\/posts\/113572\/revisions"}],"wp:featuredmedia":[{"embeddable":true,"href":"https:\/\/www.europesays.com\/no\/wp-json\/wp\/v2\/media\/113573"}],"wp:attachment":[{"href":"https:\/\/www.europesays.com\/no\/wp-json\/wp\/v2\/media?parent=113572"}],"wp:term":[{"taxonomy":"category","embeddable":true,"href":"https:\/\/www.europesays.com\/no\/wp-json\/wp\/v2\/categories?post=113572"},{"taxonomy":"post_tag","embeddable":true,"href":"https:\/\/www.europesays.com\/no\/wp-json\/wp\/v2\/tags?post=113572"}],"curies":[{"name":"wp","href":"https:\/\/api.w.org\/{rel}","templated":true}]}}