{"id":113610,"date":"2025-12-15T09:37:09","date_gmt":"2025-12-15T09:37:09","guid":{"rendered":"https:\/\/www.europesays.com\/no\/113610\/"},"modified":"2025-12-15T09:37:09","modified_gmt":"2025-12-15T09:37:09","slug":"nyheter-naering-grieg-shipbrokers-kjopes-opp-av-briter","status":"publish","type":"post","link":"https:\/\/www.europesays.com\/no\/113610\/","title":{"rendered":"Nyheter, N\u00e6ring | Grieg Shipbrokers kj\u00f8pes opp av briter"},"content":{"rendered":"\n<p>Mandag ble det klart at SSY kj\u00f8per opp det bergenske skipsmegler-huset Grieg Shipbrokers.<\/p>\n<p>Det opplyser SSY i en pressemelding.<\/p>\n<p>SSY er, if\u00f8lge dem selv, et globalt skipsmeglingsselskap, med hoveddkontor i London. SSY har tjenester innen frakt av tank, t\u00f8rrlast og gass, og andre tjenester offshore.<\/p>\n<p><b>Avtalen trer i kraft fra januar 2026.<\/b><\/p>\n<p>\u2013 Dagens kunngj\u00f8ring representerer en viktig dag for b\u00e5de Grieg Shipbrokers og SSY. Begge firmaene har hatt lignende veier gjennom \u00e5rene. Begge firmaene er ledende innen sine respektive felt med en stolt historie som strekker seg over et \u00e5rhundre tilbake, kommenterer administrerende partner i SSY Stanko Jekov.<\/p>\n<p>Kan tjene til sammen 100 millioner<\/p>\n<p>Administrerende direkt\u00f8r i Grieg Shipbrokers Morten M\u00fcller forteller at arbeidet med oppkj\u00f8pet har p\u00e5g\u00e5tt i over en m\u00e5ned.<\/p>\n<p><b>\u2013 Det er positivt, vi blir en del av verdens st\u00f8rste privateide meglerhus. Vi f\u00e5r anledning til \u00e5 vokse, bli st\u00f8rre og ha en global tilstedev\u00e6relse, sier M\u00fcller til BA.<\/b><\/p>\n<p>De ansatte fikk nylig vite om oppkj\u00f8pet. De har god grunn til \u00e5 juble, ettersom de ansatte trolig vil tjene til sammen rundt 100 millioner kroner, if\u00f8lge <a href=\"https:\/\/www.finansavisen.no\/shipping\/2025\/12\/15\/8314833\/ssy-kjoper-grieg-shipbrokers-ansatte-casher-inn\" rel=\"Follow nofollow noopener\" target=\"_blank\">Finansavisen<\/a>.<\/p>\n<p>M\u00fcller vil ikke kommentere dette.<\/p>\n<p>\u2013 Men oppkj\u00f8pet kommer de ansatte til gode? <\/p>\n<p>\u2013 Ja, det kan du si, sier M\u00fcller.<\/p>\n<p>For hverdagen p\u00e5 bergenskontorene, blir det ikke mye endring.<\/p>\n<p>\u2013 Jeg blir v\u00e6rende som administrerende direkt\u00f8r, og vi beholder kontorene i Griegg\u00e5rden.<\/p>\n<p>Selger selskapet etter 141 \u00e5r<\/p>\n<p>Styreleder i Grieg Shipbrokers Markus Celius Grieg kommenterer kj\u00f8pet i pressemeldingen.<\/p>\n<p>\u2013 Det har v\u00e6rt b\u00e5de en sterk bedrift og et selskap som mange i familien min, inkludert meg selv, har hatt privilegiet av \u00e5 jobbe i, sier Grieg om eget familieselskap.<\/p>\n<p>Grieg Shipbrokers har kontorer i Bergen, Oslo og London.<\/p>\n<p>\u2013 Jeg har blitt imponert over profesjonaliteten, dedikasjonen og integriteten til v\u00e5re kolleger. Vi er virkelig takknemlige for deres innsats og engasjement, og vi \u00f8nsker dem alt godt med sine nye eiere, kommenterer Grieg i pressemeldingen.<\/p>\n<p>Selskapet ble etablert i 1884, og har i dag rundt 50 ansatte.<\/p>\n","protected":false},"excerpt":{"rendered":"Mandag ble det klart at SSY kj\u00f8per opp det bergenske skipsmegler-huset Grieg Shipbrokers. Det opplyser SSY i en&hellip;\n","protected":false},"author":2,"featured_media":113611,"comment_status":"","ping_status":"","sticky":false,"template":"","format":"standard","meta":{"footnotes":""},"categories":[56],"tags":[36,60,61,13839,3055,62,30,28,29,14,1510],"class_list":{"0":"post-113610","1":"post","2":"type-post","3":"status-publish","4":"format-standard","5":"has-post-thumbnail","7":"category-naeringsliv","8":"tag-art","9":"tag-business","10":"tag-economy","11":"tag-grieg-gruppen","12":"tag-naering","13":"tag-naeringsliv","14":"tag-no","15":"tag-norge","16":"tag-norway","17":"tag-nyheter","18":"tag-story"},"share_on_mastodon":{"url":"https:\/\/pubeurope.com\/@no\/115722914628058089","error":""},"_links":{"self":[{"href":"https:\/\/www.europesays.com\/no\/wp-json\/wp\/v2\/posts\/113610","targetHints":{"allow":["GET"]}}],"collection":[{"href":"https:\/\/www.europesays.com\/no\/wp-json\/wp\/v2\/posts"}],"about":[{"href":"https:\/\/www.europesays.com\/no\/wp-json\/wp\/v2\/types\/post"}],"author":[{"embeddable":true,"href":"https:\/\/www.europesays.com\/no\/wp-json\/wp\/v2\/users\/2"}],"replies":[{"embeddable":true,"href":"https:\/\/www.europesays.com\/no\/wp-json\/wp\/v2\/comments?post=113610"}],"version-history":[{"count":0,"href":"https:\/\/www.europesays.com\/no\/wp-json\/wp\/v2\/posts\/113610\/revisions"}],"wp:featuredmedia":[{"embeddable":true,"href":"https:\/\/www.europesays.com\/no\/wp-json\/wp\/v2\/media\/113611"}],"wp:attachment":[{"href":"https:\/\/www.europesays.com\/no\/wp-json\/wp\/v2\/media?parent=113610"}],"wp:term":[{"taxonomy":"category","embeddable":true,"href":"https:\/\/www.europesays.com\/no\/wp-json\/wp\/v2\/categories?post=113610"},{"taxonomy":"post_tag","embeddable":true,"href":"https:\/\/www.europesays.com\/no\/wp-json\/wp\/v2\/tags?post=113610"}],"curies":[{"name":"wp","href":"https:\/\/api.w.org\/{rel}","templated":true}]}}