{"id":113623,"date":"2025-12-15T09:49:20","date_gmt":"2025-12-15T09:49:20","guid":{"rendered":"https:\/\/www.europesays.com\/no\/113623\/"},"modified":"2025-12-15T09:49:20","modified_gmt":"2025-12-15T09:49:20","slug":"kultur-musikk-pubkor-synger-julen-inn-pa-utheim","status":"publish","type":"post","link":"https:\/\/www.europesays.com\/no\/113623\/","title":{"rendered":"Kultur, Musikk | Pubkor synger julen inn p\u00e5 Utheim"},"content":{"rendered":"\n<p>Etter en overveldende respons p\u00e5 den f\u00f8rste pubkor-kvelden, hvor rundt 70 sangglade mennesker fylte andre etasje p\u00e5 Utheim Pub til siste plass, inviterer vi n\u00e5 til en ny runde med korsang, julestemning og god stemning.<\/p>\n<p>Flere i publikum uttrykte etter arrangementet i oktober et \u00f8nske om en juleutgave av Pubkor \u2013 og det f\u00e5r de! Den 20. desember blir det ny mulighet til \u00e5 synge sammen helt uten forpliktelser.<\/p>\n<p>\u00abMange sp\u00f8r oss om hvilke sanger det blir denne gangen, men det f\u00e5r blir en overraskelse for de som kommer. Det vi kan si er at det er sanger i popul\u00e6rmusikksjangeren som forbindes med jula. Men kanskje ikke de mest tradisjonelle julesangene\u00bb sier dirigent John Plucker.<\/p>\n<p>   <img decoding=\"async\" width=\"2048\" height=\"922\" fetchpriority=\"low\"  loading=\"lazy\"  src=\"https:\/\/www.europesays.com\/no\/wp-content\/uploads\/2025\/12\/pubkor4.jpg\" alt=\"\" class=\"brick-c-cFOWSL\" style=\"--brick-image-ratio: 2048 \/ 922;\"\/><\/p>\n<p>Konseptet er like enkelt som det er inkluderende:<\/p>\n<p>Vi synger to kjente og kj\u00e6re sanger fra popul\u00e6rmusikken, og dirigent John Plucker sammen med pianist Monica D\u00f8sen leder oss gjennom arrangementene \u2013 stemme for stemme. Med seg har de et kompetent band best\u00e5ende av Johannes Fauchald, \u00d8yvind Lind-Johansen og Johan Bj\u00f8rnnes.<\/p>\n<p>Du trenger verken tidligere korerfaring eller notekunnskaper \u2013 det eneste du trenger \u00e5 ta med er godt hum\u00f8r, s\u00e5 s\u00f8rger vi for ekte julestemning.<\/p>\n<p>   <img decoding=\"async\" width=\"3051\" height=\"1374\" fetchpriority=\"low\"  loading=\"lazy\"  src=\"https:\/\/www.europesays.com\/no\/wp-content\/uploads\/2025\/12\/Pubkor3.jpg\" alt=\"\" class=\"brick-c-cFOWSL\" style=\"--brick-image-ratio: 3051 \/ 1374;\"\/><\/p>\n<p>Baren holder \u00e5pent hele kvelden, b\u00e5de f\u00f8r, under og etter sang\u00f8kten.<\/p>\n<p>Dato: 20. desember<\/p>\n<p>Sted: Utheim Pub (2. etasje)<\/p>\n<p>D\u00f8rene \u00e5pner: 19:30<\/p>\n<p>Sangstart: 20:00<\/p>\n<p>Pris: 150 kr<\/p>\n<p>Billetter: Kj\u00f8pes via denne <a href=\"https:\/\/faret.antitickets.com\/event\/pubkor-paa-utheim?fbclid=IwY2xjawOnXnBleHRuA2FlbQIxMABicmlkETBmZHk1NGVnV2dkbjhSY0tHc3J0YwZhcHBfaWQQMjIyMDM5MTc4ODIwMDg5MgABHloS0ZdhjyUb0EJbDf5d-0KqtNc14gYYf7KZ3t1t9Yn7Jk97axA0NN51TmAs_aem_OwyL9jyzt-Knp4zzD4IWvA\" rel=\"nofollow noopener\" target=\"_blank\">lenken<\/a><\/p>\n","protected":false},"excerpt":{"rendered":"Etter en overveldende respons p\u00e5 den f\u00f8rste pubkor-kvelden, hvor rundt 70 sangglade mennesker fylte andre etasje p\u00e5 Utheim&hellip;\n","protected":false},"author":2,"featured_media":113624,"comment_status":"","ping_status":"","sticky":false,"template":"","format":"standard","meta":{"footnotes":""},"categories":[58],"tags":[36,71,410,221,30,28,29,11445,1510,72,13843],"class_list":{"0":"post-113623","1":"post","2":"type-post","3":"status-publish","4":"format-standard","5":"has-post-thumbnail","7":"category-underholdning","8":"tag-art","9":"tag-entertainment","10":"tag-kultur","11":"tag-musikk","12":"tag-no","13":"tag-norge","14":"tag-norway","15":"tag-pub","16":"tag-story","17":"tag-underholdning","18":"tag-utheim"},"share_on_mastodon":{"url":"https:\/\/pubeurope.com\/@no\/115722961940211966","error":""},"_links":{"self":[{"href":"https:\/\/www.europesays.com\/no\/wp-json\/wp\/v2\/posts\/113623","targetHints":{"allow":["GET"]}}],"collection":[{"href":"https:\/\/www.europesays.com\/no\/wp-json\/wp\/v2\/posts"}],"about":[{"href":"https:\/\/www.europesays.com\/no\/wp-json\/wp\/v2\/types\/post"}],"author":[{"embeddable":true,"href":"https:\/\/www.europesays.com\/no\/wp-json\/wp\/v2\/users\/2"}],"replies":[{"embeddable":true,"href":"https:\/\/www.europesays.com\/no\/wp-json\/wp\/v2\/comments?post=113623"}],"version-history":[{"count":0,"href":"https:\/\/www.europesays.com\/no\/wp-json\/wp\/v2\/posts\/113623\/revisions"}],"wp:featuredmedia":[{"embeddable":true,"href":"https:\/\/www.europesays.com\/no\/wp-json\/wp\/v2\/media\/113624"}],"wp:attachment":[{"href":"https:\/\/www.europesays.com\/no\/wp-json\/wp\/v2\/media?parent=113623"}],"wp:term":[{"taxonomy":"category","embeddable":true,"href":"https:\/\/www.europesays.com\/no\/wp-json\/wp\/v2\/categories?post=113623"},{"taxonomy":"post_tag","embeddable":true,"href":"https:\/\/www.europesays.com\/no\/wp-json\/wp\/v2\/tags?post=113623"}],"curies":[{"name":"wp","href":"https:\/\/api.w.org\/{rel}","templated":true}]}}