{"id":113632,"date":"2025-12-15T09:55:11","date_gmt":"2025-12-15T09:55:11","guid":{"rendered":"https:\/\/www.europesays.com\/no\/113632\/"},"modified":"2025-12-15T09:55:11","modified_gmt":"2025-12-15T09:55:11","slug":"ffk-breddefotball-bytte-av-klubb-i-fredrikstad-ffk-og-breddefotballen","status":"publish","type":"post","link":"https:\/\/www.europesays.com\/no\/113632\/","title":{"rendered":"FFK, Breddefotball | Bytte av klubb i Fredrikstad: FFK og breddefotballen"},"content":{"rendered":"\n<p>I debatten om barne- og ungdomsfotballen i Fredrikstad er det viktig \u00e5 rydde i hva som faktisk diskuteres:<\/p>\n<ul>\n<li><a href=\"https:\/\/www.f-b.no\/stopp-tidlig-seleksjon-i-fredrikstad-ffk-ma-endre-kurs\/o\/5-59-3751482\" rel=\"Follow nofollow noopener\" target=\"_blank\">Silje Waters<\/a> har utfordret seleksjon av spillere inn i FFK-systemet.<\/li>\n<li><a href=\"https:\/\/www.f-b.no\/barnefotball-i-fredrikstad-de-voksnes-rolle-ved-klubbskifter\/o\/5-59-3759813\" rel=\"Follow nofollow noopener\" target=\"_blank\">Mitt anliggende<\/a> har hele tiden v\u00e6rt et annet: B<strong>ytte av klubb utenfor FFK-systemet<\/strong>, og hvordan voksne p\u00e5virker disse prosessene i breddefotballen.<\/li>\n<\/ul>\n<p>  <a href=\"https:\/\/www.f-b.no\/5-59-3751482\" class=\"related-teaser has-image default-opinion-teaser article--c-eRUmMG article--c-eRUmMG-jKCPdD-design-default\" rel=\"nofollow noopener\" target=\"_blank\"><\/p>\n<p>    <img decoding=\"async\" loading=\"lazy\"  src=\"https:\/\/www.europesays.com\/no\/wp-content\/uploads\/2025\/12\/13spoffkguttelag.jpg\" alt=\"\" class=\"brick-c-cFOWSL\" style=\"\"\/><\/p>\n<p>\n            Les ogs\u00e5<\/p>\n<p>              Er det FFKs jobb \u00e5 st\u00f8vsuge talenter fra 11-\u00e5rslagene?\n        <\/p>\n<p>  <\/a><\/p>\n<p>  <a href=\"https:\/\/www.f-b.no\/5-59-3759813\" class=\"related-teaser has-image default-opinion-teaser article--c-eRUmMG article--c-eRUmMG-jKCPdD-design-default\" rel=\"nofollow noopener\" target=\"_blank\"><\/p>\n<p>    <img decoding=\"async\" loading=\"lazy\"  src=\"https:\/\/www.europesays.com\/no\/wp-content\/uploads\/2025\/12\/dd6bbb4f-b132-42b2-804f-115538095493.bin\" alt=\"\" class=\"brick-c-cFOWSL\" style=\"\"\/><\/p>\n<p>\n            Les ogs\u00e5<\/p>\n<p>              Fei for egen d\u00f8r f\u00f8r vi gj\u00f8r FFK til hovedproblemet\n        <\/p>\n<p>  <\/a><\/p>\n<p>N\u00e5r disse temaene blandes, blir b\u00e5de debatten og l\u00f8sningene uklare.<\/p>\n<p><a href=\"https:\/\/www.f-b.no\/slik-rekrutterer-ffk-i-fredrikstad-tall-og-svar\/o\/5-59-3773347\" rel=\"Follow nofollow noopener\" target=\"_blank\">N\u00e5r FFK n\u00e5 svarer<\/a> samlet p\u00e5 innleggene og titulerer det med barnefotballen i Norge, oppleves det derfor som om man svarer p\u00e5 et annet sp\u00f8rsm\u00e5l enn det som faktisk ble stilt. Det bidrar dessverre mer til \u00e5 lukke enn \u00e5 \u00e5pne for reell refleksjon.<\/p>\n<p>  <a href=\"https:\/\/www.f-b.no\/5-59-3773347\" class=\"related-teaser has-image default-opinion-teaser article--c-eRUmMG article--c-eRUmMG-jKCPdD-design-default\" rel=\"nofollow noopener\" target=\"_blank\"><\/p>\n<p>    <img decoding=\"async\" loading=\"lazy\"  src=\"https:\/\/www.europesays.com\/no\/wp-content\/uploads\/2025\/12\/5_59_3284818+Mathias+Solstad.jpg\" alt=\"\" class=\"brick-c-cFOWSL\" style=\"\"\/><\/p>\n<p>\n            Les ogs\u00e5<\/p>\n<p>              Debatten om spillerutvikling i norsk fotball blir ofte unyansert\n        <\/p>\n<p>  <\/a><br \/>\n  <strong>1. To ulike problemstillinger<\/strong><\/p>\n<p>Diskusjonen om tidlig seleksjon inn i FFKs egne lag er legitim og viktig.<\/p>\n<p>Men mitt innlegg handlet om noe annet: Hvordan barn flyttes mellom breddeklubber, ofte drevet av voksne, forventninger og prestisje \u2013 ikke n\u00f8dvendigvis av barnas egne behov eller utvikling.<\/p>\n<p>Dette skjer i en alder der utvikling er uforutsigbar, og der trygghet og milj\u00f8 ofte betyr mer enn niv\u00e5 og resultater. <strong>Tilh\u00f8righet er essensielt for all utvikling.<\/strong><\/p>\n<p>Disse to temaene b\u00f8r ikke blandes sammen, for da blir ogs\u00e5 svarene uklare, og mange av d\u00f8rene som \u00e5pnes er allerede sparket inn.<\/p>\n<p><strong>2. Forslag er spilt inn \u2013 men ingen varige tiltak er etablert<\/strong><\/p>\n<p>Over flere \u00e5r, og lenge f\u00f8r min tid, er det spilt inn konkrete forslag til hvordan en toppklubb kan bidra positivt i hverdagen til naboklubbene. Eksempler har v\u00e6rt:<\/p>\n<ul>\n<li>bruk av FFKs fagkompetanse ute i klubbene<\/li>\n<li>veiledning og st\u00f8tte til trenere i breddeklubbene<\/li>\n<li>tiltak for de nest beste og marginalt svakere spillerne enn de som selekteres<\/li>\n<li>varige samarbeidsmodeller som ikke handler om spillerrekruttering<\/li>\n<\/ul>\n<p>Dette er forslag som kunne styrket fotballen lokalt uten \u00e5 tappe klubbene for spillere, og samtidig bidratt til bedre utviklingsmilj\u00f8er over tid.<\/p>\n<p>Likevel st\u00e5r vi igjen med det samme bildet:<\/p>\n<p>Tiltakene som finnes i dag er blant annet <strong>FFK Ekstra, FFK Pluss, FFK Fotballskole og FFK Akademi<\/strong> \u2013 alle tilbud der \u00f8konomi, seleksjon eller rekruttering til eget system er en del av totalen.<\/p>\n<p>Det er fullt legitimt, men det er viktig \u00e5 v\u00e6re \u00e6rlig p\u00e5 at dette ikke er tiltak for breddefotballen som helhet.<\/p>\n<p><strong>3. Breddefotballen trenger varighet \u2013 ikke enkeltst\u00e5ende tiltak<\/strong><\/p>\n<p>Det breddefotballen etterlyser er ikke symboltiltak eller kortvarige prosjekter, men <strong>langsiktig og forutsigbar kompetansedeling<\/strong>. Trenerutvikling og klubbkultur bygges over tid, ikke gjennom enkeltst\u00e5ende arrangementer.<\/p>\n<p>N\u00e5r dette uteblir, m\u00e5 ogs\u00e5 breddeklubbene forholde seg til realitetene: Hjelpen utenfra kommer ikke. Da er det heller ikke rimelig \u00e5 forvente at klubbene skal innrette seg etter en st\u00f8tte som aldri materialiserer seg.<\/p>\n<p><strong>4. Inkludering er breddeklubbenes ansvar<\/strong><\/p>\n<p>Inkludering av barn og unge i idretten skjer i n\u00e6rmilj\u00f8ene, ikke hos toppklubben. Det er her hverdagen leves, treningen gjennomf\u00f8res og relasjonene bygges.<\/p>\n<p>FFK har verken mandat eller mulighet til \u00e5 l\u00f8se dette for hele byen \u2013 og b\u00f8r heller ikke tillegges et ansvar, eller gi inntrykk av \u00e5 ta et ansvar de ikke kan b\u00e6re.<\/p>\n<p>\u00c5 plassere inkluderingsansvaret hos toppklubben bidrar til \u00e5 svekke anerkjennelsen av arbeidet som faktisk gj\u00f8res lokalt p\u00e5 grasrota.<\/p>\n<p><strong>5. Utvikling m\u00e5 skje innenfra<\/strong><\/p>\n<p>For breddeklubbene betyr dette \u00e9n ting: Utviklingen m\u00e5 skje lokalt. Den m\u00e5 forankres i egne verdier, egne trenere og egne milj\u00f8er.<\/p>\n<p>Gjennom samarbeid mellom breddeklubber, kompetansedeling og tydelige rammer kan man skape robuste utviklingsl\u00f8p \u2013 uten \u00e5 v\u00e6re avhengig av hjelp utenfra som verken er sannsynlig eller b\u00e6rekraftig.<\/p>\n<p><strong>6. Derfor st\u00e5r hovedsp\u00f8rsm\u00e5lene fortsatt \u00e5pne<\/strong><\/p>\n<p>FFKs siste innlegg beskriver hvordan klubben jobber, men svarer fortsatt ikke p\u00e5:<\/p>\n<ul>\n<li>hvorfor barn bytter klubb lenge f\u00f8r de kommer til FFK og ikke minst etterp\u00e5<\/li>\n<li>hvordan voksne p\u00e5virker disse valgene i stadig tidligere alder p\u00e5 jakt etter marginer<\/li>\n<li>hvordan vi ivaretar hele spillergrupper \u2013 ikke bare de beste, men resten<\/li>\n<li>hvordan vi kan skape trygge, stabile utviklingsmilj\u00f8er i breddefotballen hvor tilh\u00f8righet er sterkest<\/li>\n<\/ul>\n<p>Dette er sp\u00f8rsm\u00e5l som ber\u00f8rer langt flere enn \u00e9n klubb, og som fortjener en \u00e5pen og \u00e6rlig diskusjon.<\/p>\n<p><strong>Det var disse sp\u00f8rsm\u00e5lene som ble reist. De st\u00e5r fortsatt.<\/strong><\/p>\n","protected":false},"excerpt":{"rendered":"I debatten om barne- og ungdomsfotballen i Fredrikstad er det viktig \u00e5 rydde i hva som faktisk diskuteres:&hellip;\n","protected":false},"author":2,"featured_media":113633,"comment_status":"","ping_status":"","sticky":false,"template":"","format":"standard","meta":{"footnotes":""},"categories":[59],"tags":[36,3768,37,513,13845,30,28,29,13844,1533,83,82],"class_list":{"0":"post-113632","1":"post","2":"type-post","3":"status-publish","4":"format-standard","5":"has-post-thumbnail","7":"category-sport","8":"tag-art","9":"tag-breddefotball","10":"tag-debatt","11":"tag-ffk","12":"tag-lervik-if","13":"tag-no","14":"tag-norge","15":"tag-norway","16":"tag-onsoy","17":"tag-opinion","18":"tag-sport","19":"tag-sports"},"share_on_mastodon":{"url":"https:\/\/pubeurope.com\/@no\/115722985564693102","error":""},"_links":{"self":[{"href":"https:\/\/www.europesays.com\/no\/wp-json\/wp\/v2\/posts\/113632","targetHints":{"allow":["GET"]}}],"collection":[{"href":"https:\/\/www.europesays.com\/no\/wp-json\/wp\/v2\/posts"}],"about":[{"href":"https:\/\/www.europesays.com\/no\/wp-json\/wp\/v2\/types\/post"}],"author":[{"embeddable":true,"href":"https:\/\/www.europesays.com\/no\/wp-json\/wp\/v2\/users\/2"}],"replies":[{"embeddable":true,"href":"https:\/\/www.europesays.com\/no\/wp-json\/wp\/v2\/comments?post=113632"}],"version-history":[{"count":0,"href":"https:\/\/www.europesays.com\/no\/wp-json\/wp\/v2\/posts\/113632\/revisions"}],"wp:featuredmedia":[{"embeddable":true,"href":"https:\/\/www.europesays.com\/no\/wp-json\/wp\/v2\/media\/113633"}],"wp:attachment":[{"href":"https:\/\/www.europesays.com\/no\/wp-json\/wp\/v2\/media?parent=113632"}],"wp:term":[{"taxonomy":"category","embeddable":true,"href":"https:\/\/www.europesays.com\/no\/wp-json\/wp\/v2\/categories?post=113632"},{"taxonomy":"post_tag","embeddable":true,"href":"https:\/\/www.europesays.com\/no\/wp-json\/wp\/v2\/tags?post=113632"}],"curies":[{"name":"wp","href":"https:\/\/api.w.org\/{rel}","templated":true}]}}