{"id":113637,"date":"2025-12-15T10:03:19","date_gmt":"2025-12-15T10:03:19","guid":{"rendered":"https:\/\/www.europesays.com\/no\/113637\/"},"modified":"2025-12-15T10:03:19","modified_gmt":"2025-12-15T10:03:19","slug":"lokalsamfunn-i-sorg","status":"publish","type":"post","link":"https:\/\/www.europesays.com\/no\/113637\/","title":{"rendered":"Lokalsamfunn i sorg"},"content":{"rendered":"<p class=\"kicker \" style=\"\">Orkland:<\/p>\n<p>  Dagen etter at en kvinne (30) ble funnet d\u00f8d p\u00e5 Orkland, samlet bygda seg for \u00e5 s\u00f8rge og st\u00f8tte hverandre.<\/p>\n<p>\n    S\u00d8RGER: L\u00f8kken kirke i Orkland ble holdt \u00e5pen s\u00f8ndag kveld for \u00e5 minnes og s\u00f8rge. Foto: Frank Karlsen\n  <\/p>\n<p>ORKLAND\/OSLO (Dagbladet): L\u00f8rdag kveld ble <a href=\"https:\/\/www.dagbladet.no\/nyheter\/kvinne-dod-mann-siktet\/83981578\" target=\"_blank\" rel=\"nofollow noopener\">en kvinne i 30-\u00e5ra funnet d\u00f8d i Orkland<\/a>\u00a0kommune\u00a0i Tr\u00f8ndelag. En mann i 50-\u00e5ra er p\u00e5grepet og siktet for drap.<\/p>\n<p>Et d\u00f8gn seinere samlet rundt 60 stykker seg i L\u00f8kken kirke i kommunen for \u00e5 st\u00f8tte hverandre, s\u00f8rge og tenne lys.<\/p>\n<p> Dagbladets reportere p\u00e5 stedet beskriver stemninga i kirka som preget, og ei bygd som er stille og m\u00f8rk. \u00a0<\/p>\n<p> &#8211; Vi har holdt L\u00f8kken kirke \u00e5pen i kveld i lys av den ubegripelige hendelsen l\u00f8rdag kveld. For noen har det v\u00e6rt naturlig \u00e5 samles her i dag for \u00e5 minnes, tenne lys og uttrykke sorg og f\u00f8lelser i et trygt rom.\u00a0<\/p>\n<p>Det sier Jonas Jensen Dahlberg, sokneprest i Meldal og L\u00f8kken Menigheter, til Dagbladet.<\/p>\n<p>        <img loading=\"lazy\" decoding=\"async\" src=\"https:\/\/www.europesays.com\/no\/wp-content\/uploads\/2025\/12\/83983514.webp\" width=\"980\" height=\"559\" title=\"SOKNEPREST: Sokneprest Jonas Jensen Dahlberg beskriver hendelsen som tragisk og sender dype tanker til kvinnens p\u00e5r\u00f8rende. Foto: Frank Karlsen \/ Dagbladet\" alt=\"\" class=\"\" style=\"--aspect-ratio-image: 1.75; \"\/><\/p>\n<p>\n        SOKNEPREST: Sokneprest Jonas Jensen Dahlberg beskriver hendelsen som tragisk og sender dype tanker til kvinnens p\u00e5r\u00f8rende. Foto: Frank Karlsen \/ Dagbladet\n    <\/p>\n<p>&#8211; Sitter i bunnl\u00f8s sorg\t<\/p>\n<p> I forst\u00e5else med de p\u00e5r\u00f8rende har prester, kirkelige ansatte og medlemmer av kommunens kriseteam v\u00e6rt tilgjengelige for samtale og st\u00f8tte gjennom kvelden.<\/p>\n<p class=\"font-weight-bold m-font-weight-bold\" data-lab-font_weight=\"font-weight-bold\">&#8211; V\u00e5re dype tanker og b\u00f8nner er f\u00f8rst og fremst med dem som har mistet en av sine aller n\u00e6rmeste og sitter i bunnl\u00f8s sorg, sier Soknepresten.\u00a0<\/p>\n<p>    <a itemprop=\"url\" href=\"https:\/\/www.dagbladet.no\/nyheter\/kvinne-dod-mann-siktet\/83981578\" rel=\"nofollow noopener\" target=\"_blank\"><\/p>\n<p>        <img loading=\"lazy\" decoding=\"async\" src=\"https:\/\/www.europesays.com\/no\/wp-content\/uploads\/2025\/12\/83981618.webp\" width=\"980\" height=\"441\" title=\"Kvinne d\u00f8d: Mann siktet\" alt=\"\" class=\"lazyload\" style=\"--aspect-ratio-image: 2.22; \"\/><\/p>\n<p>        Kvinne d\u00f8d: Mann siktet<\/p>\n<p>    <\/a><\/p>\n<p> Soknepresten beskriver hendelsen som en tragisk hendelse som ber\u00f8rer mange. Han forteller at han ikke har opplevd lignende siden han kom inn i rollen i 2019. <\/p>\n<p> Flere lokale innbyggere som Dagbladet har snakket med beskriver omr\u00e5det som et samfunn der alle kjenner alle.<\/p>\n<p>Kvinnen ble funnet d\u00f8d p\u00e5 et lite tettsted i\u00a0Orkland\u00a0kommune, som har f\u00e6rre enn 19 000 innbyggere. <\/p>\n<p>        <img loading=\"lazy\" decoding=\"async\" src=\"https:\/\/www.europesays.com\/no\/wp-content\/uploads\/2025\/12\/83983517.webp\" width=\"980\" height=\"559\" title=\"TENNER LYS: Lokalbefolkningen har tent lys p\u00e5 stedet. Foto: Frank Karlsen\" alt=\"\" class=\"\" style=\"--aspect-ratio-image: 1.75; \"\/><\/p>\n<p>\n        TENNER LYS: Lokalbefolkningen har tent lys p\u00e5 stedet. Foto: Frank Karlsen\n    <\/p>\n<p>P\u00e5grepet for drap\t<\/p>\n<p>Kvinnen ble if\u00f8lge politiet funnet utend\u00f8rs av en turg\u00e5er, i et omr\u00e5de med b\u00e5de bolig- og n\u00e6ringsbygg l\u00f8rdag kveld.<\/p>\n<p> Politiet har jobbet med en rekke etterforskningsskritt gjennom natta, blant annet avh\u00f8r og sikring av digitale spor. <\/p>\n<p>        <img loading=\"lazy\" decoding=\"async\" src=\"https:\/\/www.europesays.com\/no\/wp-content\/uploads\/2025\/12\/83983538.webp\" width=\"980\" height=\"559\" title=\"UNDERS\u00d8KER: Politi og krimteknikere jobber p\u00e5 stedet s\u00f8ndag ettermiddag. Foto: Frank Karlsen \/ Dagbladet\" alt=\"\" class=\"\" style=\"--aspect-ratio-image: 1.75; \"\/><\/p>\n<p>\n        UNDERS\u00d8KER: Politi og krimteknikere jobber p\u00e5 stedet s\u00f8ndag ettermiddag. Foto: Frank Karlsen \/ Dagbladet\n    <\/p>\n<p>Like etter klokka 01 s\u00f8ndag sa politiet at de hadde p\u00e5grepet og siktet en mann for drap.\u00a0<\/p>\n<p> Det er bekreftet en relasjon mellom den siktede mannen og den drepte kvinnen, men politiet \u00f8nsker ikke \u00e5 g\u00e5 n\u00e6rmere inn p\u00e5 hva\u00a0slags relasjon. <\/p>\n<p>Siktede vil bli framstilt for varetektsfengsling mandag.\u00a0<\/p>\n<p>Mannens forsvarer, Fredrik Sch\u00f8ne Brodwall, skriver til Dagbladet at han ikke vil kommentere hvordan klienten stiller seg til siktelsen. Han er tidlig s\u00f8ndag ettermiddag ikke avh\u00f8rt av politiet.\u00a0<\/p>\n","protected":false},"excerpt":{"rendered":"Orkland: Dagen etter at en kvinne (30) ble funnet d\u00f8d p\u00e5 Orkland, samlet bygda seg for \u00e5 s\u00f8rge&hellip;\n","protected":false},"author":2,"featured_media":113638,"comment_status":"","ping_status":"","sticky":false,"template":"","format":"standard","meta":{"footnotes":""},"categories":[10],"tags":[20,21,377,24,25,15,2539,22,23,13,30,28,29,14,2238,16,26,27],"class_list":{"0":"post-113637","1":"post","2":"type-post","3":"status-publish","4":"format-standard","5":"has-post-thumbnail","7":"category-norge","8":"tag-breaking-news","9":"tag-breakingnews","10":"tag-drap","11":"tag-featured-news","12":"tag-featurednews","13":"tag-headlines","14":"tag-innenriks","15":"tag-latest-news","16":"tag-latestnews","17":"tag-news","18":"tag-no","19":"tag-norge","20":"tag-norway","21":"tag-nyheter","22":"tag-orkland","23":"tag-overskrifter","24":"tag-top-stories","25":"tag-topstories"},"share_on_mastodon":{"url":"https:\/\/pubeurope.com\/@no\/115723017350852800","error":""},"_links":{"self":[{"href":"https:\/\/www.europesays.com\/no\/wp-json\/wp\/v2\/posts\/113637","targetHints":{"allow":["GET"]}}],"collection":[{"href":"https:\/\/www.europesays.com\/no\/wp-json\/wp\/v2\/posts"}],"about":[{"href":"https:\/\/www.europesays.com\/no\/wp-json\/wp\/v2\/types\/post"}],"author":[{"embeddable":true,"href":"https:\/\/www.europesays.com\/no\/wp-json\/wp\/v2\/users\/2"}],"replies":[{"embeddable":true,"href":"https:\/\/www.europesays.com\/no\/wp-json\/wp\/v2\/comments?post=113637"}],"version-history":[{"count":0,"href":"https:\/\/www.europesays.com\/no\/wp-json\/wp\/v2\/posts\/113637\/revisions"}],"wp:featuredmedia":[{"embeddable":true,"href":"https:\/\/www.europesays.com\/no\/wp-json\/wp\/v2\/media\/113638"}],"wp:attachment":[{"href":"https:\/\/www.europesays.com\/no\/wp-json\/wp\/v2\/media?parent=113637"}],"wp:term":[{"taxonomy":"category","embeddable":true,"href":"https:\/\/www.europesays.com\/no\/wp-json\/wp\/v2\/categories?post=113637"},{"taxonomy":"post_tag","embeddable":true,"href":"https:\/\/www.europesays.com\/no\/wp-json\/wp\/v2\/tags?post=113637"}],"curies":[{"name":"wp","href":"https:\/\/api.w.org\/{rel}","templated":true}]}}