{"id":113639,"date":"2025-12-15T10:04:16","date_gmt":"2025-12-15T10:04:16","guid":{"rendered":"https:\/\/www.europesays.com\/no\/113639\/"},"modified":"2025-12-15T10:04:16","modified_gmt":"2025-12-15T10:04:16","slug":"sa-de-skulle-pa-fisketur","status":"publish","type":"post","link":"https:\/\/www.europesays.com\/no\/113639\/","title":{"rendered":"Sa de skulle p\u00e5 fisketur"},"content":{"rendered":"\n<p class=\"_paragraph_o9xde_4 _paragraph_xtcu6_10 layout-component text-serif-m layout-normal text-serif-m layout-padded\">Det skal ha v\u00e6rt 24 \u00e5r gamle Naveed Akram og faren hans Sajid Akram (50) som skj\u00f8t og drepte minst 15 personer p\u00e5 Bondi Beach s\u00f8ndag, melder <a href=\"https:\/\/www.vg.no\/tag\/australia?utm_source=vg-article&amp;utm_medium=auto-tagger&amp;utm_campaign=9pmARl\" class=\"_link_o9xde_39\" rel=\"nofollow noopener\" target=\"_blank\">Australias<\/a> st\u00f8rste kringkaster <a href=\"https:\/\/www.abc.net.au\/news\/2025-12-15\/bondi-beach-attack-gunmen-father-and-son\/106142630\" class=\"_link_o9xde_39\" rel=\"nofollow noopener\" target=\"_blank\">ABC<\/a>.<\/p>\n<p class=\"_paragraph_o9xde_4 _paragraph_xtcu6_10 layout-component text-serif-m layout-normal text-serif-m layout-padded\">Minst 29 personer er skadet i det som regnes som et terrorangrep, deriblant to politibetjenter.<\/p>\n<p class=\"_paragraph_o9xde_4 _paragraph_xtcu6_10 layout-component text-serif-m layout-normal text-serif-m layout-padded\"><strong class=\"_strong_o9xde_25\">Politiet har enn\u00e5 ikke offisielt bekreftet deres identitet. <\/strong><\/p>\n<p class=\"_paragraph_o9xde_4 _paragraph_xtcu6_10 layout-component text-serif-m layout-normal text-serif-m layout-padded\">Avisen skriver videre at s\u00f8nnen er p\u00e5 sykehuset der han blir bevoktet av politiet etter at hans far ble skutt og drept under skuddveksling med politiet. <\/p>\n<p class=\"_paragraph_o9xde_4 _paragraph_xtcu6_10 layout-component text-serif-m layout-normal text-serif-m layout-padded\">Det var ogs\u00e5 faren, Sajid Akram, som<a href=\"https:\/\/www.vg.no\/nyheter\/i\/xrRjLR\/stoppet-gjerningsmann-paa-egenhaand-han-er-en-ekte-helt\" data-track-element-type=\"Link\" data-track-id=\"link:xrRjLR\" class=\"_link_o9xde_39\" rel=\"nofollow noopener\" target=\"_blank\"> ble overmannet av en frukthandler<\/a>. <\/p>\n<p>    Skulle p\u00e5 fisketur<\/p>\n<p class=\"_paragraph_o9xde_4 _paragraph_xtcu6_10 layout-component text-serif-m layout-normal text-serif-m layout-padded\">If\u00f8lge <a href=\"https:\/\/www.smh.com.au\/national\/nsw\/alleged-bondi-terror-gunman-naveed-akram-told-family-he-was-going-on-fishing-trip-20251214-p5nnls.html\" class=\"_link_o9xde_39\" rel=\"nofollow noopener\" target=\"_blank\">The Sydney Morning Herald<\/a>, skal Naveed og faren ha fortalt familien at de i helgen skulle p\u00e5 fisketur i Jervis Bay, p\u00e5 den s\u00f8rlige kysten av New South Wales.<\/p>\n<p class=\"_paragraph_o9xde_4 _paragraph_xtcu6_10 layout-component text-serif-m layout-normal text-serif-m layout-padded\">I virkeligheten holdt de seg skjult i et mindre, leid hus i Campsie, rundt to mil fra Bondi Beach, skriver avisen.<\/p>\n<p class=\"_paragraph_o9xde_4 _paragraph_xtcu6_10 layout-component text-serif-m layout-normal text-serif-m layout-padded\">\u2013 Han ringer meg [p\u00e5 s\u00f8ndag] og sier \u00abmamma, jeg har nettopp badet. Jeg dykket. Vi skal &#8230; spise n\u00e5, og denne morgenen skal vi holde oss inne, for det er veldig varmt,\u00bb har Naveeds mor Verena Akram uttalt til SMH.<\/p>\n<p class=\"_paragraph_o9xde_4 _paragraph_xtcu6_10 layout-component text-serif-m layout-normal text-serif-m layout-padded\">Overv\u00e5kningsvideoer skal vise Sajid og Naveed g\u00e5ende fra en adresse i Campsie rundt kl. 17.15 lokal tid, kort tid etter telefonsamtalen, skriver avisen.<\/p>\n<p class=\"_paragraph_o9xde_4 _paragraph_xtcu6_10 layout-component text-serif-m layout-normal text-serif-m layout-padded\">Gjerningspersonene <a href=\"https:\/\/www.vg.no\/nyheter\/i\/bOKr23\/meldt-om-skyting-ved-bondi-beach-i-sydney\" data-track-element-type=\"Link\" data-track-id=\"link:bOKr23\" class=\"_link_o9xde_39\" rel=\"nofollow noopener\" target=\"_blank\">\u00e5pnet ild etter kl. 18:40<\/a> s\u00f8ndag kveld lokal tid.<\/p>\n<p><img alt=\"GANGBRO: De to gjerningsmennene skj\u00f8t fra denne gangbroen i om lag ti minutter.  Foto: Agenzia Fotogramma \/ ipa-agency.net \/ Pa Photos \/ NTB\" class=\"_image_qp4xg_65 layout-component layout-normal\" data-fullscreen- data-track-element-type=\"Article image fullscreen\" data-track-name=\"ImageFullscreen\" decoding=\"async\" loading=\"lazy\" height=\"4375\" itemprop=\"image\"  src=\"https:\/\/www.europesays.com\/no\/wp-content\/uploads\/2025\/12\/18e9c388-5e8e-47e3-b5c2-69977f9e8986\"  style=\"object-position:0% 0%\" width=\"4700\"\/>GANGBRO: De to gjerningsmennene skj\u00f8t fra denne gangbroen i om lag ti minutter.  Foto: Agenzia Fotogramma \/ ipa-agency.net \/ Pa Photos \/ NTBRansaket bolig<\/p>\n<p class=\"_paragraph_o9xde_4 _paragraph_xtcu6_10 layout-component text-serif-m layout-normal text-serif-m layout-padded\">S\u00f8ndag kveld, etter skytingen, tok tungt bev\u00e6pnet politi seg inn i en bolig i Bonnyrigg, der Naveed og Sajid var bosatt, skriver <a href=\"https:\/\/www.abc.net.au\/news\/2025-12-15\/bondi-beach-attack-gunmen-father-and-son\/106142630\" class=\"_link_o9xde_39\" rel=\"nofollow noopener\" target=\"_blank\">ABC<\/a>. Forstaden ligger s\u00f8rvest for Sydney. <\/p>\n<p class=\"_paragraph_o9xde_4 _paragraph_xtcu6_10 layout-component text-serif-m layout-normal text-serif-m layout-padded\">Vitner p\u00e5 stedet sier til <a href=\"https:\/\/7news.com.au\/news\/bondi-beach-shooting-gunmen-open-fire-at-australias-most-famous-beach-with-fears-of-multiple-dead-c-21000601\" class=\"_link_o9xde_39\" rel=\"nofollow noopener\" target=\"_blank\">7news<\/a> at de s\u00e5 en mann bli f\u00f8rt bort i h\u00e5ndjern, i tillegg til to kvinner som ble eskortert ut av boligen.<\/p>\n<p class=\"_paragraph_o9xde_4 _paragraph_xtcu6_10 layout-component text-serif-m layout-normal text-serif-m layout-padded\">If\u00f8lge <a href=\"https:\/\/www.bbc.com\/news\/live\/ckgk391yzm7t\" class=\"_link_o9xde_39\" rel=\"nofollow noopener\" target=\"_blank\">BBC<\/a>, ble de tre personene arrestert, men fikk returnere til boligen, l\u00f8slatt uten tiltale.<\/p>\n<p class=\"_paragraph_o9xde_4 _paragraph_xtcu6_10 layout-component text-serif-m layout-normal text-serif-m layout-padded\">I tillegg ransaket politiet Airbnb-boligen i Campsie, der mennene skal ha oppholdt seg, skriver ABC.<\/p>\n<p><img alt=\"Politiet utenfor huset til Sajeed og Naveed Akram i Bonnyrigg.  Foto: JEREMY PIPER \/ Reuters \/ NTB\" class=\"_image_qp4xg_65 layout-component layout-normal\" data-fullscreen- data-track-element-type=\"Article image fullscreen\" data-track-name=\"ImageFullscreen\" decoding=\"async\" loading=\"lazy\" height=\"1994\" itemprop=\"image\"  src=\"https:\/\/www.europesays.com\/no\/wp-content\/uploads\/2025\/12\/b0a9e3f1-338a-4f61-9992-476b79db86e0\"  style=\"object-position:0% 0%\" width=\"3000\"\/>Politiet utenfor huset til Sajeed og Naveed Akram i Bonnyrigg.  Foto: JEREMY PIPER \/ Reuters \/ NTB<img alt=\"En politibetjent utenfor huset til de antatte gjerningspersonene i Bonnyrigg.  Foto: Alasdair Pal \/ Reuters \/ NTB\" class=\"_image_qp4xg_65 layout-component layout-normal\" data-fullscreen- data-track-element-type=\"Article image fullscreen\" data-track-name=\"ImageFullscreen\" decoding=\"async\" loading=\"lazy\" height=\"2117\" itemprop=\"image\"  src=\"https:\/\/www.europesays.com\/no\/wp-content\/uploads\/2025\/12\/76a3dc64-b870-4ef6-9a77-c6ec2767c81e\"  style=\"object-position:0% 0%\" width=\"3169\"\/>En politibetjent utenfor huset til de antatte gjerningspersonene i Bonnyrigg.  Foto: Alasdair Pal \/ Reuters \/ NTBSkal ha v\u00e6rt kjent for politiet fra f\u00f8r<\/p>\n<p class=\"_paragraph_o9xde_4 _paragraph_xtcu6_10 layout-component text-serif-m layout-normal text-serif-m layout-padded\"><a href=\"https:\/\/www.abc.net.au\/news\/2025-12-15\/bondi-beach-attack-gunmen-father-and-son\/106142630\" class=\"_link_o9xde_39\" rel=\"nofollow noopener\" target=\"_blank\">ABC <\/a>skriver at s\u00f8nnen skal v\u00e6re kjent fra politiet fra f\u00f8r. Politiet mener at mennene hadde sverget troskap til terroristgruppen IS. <\/p>\n<p class=\"_paragraph_o9xde_4 _paragraph_xtcu6_10 layout-component text-serif-m layout-normal text-serif-m layout-padded\">Videre skriver ABC at to IS-flagg ble funnet i bilen deres p\u00e5 Bondi Beach, if\u00f8lge en h\u00f8ytst\u00e5ende tjenestemann som uttalte seg anonymt. <\/p>\n<p class=\"_paragraph_o9xde_4 _paragraph_xtcu6_10 layout-component text-serif-m layout-normal text-serif-m layout-padded\">Ett flagg kunne sees i opptak fra \u00e5stedet p\u00e5 panseret p\u00e5 bilen. <\/p>\n<p class=\"_paragraph_o9xde_4 _paragraph_xtcu6_10 layout-component text-serif-m layout-normal text-serif-m layout-padded\">Naveed ble unders\u00f8kt i 2019 i forbindelse med Sydney-basert IS-celle, men ble ikke ansett for \u00e5 utgj\u00f8re en umiddelbar trussel. Det bekrefter statsminister i Australia, Anthony Albanese. <\/p>\n<p><img alt=\"Sajid Akram  Foto: X\" class=\"_image_qp4xg_65 layout-component layout-normal\" data-fullscreen- data-track-element-type=\"Article image fullscreen\" data-track-name=\"ImageFullscreen\" decoding=\"async\" loading=\"lazy\" height=\"770\" itemprop=\"image\"  src=\"https:\/\/www.europesays.com\/no\/wp-content\/uploads\/2025\/12\/7a6a0d9b-f6db-4bca-bef9-7429ad5e0ff4\"  style=\"object-position:0% 0%\" width=\"632\"\/>Sajid Akram  Foto: X<\/p>\n<p class=\"_paragraph_o9xde_4 _paragraph_xtcu6_10 layout-component text-serif-m layout-normal text-serif-m layout-padded\">Faren har hatt <a href=\"https:\/\/www.vg.no\/nyheter\/i\/9pm44r\/australsk-politi-om-terroren-paa-bondi-beach\" data-track-element-type=\"Link\" data-track-id=\"link:9pm44r\" class=\"_link_o9xde_39\" rel=\"nofollow noopener\" target=\"_blank\">v\u00e5penlisens <\/a>i omtrent ti \u00e5r. Han eide seks lisensierte skytev\u00e5pen, forteller politimester Mal Lanyon.<\/p>\n<p class=\"_paragraph_o9xde_4 _paragraph_xtcu6_10 layout-component text-serif-m layout-normal text-serif-m layout-padded\"><a href=\"https:\/\/www.vg.no\/tips-oss?utm_source=sdrn%3Avg%3Aarticle%3AbOKr23&amp;utm_medium=Header\" class=\"_link_o9xde_39\" rel=\"nofollow noopener\" target=\"_blank\">Var du i n\u00e6rheten? Har du bilder eller video? Tips oss<\/a><\/p>\n<p> \u2013 Han er en god gutt<\/p>\n<p class=\"_paragraph_o9xde_4 _paragraph_xtcu6_10 layout-component text-serif-m layout-normal text-serif-m layout-padded\">If\u00f8lge <a href=\"https:\/\/www.smh.com.au\/national\/nsw\/alleged-bondi-terror-gunman-naveed-akram-told-family-he-was-going-on-fishing-trip-20251214-p5nnls.html\" class=\"_link_o9xde_39\" rel=\"nofollow noopener\" target=\"_blank\">The Sydney Morning Herald<\/a>, klarte ikke moren til Naveed \u00e5 identifisere s\u00f8nnen ut fra bilder fra skytingen. Til avisen sa hun at hun ikke kunne tro at han kunne v\u00e6re involvert i voldelige eller ekstremistiske handlinger.<\/p>\n<p class=\"_paragraph_o9xde_4 _paragraph_xtcu6_10 layout-component text-serif-m layout-normal text-serif-m layout-padded\">\u2013 Han har ikke v\u00e5pen. Han g\u00e5r ikke engang ut. Han omg\u00e5s ikke med ulike venner. Han drikker ikke, han r\u00f8yker ikke, han opps\u00f8ker ikke d\u00e5rlige steder &#8230; han g\u00e5r p\u00e5 jobb, han kommer hjem, han trener, og det er alt, fortalte hun avisen. <\/p>\n<p class=\"_paragraph_o9xde_4 _paragraph_xtcu6_10 layout-component text-serif-m layout-normal text-serif-m layout-padded\">\u2013 Alle ville ha \u00f8nsket \u00e5 ha en s\u00f8nn som min s\u00f8nn &#8230; han er en god gutt, sa hun videre.<\/p>\n<p class=\"_paragraph_o9xde_4 _paragraph_xtcu6_10 layout-component text-serif-m layout-normal text-serif-m layout-padded\">24-\u00e5ringen skal ha jobbet som murer, men selskapet han var ansatt i gikk konkurs, og han var p\u00e5 utkikk etter arbeid, st\u00e5r det i artikkelen.<\/p>\n<p class=\"_paragraph_o9xde_4 _paragraph_xtcu6_10 layout-component text-serif-m layout-normal text-serif-m layout-padded\">If\u00f8lge moren Verena, var ikke Naveed s\u00e6rlig sosial. Han s\u00e5 ikke ut til \u00e5 bruke mye tid p\u00e5 nettet, men elsket \u00e5 fiske, dykke, sv\u00f8mme og trene, sier hun til The Sydney Morning Herald. <\/p>\n<p>Ford\u00f8mmer angrepet<\/p>\n<p class=\"_paragraph_o9xde_4 _paragraph_xtcu6_10 layout-component text-serif-m layout-normal text-serif-m layout-padded\">If\u00f8lge ABC skal 24-\u00e5ringen ha studert ett \u00e5r ved Al Murad Institute i Sydney. Oppl\u00e6ringsstedet har ford\u00f8mt angrepet. <\/p>\n<p class=\"_paragraph_o9xde_4 _paragraph_xtcu6_10 layout-component text-serif-m layout-normal text-serif-m layout-padded\">Ett bilde har g\u00e5tt viralt p\u00e5 internett etter skytingen. Det er av 24-\u00e5ringen Naveed Akram sammen med grunnlegger av instituttet, Adam Ismail. <\/p>\n<p class=\"_paragraph_o9xde_4 _paragraph_xtcu6_10 layout-component text-serif-m layout-normal text-serif-m layout-padded\">\u2013 Naveed opps\u00f8kte senteret i 2019 for f\u00e5 koranresitasjon koranresitasjon Opplesning av koranen. og for \u00e5 f\u00e5 arabisk spr\u00e5kkurs, sa Ismail i en <a href=\"https:\/\/www.news.com.au\/national\/crime\/islamic-teacher-breaks-silence-on-viral-photo-alongside-alleged-bondi-gunman\/news-story\/8b366016a140571c6f05b2b81c34b797\" class=\"_link_o9xde_39\" rel=\"nofollow noopener\" target=\"_blank\">video<\/a>. <\/p>\n<p><img alt=\"Foto: X\" class=\"_image_qp4xg_65 layout-component layout-normal\" data-fullscreen- data-track-element-type=\"Article image fullscreen\" data-track-name=\"ImageFullscreen\" decoding=\"async\" loading=\"lazy\" height=\"1280\" itemprop=\"image\"  src=\"https:\/\/www.europesays.com\/no\/wp-content\/uploads\/2025\/12\/6c8f3302-200c-4490-b747-6274f9e6332b\"  style=\"object-position:0% 0%\" width=\"1218\"\/>Foto: X<\/p>\n<p class=\"_paragraph_o9xde_4 _paragraph_xtcu6_10 layout-component text-serif-m layout-normal text-serif-m layout-padded\">\u2013 Jeg vil v\u00e6re helt tydelig p\u00e5 at jeg fra starten ikke hadde noen som helst innblanding i det tragiske som skjedde i Bondi i g\u00e5r, sa han. <\/p>\n<p class=\"_paragraph_o9xde_4 _paragraph_xtcu6_10 layout-component text-serif-m layout-normal text-serif-m layout-padded\"><strong class=\"_strong_o9xde_25\">Videre sier han at han synes det var ironisk at det 24-\u00e5ringen l\u00e6rte i Koranen, tydelig sier at det \u00e5 ta ett uskyldig liv er som \u00e5 drepe hele menneskeheten. <\/strong><\/p>\n<p class=\"_paragraph_o9xde_4 _paragraph_xtcu6_10 layout-component text-serif-m layout-normal text-serif-m layout-padded\">\u2013 Det gj\u00f8r det klart at det som at det som utspilte seg i g\u00e5r p\u00e5 Bondi er forbudt i Islam, sier han videre. <\/p>\n<p>    Skj\u00f8t mot j\u00f8disk festival<\/p>\n<p class=\"_paragraph_o9xde_4 _paragraph_xtcu6_10 layout-component text-serif-m layout-normal text-serif-m layout-padded\">Gjerningspersonene var bev\u00e6pnet med skytev\u00e5pen, men politiet har ikke g\u00e5tt ut med detaljer om v\u00e5pnene. <\/p>\n<p class=\"_paragraph_o9xde_4 _paragraph_xtcu6_10 layout-component text-serif-m layout-normal text-serif-m layout-padded\">De to skj\u00f8t fra en gangbro, og avfyrte mellom 30 og 50 skudd, skriver Herald Sun. Hendelsen skjedde i den nordlige enden av Bondi Beach. <\/p>\n<p class=\"_paragraph_o9xde_4 _paragraph_xtcu6_10 layout-component text-serif-m layout-normal text-serif-m layout-padded\">Det var omtrent 50 meter fra gangbroen til det j\u00f8diske Hanukkah-arrangementet, der over 1000 mennesker var samlet. <\/p>\n<p><img alt=\"J\u00d8DISK: Over 1000 mennesker var samlet p\u00e5 det j\u00f8diske Hanukkah-arrangementet.   Foto: JEREMY PIPER \/ EPA \/ NTB\" class=\"_image_qp4xg_65 layout-component layout-normal\" data-fullscreen- data-track-element-type=\"Article image fullscreen\" data-track-name=\"ImageFullscreen\" decoding=\"async\" loading=\"lazy\" height=\"2000\" itemprop=\"image\"  src=\"https:\/\/www.europesays.com\/no\/wp-content\/uploads\/2025\/12\/854029d2-04cb-4938-a7a9-20353a2b3f77\"  style=\"object-position:0% 0%\" width=\"3000\"\/>J\u00d8DISK: Over 1000 mennesker var samlet p\u00e5 det j\u00f8diske Hanukkah-arrangementet.   Foto: JEREMY PIPER \/ EPA \/ NTB<\/p>\n<p class=\"_paragraph_o9xde_4 _paragraph_xtcu6_10 layout-component text-serif-m layout-normal text-serif-m layout-padded\">Kilder i politiet sier til Herald Sun at gjerningspersonene ogs\u00e5 kastet to r\u00f8rbomber mot den j\u00f8diske festen.<\/p>\n<p class=\"_paragraph_o9xde_4 _paragraph_xtcu6_10 layout-component text-serif-m layout-normal text-serif-m layout-padded\">Det oppsto skuddveksling med politiet, hvor begge gjerningspersonene ble skutt. En av gjerningsmennene d\u00f8de alts\u00e5 p\u00e5 stedet. <\/p>\n<p class=\"_paragraph_o9xde_4 _paragraph_xtcu6_10 layout-component text-serif-m layout-normal text-serif-m layout-padded\">21:36 lokal tid erkl\u00e6rte politiet hendelsen for \u00e5 v\u00e6re et terrorangrep, skriver <a href=\"https:\/\/www.abc.net.au\/news\/2025-12-14\/what-we-know-bondi-beach-shooting\/106141672\" class=\"_link_o9xde_39\" rel=\"nofollow noopener\" target=\"_blank\">ABC<\/a>.<\/p>\n<p> Felles terrorbekjempelse<\/p>\n<p class=\"_paragraph_o9xde_4 _paragraph_xtcu6_10 layout-component text-serif-m layout-normal text-serif-m layout-padded\">S\u00f8ndag kveld fjernet politiets bombegruppe eksplosiver fra en bil som var knyttet til gjerningsmennene. Eksplosivene blir beskrevet som en improvisert IED.<\/p>\n<p class=\"_paragraph_o9xde_4 _paragraph_xtcu6_10 layout-component text-serif-m layout-normal text-serif-m layout-padded\">Politiet opplyste i en <a href=\"https:\/\/www.police.nsw.gov.au\/news\/news_article?sq_content_src=%2BdXJsPWh0dHBzOi8vZWJpenByZC5wb2xpY2UubnN3Lmdvdi5hdS9tZWRpYS8xMjI0NjcuaHRtbCZhbGw9MQ==\" class=\"_link_o9xde_39\" rel=\"nofollow noopener\" target=\"_blank\">melding <\/a>s\u00f8ndag at det ikke lenger var noen umiddelbar trussel for folk i omr\u00e5det. <\/p>\n<p class=\"_paragraph_o9xde_4 _paragraph_xtcu6_10 layout-component text-serif-m layout-normal text-serif-m layout-padded\">Felles terrorbekjempelse i delstaten New South Wales <a href=\"https:\/\/www.police.nsw.gov.au\/news\/news_article?sq_content_src=%2BdXJsPWh0dHBzJTNBJTJGJTJGZWJpenByZC5wb2xpY2UubnN3Lmdvdi5hdSUyRm1lZGlhJTJGMTIyNDc3Lmh0bWwmYWxsPTE%3D\" class=\"_link_o9xde_39\" rel=\"nofollow noopener\" target=\"_blank\">har startet omfattende etterforskning<\/a> etter skytingen. If\u00f8lge politiet har det ikke v\u00e6rt noen rapporter om andre hendelser i Sydney knyttet til hendelsen. <\/p>\n<p><img alt=\"Foto: JEREMY PIPER \/ Reuters \/ NTB\" class=\"_image_qp4xg_65 layout-component layout-normal\" data-fullscreen- data-track-element-type=\"Article image fullscreen\" data-track-name=\"ImageFullscreen\" decoding=\"async\" loading=\"lazy\" height=\"2000\" itemprop=\"image\"  src=\"https:\/\/www.europesays.com\/no\/wp-content\/uploads\/2025\/12\/2b61a22e-fa3d-4dd8-8ec1-2529da2a0879\"  style=\"object-position:0% 0%\" width=\"3000\"\/>Foto: JEREMY PIPER \/ Reuters \/ NTB    <\/p>\n","protected":false},"excerpt":{"rendered":"Det skal ha v\u00e6rt 24 \u00e5r gamle Naveed Akram og faren hans Sajid Akram (50) som skj\u00f8t og&hellip;\n","protected":false},"author":2,"featured_media":113640,"comment_status":"","ping_status":"","sticky":false,"template":"","format":"standard","meta":{"footnotes":""},"categories":[5],"tags":[47,20,21,24,25,15,19,22,23,17,18,13,30,28,29,14,16,3686,26,27],"class_list":{"0":"post-113639","1":"post","2":"type-post","3":"status-publish","4":"format-standard","5":"has-post-thumbnail","7":"category-overskrifter","8":"tag-australia","9":"tag-breaking-news","10":"tag-breakingnews","11":"tag-featured-news","12":"tag-featurednews","13":"tag-headlines","14":"tag-hovedoppslag","15":"tag-latest-news","16":"tag-latestnews","17":"tag-main-news","18":"tag-mainnews","19":"tag-news","20":"tag-no","21":"tag-norge","22":"tag-norway","23":"tag-nyheter","24":"tag-overskrifter","25":"tag-terror","26":"tag-top-stories","27":"tag-topstories"},"share_on_mastodon":{"url":"https:\/\/pubeurope.com\/@no\/115723020857037557","error":""},"_links":{"self":[{"href":"https:\/\/www.europesays.com\/no\/wp-json\/wp\/v2\/posts\/113639","targetHints":{"allow":["GET"]}}],"collection":[{"href":"https:\/\/www.europesays.com\/no\/wp-json\/wp\/v2\/posts"}],"about":[{"href":"https:\/\/www.europesays.com\/no\/wp-json\/wp\/v2\/types\/post"}],"author":[{"embeddable":true,"href":"https:\/\/www.europesays.com\/no\/wp-json\/wp\/v2\/users\/2"}],"replies":[{"embeddable":true,"href":"https:\/\/www.europesays.com\/no\/wp-json\/wp\/v2\/comments?post=113639"}],"version-history":[{"count":0,"href":"https:\/\/www.europesays.com\/no\/wp-json\/wp\/v2\/posts\/113639\/revisions"}],"wp:featuredmedia":[{"embeddable":true,"href":"https:\/\/www.europesays.com\/no\/wp-json\/wp\/v2\/media\/113640"}],"wp:attachment":[{"href":"https:\/\/www.europesays.com\/no\/wp-json\/wp\/v2\/media?parent=113639"}],"wp:term":[{"taxonomy":"category","embeddable":true,"href":"https:\/\/www.europesays.com\/no\/wp-json\/wp\/v2\/categories?post=113639"},{"taxonomy":"post_tag","embeddable":true,"href":"https:\/\/www.europesays.com\/no\/wp-json\/wp\/v2\/tags?post=113639"}],"curies":[{"name":"wp","href":"https:\/\/api.w.org\/{rel}","templated":true}]}}