{"id":113645,"date":"2025-12-15T10:16:08","date_gmt":"2025-12-15T10:16:08","guid":{"rendered":"https:\/\/www.europesays.com\/no\/113645\/"},"modified":"2025-12-15T10:16:08","modified_gmt":"2025-12-15T10:16:08","slug":"ville-gjort-det-igjen-nrk-urix-utenriksnyheter-og-dokumentarer","status":"publish","type":"post","link":"https:\/\/www.europesays.com\/no\/113645\/","title":{"rendered":"\u2013 Ville gjort det igjen \u2013 NRK Urix \u2013 Utenriksnyheter og -dokumentarer"},"content":{"rendered":"<p>\u2013 Han sa at han ville gjort det igjen. Men smertene har begynt \u00e5 t\u00e6re p\u00e5 han.<\/p>\n<p>Det seier Sam Issa, Ahmed al Ahmed sin migrasjonsadvokat, m\u00e5ndag kveld etter \u00e5 ha bes\u00f8kt han, if\u00f8lge <a href=\"https:\/\/www.smh.com.au\/national\/nsw\/hero-bystander-tackles-gunman-in-incredible-footage-20251214-p5nnlb.html\" ec-id=\"https:\/\/www.smh.com.au\/national\/nsw\/hero-bystander-tackles-gunman-in-incredible-footage-20251214-p5nnlb.html\" ec-name=\"The Sydney Morning Herald\" rel=\"nofollow noopener\" target=\"_blank\">The Sydney Morning Herald<\/a>.<\/p>\n<p>Mange j\u00f8dar hadde samla seg p\u00e5 stranda Bondi Beach i Sydney for \u00e5 feire hanukka, d\u00e5 to personar begynte \u00e5 <a href=\"https:\/\/www.nrk.no\/urix\/gikk-alene-mot-gjerningsmannen-_-reddet-trolig-flere-liv-1.17692135\" ec-id=\"pp:article:1.17692135\" ec-name=\"skyte mot forsamlinga\" rel=\"nofollow noopener\" target=\"_blank\">skyte mot forsamlinga<\/a>.<\/p>\n<p>Sj\u00e5 Ahmed angripe inn her:<\/p>\n<p>Video viser forbipasserande som grip inn og overmannar ein av skyttarane p\u00e5 Bondi Beach. \u2013 Eg har ingen tvil om at mange er i live i dag p\u00e5 grunn av hans heltemot, seier delstatsleiaren i New South Wales.<\/p>\n<p>Ligg p\u00e5 sjukehus<\/p>\n<p>Minst 16 er drepne, mellom anna eit barn, og 38 s\u00e5ra, if\u00f8lge australske styresmakter.<\/p>\n<p>Ein av dei s\u00e5ra er Ahmed al Ahmed som stoppa ein av skyttarane ved \u00e5 overfalle han og ta fr\u00e5 han v\u00e5penet.\n<\/p>\n<p><img decoding=\"async\"   src=\"data:image\/gif;base64,R0lGODlhAQABAIAAAAAAAP\/\/\/yH5BAEAAAAALAAAAAABAAEAAAIBRAA7\" loading=\"eager\" alt=\"En gruppe mennesker legger ned blomster p\u00e5 et sted fylt med blomsterhilsener i en minnesmarkering. Blant de tilstedev\u00e6rende er det flere personer i formelle kl\u00e6r, og en politibetjent er synlig. Omkring dem st\u00e5r en st\u00f8rre folkemengde som ogs\u00e5 deltar i seremonien. Bakgrunnen viser tr\u00e6r og et omr\u00e5de avsperret for arrangementet. (Bildebeskrivelsen er laget av en KI-tjeneste)\" title=\"Foto: SAEED KHAN \/ AFP \/ NTB\"\/><\/p>\n<p class=\"\">Delstatsleiar Chris Minns i New South Wales og fleire andre la ned blomar ved Bondi Pavilion i til minne om ofra etter skytinga p\u00e5 Bondi Beach.<\/p>\n<p>Foto: SAEED KHAN \/ AFP \/ NTB<\/p>\n<p>Han ligg no p\u00e5 sjukehus og f\u00e5r behandling.<\/p>\n<p>\u2013 Han har det sv\u00e6rt d\u00e5rleg. Kroppen hans er full av skot, og han har det tungt no, seier advokaten som bes\u00f8kte Ahmed.<\/p>\n<p><strong>Fleire har hylla den modige mannen.<\/strong><\/p>\n<p>Delstatsminister Chris Minns seier han er djupt imponert over han.<\/p>\n<p>\u2013 Ein mann som g\u00e5r rett mot ein v\u00e6pna skytar som trugar lokalsamfunnet, og som heilt \u00e5leine klarer \u00e5 avv\u00e6pne han. Han var villig til \u00e5 setje sitt eige liv i fare for \u00e5 redde mange andre. Det er ein ekte helt, sa Minns.\n<\/p>\n<p><img decoding=\"async\"   src=\"data:image\/gif;base64,R0lGODlhAQABAIAAAAAAAP\/\/\/yH5BAEAAAAALAAAAAABAAEAAAIBRAA7\" loading=\"eager\" alt=\"To personer i dress st\u00e5r foran flere mikrofoner under en pressekonferanse. En av dem viser et fredstegn med h\u00e5nden. Bakgrunnen har logoer for New South Wales-regjeringen. Flere medieflagg fra ulike nyhetsstasjoner er synlige p\u00e5 mikrofonene. (Bildebeskrivelsen er laget av en KI-tjeneste)\" title=\"Foto: MICK TSIKAS \/ Reuters \/ NTB\"\/><\/p>\n<p class=\"\">Delstatsminister Chris Minns og statsminister Anthony Albanese p\u00e5 pressekonferanse etter angrepet.<\/p>\n<p>Foto: MICK TSIKAS \/ Reuters \/ NTB<\/p>\n<p>\u2013 Eg er heilt sikker p\u00e5 at fleire menneske er i live i kveld p\u00e5 grunn av motet hans.<\/p>\n<p>Hendinga er klassifisert som eit terrorangrep, og det er opplyst at to menn som skal vere som skal vere far og son, st\u00e5r bak.<\/p>\n<p>Publisert<\/p>\n<p>15.12.2025, kl. 10.36<\/p>\n<p>Oppdatert<\/p>\n<p>15.12.2025, kl. 11.06<\/p>\n","protected":false},"excerpt":{"rendered":"\u2013 Han sa at han ville gjort det igjen. Men smertene har begynt \u00e5 t\u00e6re p\u00e5 han. Det&hellip;\n","protected":false},"author":2,"featured_media":113646,"comment_status":"","ping_status":"","sticky":false,"template":"","format":"standard","meta":{"footnotes":""},"categories":[5],"tags":[20,21,24,25,15,19,22,23,17,18,13,30,28,29,14,16,26,27],"class_list":{"0":"post-113645","1":"post","2":"type-post","3":"status-publish","4":"format-standard","5":"has-post-thumbnail","7":"category-overskrifter","8":"tag-breaking-news","9":"tag-breakingnews","10":"tag-featured-news","11":"tag-featurednews","12":"tag-headlines","13":"tag-hovedoppslag","14":"tag-latest-news","15":"tag-latestnews","16":"tag-main-news","17":"tag-mainnews","18":"tag-news","19":"tag-no","20":"tag-norge","21":"tag-norway","22":"tag-nyheter","23":"tag-overskrifter","24":"tag-top-stories","25":"tag-topstories"},"share_on_mastodon":{"url":"https:\/\/pubeurope.com\/@no\/115723068050918025","error":""},"_links":{"self":[{"href":"https:\/\/www.europesays.com\/no\/wp-json\/wp\/v2\/posts\/113645","targetHints":{"allow":["GET"]}}],"collection":[{"href":"https:\/\/www.europesays.com\/no\/wp-json\/wp\/v2\/posts"}],"about":[{"href":"https:\/\/www.europesays.com\/no\/wp-json\/wp\/v2\/types\/post"}],"author":[{"embeddable":true,"href":"https:\/\/www.europesays.com\/no\/wp-json\/wp\/v2\/users\/2"}],"replies":[{"embeddable":true,"href":"https:\/\/www.europesays.com\/no\/wp-json\/wp\/v2\/comments?post=113645"}],"version-history":[{"count":0,"href":"https:\/\/www.europesays.com\/no\/wp-json\/wp\/v2\/posts\/113645\/revisions"}],"wp:featuredmedia":[{"embeddable":true,"href":"https:\/\/www.europesays.com\/no\/wp-json\/wp\/v2\/media\/113646"}],"wp:attachment":[{"href":"https:\/\/www.europesays.com\/no\/wp-json\/wp\/v2\/media?parent=113645"}],"wp:term":[{"taxonomy":"category","embeddable":true,"href":"https:\/\/www.europesays.com\/no\/wp-json\/wp\/v2\/categories?post=113645"},{"taxonomy":"post_tag","embeddable":true,"href":"https:\/\/www.europesays.com\/no\/wp-json\/wp\/v2\/tags?post=113645"}],"curies":[{"name":"wp","href":"https:\/\/api.w.org\/{rel}","templated":true}]}}