{"id":113651,"date":"2025-12-15T10:23:16","date_gmt":"2025-12-15T10:23:16","guid":{"rendered":"https:\/\/www.europesays.com\/no\/113651\/"},"modified":"2025-12-15T10:23:16","modified_gmt":"2025-12-15T10:23:16","slug":"her-er-stores-plan-for-norge","status":"publish","type":"post","link":"https:\/\/www.europesays.com\/no\/113651\/","title":{"rendered":"Her er St\u00f8res plan for Norge"},"content":{"rendered":"\n<ul class=\"_list_o9xde_3 _list_64s2r_85 _unordered_o9xde_106 text-sans-m\">\n<li class=\"_item_o9xde_30\">Statsminister Jonas Gahr St\u00f8re presenterte regjeringens nye plan for Norge, som erstatter en tradisjonell regjeringsplattform.<\/li>\n<li class=\"_item_o9xde_30\">Planen fokuserer p\u00e5 fem hovedm\u00e5l: flere i jobb, et bedre n\u00e6ringsliv, en effektiv offentlig sektor, styrket utdanning, og helsetjenester i verdensklasse.<\/li>\n<li class=\"_item_o9xde_30\">Prioriteringene inkluderer ogs\u00e5 \u00e5 styrke Norges forsvar og beredskap.<\/li>\n<\/ul>\n<p>Vis mer <\/p>\n<p class=\"_paragraph_o9xde_4 _paragraph_xtcu6_10 layout-component text-serif-m layout-normal text-serif-m layout-padded\">Statsminister <a href=\"https:\/\/www.vg.no\/tag\/jonas-gahr-stoere?utm_source=vg-article&amp;utm_medium=auto-tagger&amp;utm_campaign=Pd3Jzp\" class=\"_link_o9xde_39\" rel=\"nofollow noopener\" target=\"_blank\">Jonas Gahr St\u00f8re<\/a> la frem regjeringens plan for Norge mandag formiddag, som er en nyvinning<a href=\"https:\/\/www.vg.no\/nyheter\/i\/bOKg5q\/stoere-satser-paa-plan-for-norge\" data-track-element-type=\"Link\" data-track-id=\"link:bOKg5q\" class=\"_link_o9xde_39\" rel=\"nofollow noopener\" target=\"_blank\"> i stedet for en mer tradisjonell regjeringsplattform<\/a>.<\/p>\n<p class=\"_paragraph_o9xde_4 _paragraph_xtcu6_10 layout-component text-serif-m layout-normal text-serif-m layout-padded\">Deler av den er allerede kjent, blant annet n\u00e5r det gjelder innvandringspolitikken og <a href=\"https:\/\/www.vg.no\/nyheter\/i\/K8v2Le\/vestre-vil-redusere-helsekoeene-med-private-aktoerer\" data-track-element-type=\"Link\" data-track-id=\"link:K8v2Le\" class=\"_link_o9xde_39\" rel=\"nofollow noopener\" target=\"_blank\">mer bruk av private akt\u00f8rer<\/a> for \u00e5 f\u00e5 ned ventetiden ved sykehusene, som LOs st\u00f8rste forbund, Fagforbundet, og Sp er kritiske til.<\/p>\n<p class=\"_paragraph_o9xde_4 _paragraph_xtcu6_10 layout-component text-serif-m layout-normal text-serif-m layout-padded\">\u2013 I stedet for en tradisjonell regjeringsplattform med hundrevis av enkelttiltak, peker regjeringen p\u00e5 f\u00e6rre m\u00e5l, tydelige prioriteringer og st\u00f8rre prosjekter for Norge. Det vil gi mer kraft til \u00e5 styre landet \u2013 og til \u00e5 gjennomf\u00f8re det som er viktigst her og n\u00e5, sier St\u00f8re.<\/p>\n<p class=\"_paragraph_o9xde_4 _paragraph_xtcu6_10 layout-component text-serif-m layout-normal text-serif-m layout-padded\">Her kan du lese om de fem viktigste grepene for Norge, som regjeringen presenterte mandag formiddag:<\/p>\n<p class=\"_paragraph_o9xde_4 _paragraph_xtcu6_10 layout-component text-serif-m layout-normal text-serif-m layout-padded\"><strong class=\"_strong_o9xde_25\">1. \u00abFlere i jobb\u00bb<\/strong><br \/>Regjeringen vil f\u00e5 150 000 flere mennesker i jobb innen 2030.<\/p>\n<p class=\"_paragraph_o9xde_4 _paragraph_xtcu6_10 layout-component text-serif-m layout-normal text-serif-m layout-padded\"><strong class=\"_strong_o9xde_25\">2. \u00abNorge skal bli et av verdens beste land \u00e5 skape verdier i\u00bb<\/strong><\/p>\n<p class=\"_paragraph_o9xde_4 _paragraph_xtcu6_10 layout-component text-serif-m layout-normal text-serif-m layout-padded\">Regjeringen vil gjennomf\u00f8re en skattereform som gir stabile og forutsigbare rammebetingelser, styrker konkurransekraften og bidrar til rettferdig fordeling.<\/p>\n<p class=\"_paragraph_o9xde_4 _paragraph_xtcu6_10 layout-component text-serif-m layout-normal text-serif-m layout-padded\"><strong class=\"_strong_o9xde_25\">3. \u00abOffentlig sektor skal bli mer effektiv og moderne\u00bb<\/strong><\/p>\n<p class=\"_paragraph_o9xde_4 _paragraph_xtcu6_10 layout-component text-serif-m layout-normal text-serif-m layout-padded\">Regjeringen vil gjennomf\u00f8re omstilling, effektivisering og reformer i offentlig sektor, og ha en mer tillitsbasert styring med f\u00e6rre m\u00e5l og mindre detaljstyring fra staten.<\/p>\n<p class=\"_paragraph_o9xde_4 _paragraph_xtcu6_10 layout-component text-serif-m layout-normal text-serif-m layout-padded\">I 2026 skal 80 prosent av offentlige virksomheter ta i bruk kunstig intelligens.<\/p>\n<p class=\"_paragraph_o9xde_4 _paragraph_xtcu6_10 layout-component text-serif-m layout-normal text-serif-m layout-padded\"><strong class=\"_strong_o9xde_25\">4. \u00abElevene skal l\u00e6re mer \u2013 og bruke mindre skjermtid\u00bb.<\/strong><\/p>\n<p class=\"_paragraph_o9xde_4 _paragraph_xtcu6_10 layout-component text-serif-m layout-normal text-serif-m layout-padded\">Regjeringen vil snu nedgangen i skoleresultater gjennom et omfattende lesel\u00f8ft med \u00e9n milliard kroner til mer lesing blant barn og unge, redusere skjermbruken i skolen og i hverdagen, og innf\u00f8re en aldersgrense p\u00e5 15 \u00e5r p\u00e5 sosiale medier.<\/p>\n<p class=\"_paragraph_o9xde_4 _paragraph_xtcu6_10 layout-component text-serif-m layout-normal text-serif-m layout-padded\"><strong class=\"_strong_o9xde_25\">5. \u00abNorge skal ha helsetjenester i verdensklasse\u00bb.<\/strong><br \/>Regjeringen vil modernisere fastlegeordningen, sikre kortere ventetider hvert \u00e5r i stortingsperioden og forsterke ordningen med fritt sykehusvalg.<\/p>\n<p class=\"_paragraph_o9xde_4 _paragraph_xtcu6_10 layout-component text-serif-m layout-normal text-serif-m layout-padded\"><strong class=\"_strong_o9xde_25\">\u00abRammen rundt alt: Trygghet for landet\u00bb.<\/strong><\/p>\n<p class=\"_paragraph_o9xde_4 _paragraph_xtcu6_10 layout-component text-serif-m layout-normal text-serif-m layout-padded\">Regjeringen vil styrke Norges forsvarsevne i tr\u00e5d med den nye sikkerhetssituasjonen, bygge en mer robust samfunnsberedskap i tett samarbeid med kommuner, n\u00e6ringsliv og frivillighet, og forsterke innsatsen mot kriminelle nettverk.<\/p>\n<p><img alt=\"Foto: Ole Berg-Rusten \/ NTB\" class=\"_image_qp4xg_65 layout-component layout-normal\" data-fullscreen- data-track-element-type=\"Article image fullscreen\" data-track-name=\"ImageFullscreen\" decoding=\"async\" loading=\"lazy\" height=\"5760\" itemprop=\"image\"  src=\"https:\/\/www.europesays.com\/no\/wp-content\/uploads\/2025\/12\/6665c7d0-5d5a-4dca-956b-0ae537a4f83d\"  style=\"object-position:0% 0%\" width=\"8640\"\/>Foto: Ole Berg-Rusten \/ NTB<\/p>\n<p class=\"_paragraph_o9xde_4 _paragraph_xtcu6_10 layout-component text-serif-m layout-normal text-serif-m layout-padded\">Mens tidligere regjeringsplattformer gjerne hadde opp mot 1000 enkelttiltak, har St\u00f8re valgt en annen m\u00e5te \u00e5 styre p\u00e5. Den nye planen bygger p\u00e5 Aps partiprogram og best\u00e5r av 25 st\u00f8rre prosjekter, skriver de i et sammendrag.<\/p>\n<p class=\"_paragraph_o9xde_4 _paragraph_xtcu6_10 layout-component text-serif-m layout-normal text-serif-m layout-padded\">Utdypninger om enkeltpunktene kan du lese her:<\/p>\n<p class=\"_paragraph_o9xde_4 _paragraph_xtcu6_10 _paragraph_16v91_10 layout-component text-serif-m layout-normal text-sans-m layout-padded\">1. Flere i jobb \u2013 og en sterkere arbeidslinje.<\/p>\n<p class=\"_paragraph_o9xde_4 _paragraph_xtcu6_10 _paragraph_16v91_10 layout-component text-serif-m layout-normal text-sans-m layout-padded\">Prioritere utdanninger der Norge har de st\u00f8rste kompetansebehovene, redusere sykefrav\u00e6ret med bedre oppf\u00f8lging og flere graderte sykmeldinger, og f\u00f8re en strengere og mer resultatorientert innvandrings- og integreringspolitikk slik at flere kommer i arbeid og f\u00e6rre kommer uten mulighet for \u00e5 bli integrert.<\/p>\n<p class=\"_paragraph_o9xde_4 _paragraph_xtcu6_10 _paragraph_16v91_10 layout-component text-serif-m layout-normal text-sans-m layout-padded\">2. Norge skal bli et av verdens beste land \u00e5 skape verdier i.<\/p>\n<p class=\"_paragraph_o9xde_4 _paragraph_xtcu6_10 _paragraph_16v91_10 layout-component text-serif-m layout-normal text-sans-m layout-padded\">Regelverksbyrden for n\u00e6ringslivet skal reduseres, virkemiddelapparatet skal effektiviseres, og innsatsen for et trygt og organisert arbeidsliv skal forsterkes, blant annet ved \u00e5 styrke rettighetene til dem som arbeider p\u00e5 digitale plattformer. <\/p>\n<p class=\"_paragraph_o9xde_4 _paragraph_xtcu6_10 _paragraph_16v91_10 layout-component text-serif-m layout-normal text-sans-m layout-padded\">3. Offentlig sektor skal bli mer effektiv og moderne.<\/p>\n<p class=\"_paragraph_o9xde_4 _paragraph_xtcu6_10 _paragraph_16v91_10 layout-component text-serif-m layout-normal text-sans-m layout-padded\"> I 2026 skal 80 prosent av offentlige virksomheter ta i bruk kunstig intelligens, og det skal etableres m\u00e5lrettede programmer for \u00e5 rekruttere og beholde kompetanse i sektorer som har s\u00e6rskilte behov. <\/p>\n<p class=\"_paragraph_o9xde_4 _paragraph_xtcu6_10 _paragraph_16v91_10 layout-component text-serif-m layout-normal text-sans-m layout-padded\">4. Elevene skal l\u00e6re mer \u2013 og bruke mindre skjerm.<\/p>\n<p class=\"_paragraph_o9xde_4 _paragraph_xtcu6_10 _paragraph_16v91_10 layout-component text-serif-m layout-normal text-sans-m layout-padded\">Regjeringen vil snu nedgangen i skoleresultater gjennom et omfattende lesel\u00f8ft med \u00e9n milliard kroner til mer lesing blant barn og unge, redusere skjermbruken i skolen og i hverdagen, og innf\u00f8re en aldersgrense p\u00e5 15 \u00e5r p\u00e5 sosiale medier. Fellesskoleutvalget skal legge grunnlaget for en kvalitetsreform i skolen, og alle under 30 \u00e5r skal f\u00e5 en jobb- og inntektsgaranti.<\/p>\n<p class=\"_paragraph_o9xde_4 _paragraph_xtcu6_10 _paragraph_16v91_10 layout-component text-serif-m layout-normal text-sans-m layout-padded\"> 5. Norge skal ha helsetjenester i verdensklasse.<\/p>\n<p class=\"_paragraph_o9xde_4 _paragraph_xtcu6_10 _paragraph_16v91_10 layout-component text-serif-m layout-normal text-sans-m layout-padded\">Regjeringen vil modernisere fastlegeordningen, sikre kortere ventetider hvert \u00e5r i stortingsperioden og forsterke ordningen med fritt sykehusvalg. En helsereform skal s\u00f8rge for en mer helhetlig og moderne helsetjeneste, og det tas et taktskifte i investeringer i medisinteknisk utstyr, kunstig intelligens og ny teknologi. Eldre som \u00f8nsker \u00e5 bo hjemme lenger skal f\u00e5 \u00f8konomisk st\u00f8tte til \u00e5 tilpasse boligen sin. <\/p>\n<p class=\"_paragraph_o9xde_4 _paragraph_xtcu6_10 _paragraph_16v91_10 layout-component text-serif-m layout-normal text-sans-m layout-padded\">Rammen rundt alt: Trygghet for landet.<\/p>\n<p class=\"_paragraph_o9xde_4 _paragraph_xtcu6_10 _paragraph_16v91_10 layout-component text-serif-m layout-normal text-sans-m layout-padded\">Forsterke innsatsen mot kriminelle nettverk slik at politiet kan forebygge, avdekke og stanse alvorlig kriminalitet. En kontrollert, rettferdig og b\u00e6rekraftig innvandringspolitikk skal sikre at Norge bare tar imot s\u00e5 mange som vi klarer \u00e5 integrere, og at de som kommer raskere kan bli en del av arbeids- og samfunnslivet.<\/p>\n<p>Vis merSlakt<\/p>\n<p class=\"_paragraph_o9xde_4 _paragraph_xtcu6_10 layout-component text-serif-m layout-normal text-serif-m layout-padded\">\u2013 Norge trenger ikke mer planer og prat fra St\u00f8re-regjeringen, fremholder Frp-leder Sylvi Listhaug i en pressemelding:<\/p>\n<p class=\"_paragraph_o9xde_4 _paragraph_xtcu6_10 layout-component text-serif-m layout-normal text-serif-m layout-padded\">\u2013 N\u00e5 er det akkurat vedtatt et statsbudsjett som i praksis gir kutt i kjerneoppgaver som helse, eldreomsorg, skole og politi. Tror Ap folk ikke f\u00f8lger med, sp\u00f8r hun og fortsetter:<\/p>\n<p class=\"_paragraph_o9xde_4 _paragraph_xtcu6_10 layout-component text-serif-m layout-normal text-serif-m layout-padded\">\u2013 Tror Ap at folk ikke gjennomskuer at den diffuse planen de legger frem er for \u00e5 l\u00f8se problemer de selv har forsterket eller skapt, sp\u00f8r hun.<\/p>\n<p><img alt=\"Foto: G\u00f8ran Bohlin \/ VG\" class=\"_image_qp4xg_65 layout-component layout-normal\" data-fullscreen- data-track-element-type=\"Article image fullscreen\" data-track-name=\"ImageFullscreen\" decoding=\"async\" loading=\"lazy\" height=\"4910\" itemprop=\"image\"  src=\"https:\/\/www.europesays.com\/no\/wp-content\/uploads\/2025\/12\/0afa2c85-c17a-41cd-af01-6258804ae29f\"  style=\"object-position:0% 0%\" width=\"6750\"\/>Foto: G\u00f8ran Bohlin \/ VG<\/p>\n<p class=\"_paragraph_o9xde_4 _paragraph_xtcu6_10 layout-component text-serif-m layout-normal text-serif-m layout-padded\">I pressemeldingen utdyper hun:<\/p>\n<p class=\"_paragraph_o9xde_4 _paragraph_xtcu6_10 layout-component text-serif-m layout-normal text-serif-m layout-padded\">\u2013 De legger frem en \u00abPlan for Norge\u00bb etter fire \u00e5r med nedbygging og kutt i omsorg og helse, kutt i politidistriktene samtidig med at kriminaliteten \u00f8ker og blir mer alvorlig, og etter \u00e5 ha \u00f8kt skatter og avgifter kraftig for folk og bedrifter. De har bygget ned omsorg, skapt mer utrygghet og p\u00e5 deres vakt har folk f\u00e5tt mindre \u00f8konomisk handlefrihet.<\/p>\n<p class=\"_paragraph_o9xde_4 _paragraph_xtcu6_10 layout-component text-serif-m layout-normal text-serif-m layout-padded\">Hun fremholder at det ikke er b\u00e6rekraftig at Norge:<\/p>\n<ul class=\"_list_o9xde_3 _list_xtcu6_9 _unordered_o9xde_106 layout-component text-serif-m layout-normal text-serif-m layout-padded\">\n<li class=\"_item_o9xde_30\">Bruker stadig mer penger enn andre land per innbygger.<\/li>\n<li class=\"_item_o9xde_30\">Har et av de h\u00f8yeste skatteniv\u00e5ene blant sammenlignbare land, uten \u00e5 f\u00e5 bedre velferdstjenester.<\/li>\n<li class=\"_item_o9xde_30\">Ap fortsetter \u00e5 sl\u00f8se med skattepengene i enda st\u00f8rre tempo, uten at de l\u00f8ser de grunnleggende oppgavene.<\/li>\n<\/ul>\n<p class=\"_paragraph_o9xde_4 _paragraph_xtcu6_10 layout-component text-serif-m layout-normal text-serif-m layout-padded\">Listhaug avslutter slik:<\/p>\n<p class=\"_paragraph_o9xde_4 _paragraph_xtcu6_10 layout-component text-serif-m layout-normal text-serif-m layout-padded\">\u2013 FrP vil b\u00e5de styrke sykehus\u00f8konomien, bygge flere omsorgsboliger og samtidig la folk beholde mer av sine egne penger ved \u00e5 halvere matmomsen og redusere drivstoffavgiftene \u2013 noe selv Sverige klarer, uten oljepenger.<\/p>\n<p>\u2013 Hva i alle dager<\/p>\n<p class=\"_paragraph_o9xde_4 _paragraph_xtcu6_10 layout-component text-serif-m layout-normal text-serif-m layout-padded\">H\u00f8yre-leder Erna Solberg er like sp\u00f8rrende kritisk.<\/p>\n<p><img alt=\"Foto: Ole Berg-Rusten \/ NTB\" class=\"_image_qp4xg_65 layout-component layout-normal\" data-fullscreen- data-track-element-type=\"Article image fullscreen\" data-track-name=\"ImageFullscreen\" decoding=\"async\" loading=\"lazy\" height=\"3692\" itemprop=\"image\"  src=\"https:\/\/www.europesays.com\/no\/wp-content\/uploads\/2025\/12\/72ae7c7e-2837-4772-b072-6986ccd1b102\"  style=\"object-position:0% 0%\" width=\"5041\"\/>Foto: Ole Berg-Rusten \/ NTB<\/p>\n<p class=\"_paragraph_o9xde_4 _paragraph_xtcu6_10 layout-component text-serif-m layout-normal text-serif-m layout-padded\">\u2013 Hva i alle dager er dette? Regjeringen presenterer fine ord, men ingen nye politiske l\u00f8sninger. Dette er ingen plan. Det er bare slagord, sier hun:<\/p>\n<p class=\"_paragraph_o9xde_4 _paragraph_xtcu6_10 layout-component text-serif-m layout-normal text-serif-m layout-padded\">\u2013 St\u00f8res plan er kjemisk fri for ny politikk. Det er en lang rekke gode \u00f8nsker og selvf\u00f8lgeligheter, men planen mangler politikk som l\u00f8ser problemene St\u00f8re beskriver for Norge.<\/p>\n<p class=\"_paragraph_o9xde_4 _paragraph_xtcu6_10 layout-component text-serif-m layout-normal text-serif-m layout-padded\">Solberg sier at \u00abmange av utfordringene St\u00f8re peker p\u00e5 er vi alle enige om\u00bb.<\/p>\n<p class=\"_paragraph_o9xde_4 _paragraph_xtcu6_10 layout-component text-serif-m layout-normal text-serif-m layout-padded\">\u2013 Men det er utfordringer St\u00f8re selv har forsterket de siste fire \u00e5rene. Uforutsigbarheten for n\u00e6ringslivet og at vi ikke har konkurransedyktige rammevilk\u00e5r for n\u00e6ringslivet, er resultatet av St\u00f8res utrygge styring, sier H\u00f8yre-lederen.<\/p>\n<p>Klimakritisk<\/p>\n<p class=\"_paragraph_o9xde_4 _paragraph_xtcu6_10 layout-component text-serif-m layout-normal text-serif-m layout-padded\">\u2013 Med dette kan vi sl\u00e5 fast at klimam\u00e5lene for 2030 utvilsomt er begravet, ettersom regjeringen ikke har tenkt til \u00e5 gj\u00f8re noe for \u00e5 n\u00e5 dem. N\u00e5r regjeringen n\u00e5 varsler at den vil legge frem en plan for \u00e5 n\u00e5 m\u00e5let for 2035, betyr det at det ikke lenger er noe h\u00e5p om \u00e5 n\u00e5 m\u00e5let for 2030, sier leder i Venstre Guri Melby.<\/p>\n<p><img decoding=\"async\" alt=\"Bilde av \" class=\"_image_ygndg_42\" height=\"27\" itemprop=\"image\" loading=\"lazy\"  src=\"https:\/\/www.europesays.com\/no\/wp-content\/uploads\/2025\/12\/2ba03228-d498-4a15-abe1-71b2728e7805\"  width=\"40\"\/><strong class=\"_name_ygndg_51 title-serif-xs\"\/><\/p>\n<p class=\"_paragraph_o9xde_4 _paragraph_xtcu6_10 layout-component text-serif-m layout-normal text-serif-m layout-padded\">Hun legger til:<\/p>\n<p class=\"_paragraph_o9xde_4 _paragraph_xtcu6_10 layout-component text-serif-m layout-normal text-serif-m layout-padded\">\u2013 I den parlamentariske situasjonen vi har n\u00e5 er det nok lurt av regjeringen \u00e5 gi seg selv stort handlingsrom til \u00e5 inng\u00e5 flertall i alle retninger, men det gir ogs\u00e5 en retningsl\u00f8s styring av landet.<\/p>\n<p>\u2013 Enige<\/p>\n<p class=\"_paragraph_o9xde_4 _paragraph_xtcu6_10 layout-component text-serif-m layout-normal text-serif-m layout-padded\">R\u00f8dt-leder Marie Sneve Martinussen er positiv &#8211; og kritisk.<\/p>\n<p class=\"_paragraph_o9xde_4 _paragraph_xtcu6_10 layout-component text-serif-m layout-normal text-serif-m layout-padded\">\u2013 Vi er enige i regjeringas m\u00e5l om sm\u00e5 forskjeller, sterke fellesskap og st\u00f8rre innsats mot sosial dumping. Regjeringas plan for Norge har riktig retning p\u00e5 mange punkter, men jeg etterlyser nye konkrete tiltak for \u00e5 \u00f8ke inntekten til de som har minst, f\u00e5 ned regningsbunken og styrke velferden, sier Martinussen.<\/p>\n<p><img decoding=\"async\" alt=\"Bilde av \" class=\"_image_ygndg_42\" height=\"27\" itemprop=\"image\" loading=\"lazy\"  src=\"https:\/\/www.europesays.com\/no\/wp-content\/uploads\/2025\/12\/c05f6f7f-1dbe-429d-85c5-b87f793ff0e3\"  width=\"40\"\/><strong class=\"_name_ygndg_51 title-serif-xs\"\/><\/p>\n<p class=\"_paragraph_o9xde_4 _paragraph_xtcu6_10 layout-component text-serif-m layout-normal text-serif-m layout-padded\">\u2013 <strong class=\"_strong_o9xde_25\">Fortsatt mer \u00abvil\u00bb enn \u00abskal\u00bb<\/strong><\/p>\n<p class=\"_paragraph_o9xde_4 _paragraph_xtcu6_10 layout-component text-serif-m layout-normal text-serif-m layout-padded\">Og s\u00e5 har hun telt, antallet ganger St\u00f8re sier det er noe Ap uforpliktende \u00abvil\u00bb eller mer forpliktende \u00abskal\u00bb:<\/p>\n<p class=\"_paragraph_o9xde_4 _paragraph_xtcu6_10 layout-component text-serif-m layout-normal text-serif-m layout-padded\">\u2013 Selv om statsministeren var opptatt av \u00e5 f\u00e5 ned antallet \u00abregjeringen vil\u00bb sammenlignet med tidligere plattformer, s\u00e5 er det fortsatt 51 ganger planen sier hva \u00abregjeringen vil\u00bb eller \u00abvi vil\u00bb, og kun 15 \u00abskal\u00bb.<\/p>\n<p class=\"_paragraph_o9xde_4 _paragraph_xtcu6_10 layout-component text-serif-m layout-normal text-serif-m layout-padded\">MDG-leder Arild Hermstad er ikke imponert.<\/p>\n<p><img decoding=\"async\" alt=\"Bilde av \" class=\"_image_ygndg_42\" height=\"26\" itemprop=\"image\" loading=\"lazy\"  src=\"https:\/\/www.europesays.com\/no\/wp-content\/uploads\/2025\/12\/17d1c2a0-8422-4dbe-8217-dfc8e1bbf7cd\"  width=\"40\"\/><strong class=\"_name_ygndg_51 title-serif-xs\"\/><\/p>\n<p class=\"_paragraph_o9xde_4 _paragraph_xtcu6_10 layout-component text-serif-m layout-normal text-serif-m layout-padded\">\u2013 I sin s\u00f8ken etter trygghet har St\u00f8re-regjeringen levert en plan for Norge som ikke inneholder ett eneste nytt tiltak eller en ny ide. Ni sider med politiske plattheter er f\u00f8rst og fremst et signal om at St\u00f8re-regjeringen har g\u00e5tt tom for ideer, sier han.<\/p>\n<p class=\"_paragraph_o9xde_4 _paragraph_xtcu6_10 layout-component text-serif-m layout-normal text-serif-m layout-padded\">Og legger til:<\/p>\n<p class=\"_paragraph_o9xde_4 _paragraph_xtcu6_10 layout-component text-serif-m layout-normal text-serif-m layout-padded\">\u2013 Det er verdt \u00e5 merke seg at oljekommisjonen er nevnt, som et utmerket eksempel p\u00e5 at Ap trenger et sterkt MDG for \u00e5 klare \u00e5 bygge landet videre. Derfor er det jammen godt at vi n\u00e5 har syv budsjettforhandlinger for \u00e5 p\u00e5virke regjeringens retning og lage reelle planer for fremtiden.<\/p>\n","protected":false},"excerpt":{"rendered":"Statsminister Jonas Gahr St\u00f8re presenterte regjeringens nye plan for Norge, som erstatter en tradisjonell regjeringsplattform. Planen fokuserer p\u00e5&hellip;\n","protected":false},"author":2,"featured_media":113652,"comment_status":"","ping_status":"","sticky":false,"template":"","format":"standard","meta":{"footnotes":""},"categories":[10],"tags":[20,21,24,25,15,201,148,22,23,13,30,28,281,29,14,16,26,27],"class_list":{"0":"post-113651","1":"post","2":"type-post","3":"status-publish","4":"format-standard","5":"has-post-thumbnail","7":"category-norge","8":"tag-breaking-news","9":"tag-breakingnews","10":"tag-featured-news","11":"tag-featurednews","12":"tag-headlines","13":"tag-jonas-gahr-store","14":"tag-kriminalitet","15":"tag-latest-news","16":"tag-latestnews","17":"tag-news","18":"tag-no","19":"tag-norge","20":"tag-norsk-politikk","21":"tag-norway","22":"tag-nyheter","23":"tag-overskrifter","24":"tag-top-stories","25":"tag-topstories"},"share_on_mastodon":{"url":"https:\/\/pubeurope.com\/@no\/115723095672306909","error":""},"_links":{"self":[{"href":"https:\/\/www.europesays.com\/no\/wp-json\/wp\/v2\/posts\/113651","targetHints":{"allow":["GET"]}}],"collection":[{"href":"https:\/\/www.europesays.com\/no\/wp-json\/wp\/v2\/posts"}],"about":[{"href":"https:\/\/www.europesays.com\/no\/wp-json\/wp\/v2\/types\/post"}],"author":[{"embeddable":true,"href":"https:\/\/www.europesays.com\/no\/wp-json\/wp\/v2\/users\/2"}],"replies":[{"embeddable":true,"href":"https:\/\/www.europesays.com\/no\/wp-json\/wp\/v2\/comments?post=113651"}],"version-history":[{"count":0,"href":"https:\/\/www.europesays.com\/no\/wp-json\/wp\/v2\/posts\/113651\/revisions"}],"wp:featuredmedia":[{"embeddable":true,"href":"https:\/\/www.europesays.com\/no\/wp-json\/wp\/v2\/media\/113652"}],"wp:attachment":[{"href":"https:\/\/www.europesays.com\/no\/wp-json\/wp\/v2\/media?parent=113651"}],"wp:term":[{"taxonomy":"category","embeddable":true,"href":"https:\/\/www.europesays.com\/no\/wp-json\/wp\/v2\/categories?post=113651"},{"taxonomy":"post_tag","embeddable":true,"href":"https:\/\/www.europesays.com\/no\/wp-json\/wp\/v2\/tags?post=113651"}],"curies":[{"name":"wp","href":"https:\/\/api.w.org\/{rel}","templated":true}]}}