{"id":113655,"date":"2025-12-15T10:25:43","date_gmt":"2025-12-15T10:25:43","guid":{"rendered":"https:\/\/www.europesays.com\/no\/113655\/"},"modified":"2025-12-15T10:25:43","modified_gmt":"2025-12-15T10:25:43","slug":"tiril-eckhoff-skal-vi-danse-3","status":"publish","type":"post","link":"https:\/\/www.europesays.com\/no\/113655\/","title":{"rendered":"Tiril Eckhoff, Skal vi danse"},"content":{"rendered":"\n<p>(<a href=\"www.nettavisen.no\" rel=\"Follow\">Nettavisen<\/a>) \u00abSkal vi danse\u00bb er ved veis ende, og deltagerne har ofret blod, t\u00e5rer og svette i l\u00f8pet av de tolv ukene.<\/p>\n<p>For tidligere skiskytter og OL-vinner Tiril Eckhoff (35) har spesielt de siste ukene v\u00e6rt krevende.<\/p>\n<p>Overfor Nettavisen er hun tydelig p\u00e5 \u00e9n ting: \u00c5 v\u00e6re deltager i \u00abSkal vi danse\u00bb har v\u00e6rt mer krevende enn \u00e5 leve som toppidrettsut\u00f8ver.<\/p>\n<p>\u2013 Helt kokt i hodet<\/p>\n<p>Eckhoff forteller at dansepartner Santino Mirenna (31) til slutt m\u00e5tte sende henne hjem fra dansesenteret etter en lang dag med hard dansetrening.<\/p>\n<p>\u2013 Santino m\u00e5tte seri\u00f8st sende meg hjem, det var ikke noe mer igjen i topplokket. Det var ikke noe h\u00e5p, sier Eckhoff lattermildt til Nettavisen.<\/p>\n<p>   <img decoding=\"async\" width=\"2048\" height=\"1365\" fetchpriority=\"low\"  loading=\"lazy\"  src=\"https:\/\/www.europesays.com\/no\/wp-content\/uploads\/2025\/12\/Tiril+Eckhoff+santino+mirenna+skal+vi+danse.bin\" alt=\"\" class=\"brick-c-cFOWSL\" style=\"--brick-image-ratio: 2048 \/ 1365;\"\/><\/p>\n<p>      DUO: Santino Mirenna og Tiril Eckhoff har briljert p\u00e5 parketten gjennom danseh\u00f8sten.<br \/>\n      Foto: Martin Habbestad\n    <\/p>\n<p>\u2013 Men det er sykt rart hvor krevende mentalt dansetrening er. Du blir helt kokt i hodet, fortsetter Eckhoff.<\/p>\n<p>Deltagerne har nemlig v\u00e6rt p\u00e5 dansesenteret fra morgen til kveld de siste ukene.<\/p>\n<p>Det t\u00e6rer p\u00e5 for b\u00e5de <a href=\"https:\/\/www.nettavisen.no\/kjendis\/tale-torjussen-preget-av-skal-vi-danse-null-sosialt-liv\/s\/5-95-2774274\" rel=\"Follow nofollow noopener\" target=\"_blank\">kjendisene <\/a>og <a href=\"https:\/\/www.nettavisen.no\/kjendis\/antonio-careri-mentalt-sliten-vet-ikke-hvilken-dag-det-er\/s\/5-95-2770175\" rel=\"Follow nofollow noopener\" target=\"_blank\">proffdanserne<\/a>.<\/p>\n<p>Likevel har flere av deltagerne f\u00e5tt mer overskudd av deltagelsen. Slik er det ikke for Eckhoff.<\/p>\n<p>\u2013 Det sykeste er at de andre deltagerne sa de har f\u00e5tt mer energi av \u00e5 v\u00e6re med p\u00e5 \u00abSkal vi danse\u00bb, og jeg bare: \u00abJeg tror jeg begynner \u00e5 bli utbrent\u00bb.<\/p>\n<p>  <a href=\"https:\/\/www.budstikka.no\/5-55-2157189\" class=\"related-teaser has-image default-story-teaser article--c-eRUmMG article--c-eRUmMG-jKCPdD-design-default\" rel=\"nofollow noopener\" target=\"_blank\"><\/p>\n<p>    <img decoding=\"async\" loading=\"lazy\"  src=\"https:\/\/www.europesays.com\/no\/wp-content\/uploads\/2025\/12\/DSC09953+%281%29.jpg\" alt=\"\" class=\"brick-c-cFOWSL\" style=\"\"\/><\/p>\n<p>\n            Les ogs\u00e5<\/p>\n<p>              B\u00f8telagt for flere tusen: N\u00e5 har hun tatt grep\n        <\/p>\n<p>  <\/a><br \/>\n  \u2013 Mye mer komfortabelt \u00e5 v\u00e6re toppidrettsut\u00f8ver<\/p>\n<p>Eckhoff har en imponerende karriere som toppidrettsut\u00f8ver \u00e5 se tilbake p\u00e5. Likevel beskriver hun \u00abSkal vi danse\u00bb som et mye mer krevende eventyr p\u00e5 forskjellige m\u00e5ter.<\/p>\n<p>\u2013 Det er mye mer trening n\u00e5r du er toppidrettsut\u00f8ver. Men du f\u00e5r restituere mye mer, og det er mye mer mat. Det er liksom ikke like mye filming, pressetreff, parkettpr\u00f8ver og \u00abr\u00e6l\u00bb, som jeg kaller det, sier Eckhoff med et smil om munnen.<\/p>\n<p>   <img decoding=\"async\" width=\"2048\" height=\"1365\" fetchpriority=\"low\"  loading=\"lazy\"  src=\"https:\/\/www.europesays.com\/no\/wp-content\/uploads\/2025\/12\/1765794343_839_DSC09429+%282%29.jpg\" alt=\"\" class=\"brick-c-cFOWSL\" style=\"--brick-image-ratio: 2048 \/ 1365;\"\/><\/p>\n<p>      GOD STEMNING: Tiril Eckhoff og Santino Mirenna har blitt gode venner gjennom \u00abSkal vi danse\u00bb.<br \/>\n      Foto: Martin Habbestad (Nettavisen)\n    <\/p>\n<p>Dagene som toppidrettsut\u00f8ver best\u00e5r av trening, mat og s\u00f8vn, forteller Eckhoff.<\/p>\n<p>\u2013 S\u00e5nn er det ikke n\u00e5. Selvf\u00f8lgelig er det press n\u00e5r du skal konkurrere, men det er ikke i n\u00e6rheten av det kj\u00f8ret her.<\/p>\n<p>\u2013 Det er mye mer komfortabelt \u00e5 v\u00e6re toppidrettsut\u00f8ver.<\/p>\n","protected":false},"excerpt":{"rendered":"(Nettavisen) \u00abSkal vi danse\u00bb er ved veis ende, og deltagerne har ofret blod, t\u00e5rer og svette i l\u00f8pet&hellip;\n","protected":false},"author":2,"featured_media":112972,"comment_status":"","ping_status":"","sticky":false,"template":"","format":"standard","meta":{"footnotes":""},"categories":[59],"tags":[36,749,30,28,29,2280,83,82,1510,2287],"class_list":{"0":"post-113655","1":"post","2":"type-post","3":"status-publish","4":"format-standard","5":"has-post-thumbnail","7":"category-sport","8":"tag-art","9":"tag-dans","10":"tag-no","11":"tag-norge","12":"tag-norway","13":"tag-skal-vi-danse","14":"tag-sport","15":"tag-sports","16":"tag-story","17":"tag-tiril-eckhoff"},"share_on_mastodon":{"url":"https:\/\/pubeurope.com\/@no\/115723103373632812","error":""},"_links":{"self":[{"href":"https:\/\/www.europesays.com\/no\/wp-json\/wp\/v2\/posts\/113655","targetHints":{"allow":["GET"]}}],"collection":[{"href":"https:\/\/www.europesays.com\/no\/wp-json\/wp\/v2\/posts"}],"about":[{"href":"https:\/\/www.europesays.com\/no\/wp-json\/wp\/v2\/types\/post"}],"author":[{"embeddable":true,"href":"https:\/\/www.europesays.com\/no\/wp-json\/wp\/v2\/users\/2"}],"replies":[{"embeddable":true,"href":"https:\/\/www.europesays.com\/no\/wp-json\/wp\/v2\/comments?post=113655"}],"version-history":[{"count":0,"href":"https:\/\/www.europesays.com\/no\/wp-json\/wp\/v2\/posts\/113655\/revisions"}],"wp:featuredmedia":[{"embeddable":true,"href":"https:\/\/www.europesays.com\/no\/wp-json\/wp\/v2\/media\/112972"}],"wp:attachment":[{"href":"https:\/\/www.europesays.com\/no\/wp-json\/wp\/v2\/media?parent=113655"}],"wp:term":[{"taxonomy":"category","embeddable":true,"href":"https:\/\/www.europesays.com\/no\/wp-json\/wp\/v2\/categories?post=113655"},{"taxonomy":"post_tag","embeddable":true,"href":"https:\/\/www.europesays.com\/no\/wp-json\/wp\/v2\/tags?post=113655"}],"curies":[{"name":"wp","href":"https:\/\/api.w.org\/{rel}","templated":true}]}}