{"id":113658,"date":"2025-12-15T10:30:10","date_gmt":"2025-12-15T10:30:10","guid":{"rendered":"https:\/\/www.europesays.com\/no\/113658\/"},"modified":"2025-12-15T10:30:10","modified_gmt":"2025-12-15T10:30:10","slug":"derfor-er-putin-sa-besatt-av-dette-stedet","status":"publish","type":"post","link":"https:\/\/www.europesays.com\/no\/113658\/","title":{"rendered":"Derfor er Putin s\u00e5 besatt av dette stedet"},"content":{"rendered":"\n<p class=\"_prefix_nfjwc_1 layout-padded\">Meninger<br \/>Kommentar<\/p>\n<p class=\"_lead_o9xde_2 _lead_xtcu6_50 layout-component text-serif-m layout-normal text-serif-l _lead_1k67c_21 layout-component layout-normal layout-padded layout-padded\">Det er b\u00e5de milit\u00e6re, \u00f8konomiske og symbolske grunner til at Vladimir Putin er s\u00e5 besatt av tanken om at Ukrainas Donbas-region skal bli russisk.<\/p>\n<p>Skriver om krigen i Ukraina, sjakk, Formel 1, idrettspolitikk, m.m.. Utdannet ved NMBU og Moskvas statsuniversitet. Hobbybonde.<\/p>\n<p><a href=\"https:\/\/www.vg.no\/nyheter\/i\/9pmm2p\/mailto:ole.kristian.strom@vg.no\" class=\"_button_6bkpv_2 button-label-large _filled_6bkpv_106 _button_1xhag_75\" rel=\"nofollow noopener\" target=\"_blank\">E-post<\/a><img alt=\"Vladimir Putin fotografert i forbindelse med milit\u00e6r\u00f8velsen \u00abZapad 2025\u00bb. Bildet er distribuert gjennom Kreml-kontrollerte medier. Foto: Mikhail Metzel \/ AP \/ NTB\" class=\"_image_qp4xg_65 layout-component layout-wide\" data-fullscreen- data-track-element-type=\"Article image fullscreen\" data-track-name=\"ImageFullscreen\" fetchpriority=\"high\" decoding=\"sync\" loading=\"eager\" height=\"4727\" itemprop=\"image\"  src=\"https:\/\/www.europesays.com\/no\/wp-content\/uploads\/2025\/12\/d5d70427-9ab2-4338-b64f-8ae406c90588\"  style=\"object-position:0% 0%\" width=\"7208\"\/>Vladimir Putin fotografert i forbindelse med milit\u00e6r\u00f8velsen \u00abZapad 2025\u00bb. Bildet er distribuert gjennom Kreml-kontrollerte medier. Foto: Mikhail Metzel \/ AP \/ NTBMandag 15. desember kl. 11:02     <\/p>\n<p class=\"_paragraph_o9xde_4 _paragraph_xtcu6_10 layout-component text-serif-m layout-normal text-serif-m layout-padded\">Det diplomatiske spillet om en mulig slutt p\u00e5 krigen i Ukraina fortsetter mandag i Berlin \u2013 og russernes krav om Donbas st\u00e5r h\u00f8yt p\u00e5 sakslisten n\u00e5r president Volodymyr Zelenskyj, Trumps spesialutsending Steve Witkoff og en rekke europeiske ledere m\u00f8tes.<\/p>\n<p class=\"_paragraph_o9xde_4 _paragraph_xtcu6_10 layout-component text-serif-m layout-normal text-serif-m layout-padded\">Det virker som om Ukraina n\u00e5 er villig til \u00e5 gi opp kravet om Nato-medlemskap \u2013 mot sikkerhetsgarantiersikkerhetsgarantierL\u00f8fter fra ett eller flere land om \u00e5 beskytte et annet land mot angrep eller trusler. fra USA og europeiske partnere.<\/p>\n<p class=\"_paragraph_o9xde_4 _paragraph_xtcu6_10 layout-component text-serif-m layout-normal text-serif-m layout-padded\">Men hvis Putin f\u00e5r gjennomslag for sitt krav om kontroll over Donbas-omr\u00e5det, vil bety at den ukrainske festningen er brutt og at den russiske krigsmaskinen vil ha \u00abautostrada\u00bb i retning Kyiv.<\/p>\n<p class=\"_paragraph_o9xde_4 _paragraph_xtcu6_10 layout-component text-serif-m layout-normal text-serif-m layout-padded\">Donbas ligger i det \u00f8stlige Ukraina \u2013 og best\u00e5r av regionene Donetsk og Luhansk. Putin har gjentatt til det kjedsommelige at <a href=\"https:\/\/www.vg.no\/tag\/russland?utm_source=vg-article&amp;utm_medium=auto-tagger&amp;utm_campaign=9pmm2p\" class=\"_link_o9xde_39\" rel=\"nofollow noopener\" target=\"_blank\">Russland<\/a> skal ha kontrollen. <\/p>\n<p class=\"_paragraph_o9xde_4 _paragraph_xtcu6_10 layout-component text-serif-m layout-normal text-serif-m layout-padded\">Han mener at enten kommer det til \u00e5 skje ved at hans milit\u00e6re styrker overvinner Ukrainas soldater \u2013 eller det skjer ved ukrainske tropper trekker seg tilbake.<\/p>\n<p class=\"_paragraph_o9xde_4 _paragraph_xtcu6_10 layout-component text-serif-m layout-normal text-serif-m layout-padded\">Kyiv har bestemt avvist \u00e5 trekke seg ut av et omr\u00e5de de har klart \u00e5 forsvare i snart fire \u00e5r.<\/p>\n<p class=\"_paragraph_o9xde_4 _paragraph_xtcu6_10 layout-component text-serif-m layout-normal text-serif-m layout-padded\">N\u00e5 er store deler av Donbas\u2019 infrastrukturinfrastrukturGrunnleggende fysiske og organisatoriske strukturer og fasiliteter som trengs for at et samfunn skal fungere, som veier, broer og elektrisitetsnett.<br \/>\n bombet istykker. Det vil koste ekstremt mye \u00e5 bygge opp igjen alt som er \u00f8delagt. Putin har allerede pumpet inn noe, men det blir sm\u00e5penger sammenlignet med hva det vil koste totalt.<\/p>\n<p class=\"_paragraph_o9xde_4 _paragraph_xtcu6_10 layout-component text-serif-m layout-normal text-serif-m layout-padded\">Selve byen Donetsk var fram til 2014 en millionby med fotballag i Champions League, konserter med verdensstjerner som for eksempel Beyonc\u00e9 og tilsynelatende en lysende fremtid.<\/p>\n<p class=\"_paragraph_o9xde_4 _paragraph_xtcu6_10 layout-component text-serif-m layout-normal text-serif-m layout-padded\">Takket v\u00e6re kullgruvene og metallindustrien hadde folk sikre jobber og en \u00f8kende velstand. Deler av det ekstremt fruktbare svartjordsbeltetsvartjordsbeltetEt omr\u00e5de med sv\u00e6rt fruktbar jord som er ideelt for jordbruk. ligger ogs\u00e5 i Donbas.<\/p>\n<p class=\"_paragraph_o9xde_4 _paragraph_xtcu6_10 layout-component text-serif-m layout-normal text-serif-m layout-padded\">I dag karakteriseres Donbas best som et stort sort hull, \u00f8delagt av krigen og et sted som ingen oppeg\u00e5ende investor har lyst til \u00e5 g\u00e5 inn akkurat n\u00e5.<\/p>\n<p class=\"_paragraph_o9xde_4 _paragraph_xtcu6_10 layout-component text-serif-m layout-normal text-serif-m layout-padded\">Samtidig: Det skal v\u00e6re viktige, sjeldne metaller under jordoverflaten i Donbas.<\/p>\n<p class=\"_paragraph_o9xde_4 _paragraph_xtcu6_10 layout-component text-serif-m layout-normal text-serif-m layout-padded\">Det er ingen tvil om at Donbas er viktig for Putin. Det normale ville v\u00e6re at frontene fryses ved en v\u00e5penhvile. Men Putin vil ha ukrainske styrker ut av hele Donbas f\u00f8r han legger ned v\u00e5pnene. Ukraina nekter blankt \u00e5 overgi de siste 20 prosentene. De har klart \u00e5 lage en 50 kilometer lang befestningslinje mot de russiske angrepene \u2013 full av stridsvognshindere, miner og piggtr\u00e5d.<\/p>\n<p class=\"_paragraph_o9xde_4 _paragraph_xtcu6_10 layout-component text-serif-m layout-normal text-serif-m layout-padded\">Donbas er s\u00e5 viktig for begge parter.<\/p>\n<p class=\"_paragraph_o9xde_4 _paragraph_xtcu6_10 layout-component text-serif-m layout-normal text-serif-m layout-padded\">Det russiske narrativetnarrativetEn fortelling eller en bestemt m\u00e5te \u00e5 presentere en historie eller situasjon p\u00e5, ofte for \u00e5 p\u00e5virke oppfatninger. er at Ukrainas \u00abfort\u00bb snart er i ferd med \u00e5 rakne.<\/p>\n<p class=\"_paragraph_o9xde_4 _paragraph_xtcu6_10 layout-component text-serif-m layout-normal text-serif-m layout-padded\">Men en russisk seier er verken forest\u00e5ende eller uunng\u00e5elig, skal vi tro tenketanken <a href=\"https:\/\/understandingwar.org\/research\/russia-ukraine\/russian-offensive-campaign-assessment-december-3-2025\/\" class=\"_link_o9xde_39\" rel=\"nofollow noopener\" target=\"_blank\">Institute for The Study of Wars<\/a> vurdering.<\/p>\n<p class=\"_paragraph_o9xde_4 _paragraph_xtcu6_10 layout-component text-serif-m layout-normal text-serif-m layout-padded\">Donbas er viktig for Putin ogs\u00e5 fordi det gir en fast forbindelse til den okkuperte Krim-halv\u00f8ya. Dermed vil russerne ikke lenger bli s\u00e5 avhengig av broen over Kertsj-stredetKertsj-stredetEt smalt sund som skiller Krim-halv\u00f8ya fra det russiske fastlandet, og som er strategisk viktig for Russland. \u2013 en prestisjefylt bro som ukrainske spesialstyrker har angrepet og klart \u00e5 skade flere ganger.<\/p>\n<p class=\"_paragraph_o9xde_4 _paragraph_xtcu6_10 layout-component text-serif-m layout-normal text-serif-m layout-padded\">President Volodymyr Zelenskyj har flere ganger v\u00e6rt klar p\u00e5 at de ikke kan forlate Donbas, fordi det vil v\u00e6re et springbrett for en ny russisk offensiv i fremtiden.<\/p>\n<p class=\"_paragraph_o9xde_4 _paragraph_xtcu6_10 layout-component text-serif-m layout-normal text-serif-m layout-padded\">Det vet Putin. Han ser ogs\u00e5 Donbas\u2019 symbolske betydning. Det er en del av den \u00abrussiske verden\u00bb som Putin fors\u00f8ker \u00e5 skape og dermed utvide den russiske maktsf\u00e6ren i det som en gang var Sovjetunionen. <\/p>\n<p class=\"_paragraph_o9xde_4 _paragraph_xtcu6_10 layout-component text-serif-m layout-normal text-serif-m layout-padded\">Der han selv var KGB-agent.<\/p>\n<p>   Dette er en kommentar. Kommentaren gir uttrykk for skribentens holdning. <\/p>\n","protected":false},"excerpt":{"rendered":"MeningerKommentar Det er b\u00e5de milit\u00e6re, \u00f8konomiske og symbolske grunner til at Vladimir Putin er s\u00e5 besatt av tanken&hellip;\n","protected":false},"author":2,"featured_media":113659,"comment_status":"","ping_status":"","sticky":false,"template":"","format":"standard","meta":{"footnotes":""},"categories":[12],"tags":[20,21,24,25,15,179,22,23,13,30,28,29,14,16,188,26,27,42,103,186,43,44,45],"class_list":{"0":"post-113658","1":"post","2":"type-post","3":"status-publish","4":"format-standard","5":"has-post-thumbnail","7":"category-verden","8":"tag-breaking-news","9":"tag-breakingnews","10":"tag-featured-news","11":"tag-featurednews","12":"tag-headlines","13":"tag-krigen-i-ukraina","14":"tag-latest-news","15":"tag-latestnews","16":"tag-news","17":"tag-no","18":"tag-norge","19":"tag-norway","20":"tag-nyheter","21":"tag-overskrifter","22":"tag-russland","23":"tag-top-stories","24":"tag-topstories","25":"tag-verden","26":"tag-vgmeninger","27":"tag-vladimir-putin","28":"tag-world","29":"tag-world-news","30":"tag-worldnews"},"share_on_mastodon":{"url":"https:\/\/pubeurope.com\/@no\/115723123235000519","error":""},"_links":{"self":[{"href":"https:\/\/www.europesays.com\/no\/wp-json\/wp\/v2\/posts\/113658","targetHints":{"allow":["GET"]}}],"collection":[{"href":"https:\/\/www.europesays.com\/no\/wp-json\/wp\/v2\/posts"}],"about":[{"href":"https:\/\/www.europesays.com\/no\/wp-json\/wp\/v2\/types\/post"}],"author":[{"embeddable":true,"href":"https:\/\/www.europesays.com\/no\/wp-json\/wp\/v2\/users\/2"}],"replies":[{"embeddable":true,"href":"https:\/\/www.europesays.com\/no\/wp-json\/wp\/v2\/comments?post=113658"}],"version-history":[{"count":0,"href":"https:\/\/www.europesays.com\/no\/wp-json\/wp\/v2\/posts\/113658\/revisions"}],"wp:featuredmedia":[{"embeddable":true,"href":"https:\/\/www.europesays.com\/no\/wp-json\/wp\/v2\/media\/113659"}],"wp:attachment":[{"href":"https:\/\/www.europesays.com\/no\/wp-json\/wp\/v2\/media?parent=113658"}],"wp:term":[{"taxonomy":"category","embeddable":true,"href":"https:\/\/www.europesays.com\/no\/wp-json\/wp\/v2\/categories?post=113658"},{"taxonomy":"post_tag","embeddable":true,"href":"https:\/\/www.europesays.com\/no\/wp-json\/wp\/v2\/tags?post=113658"}],"curies":[{"name":"wp","href":"https:\/\/api.w.org\/{rel}","templated":true}]}}