{"id":113664,"date":"2025-12-15T10:37:19","date_gmt":"2025-12-15T10:37:19","guid":{"rendered":"https:\/\/www.europesays.com\/no\/113664\/"},"modified":"2025-12-15T10:37:19","modified_gmt":"2025-12-15T10:37:19","slug":"antibiotika-hund-norge-best-pa-antibiotika-til-landbruksdyr-men-her-har-vi-en-vei-a-ga","status":"publish","type":"post","link":"https:\/\/www.europesays.com\/no\/113664\/","title":{"rendered":"Antibiotika, Hund | Norge best p\u00e5 antibiotika til landbruksdyr \u2013 men her har vi en vei \u00e5 g\u00e5"},"content":{"rendered":"\n<p>If\u00f8lge en rapport fra Det europeiske legemiddelbyr\u00e5et har Norge fortsatt lavest forbruk av antibiotika til dyr i 2024. Totalt har 29 EU-land i tillegg til Norge og Island rapportert inn sitt forbruk av antibiotika til veterin\u00e6rform\u00e5l.<\/p>\n<p>Norge hadde lavest salg av antibiotika til matproduserende dyr av alle. Her ble det solgt 1,8 milligram av legemiddelgruppen per kilo dyr. Snittet for alle landene var p\u00e5 46,1. Kypros er verstingen, med 112,9 mg\/kg.<\/p>\n<p>N\u00e5r dyr f\u00e5r mye antibiotika, kan det utvikles resistente bakterier som smitter over til oss mennesker gjennom maten. Dette er farlig fordi medisinene v\u00e5re slutter \u00e5 virke, slik at vanlige infeksjoner blir vanskelige \u00e5 kurere.<\/p>\n<p>  <a href=\"https:\/\/www.nationen.no\/5-148-823411\" class=\"related-teaser has-image default-story-teaser article--c-eRUmMG article--c-eRUmMG-jKCPdD-design-default\" rel=\"nofollow noopener\" target=\"_blank\"><\/p>\n<p>    <img decoding=\"async\" loading=\"lazy\"  src=\"https:\/\/www.europesays.com\/no\/wp-content\/uploads\/2025\/12\/blid+vitenskapskvinne_1.JPG\" alt=\"\" class=\"brick-c-cFOWSL\" style=\"\"\/><\/p>\n<p>\n            Les ogs\u00e5<\/p>\n<p>              Rekordlite antibiotika i norsk landbruk\n        <\/p>\n<p>  <\/a><br \/>\n  Salget \u00f8ker i EU<\/p>\n<p>Norges salg i tonn (4,7 tonn) utgjorde kun en liten andel av det totale salgsvolumet i EU, Island og Norge (4343,5 tonn).<\/p>\n<p>Salget av antibiotika \u00f8kte i EU fra 2023 til 2024, fra 43,8 mg\/kg til 46,1. \u00d8kningen kan b\u00e5de skyldes \u00f8kt salg, men ogs\u00e5 en liten nedgang i antallet dyr i EU, if\u00f8lge rapporten.<\/p>\n<p>\u00d8kningen i 2024 markerte det andre \u00e5ret p\u00e5 rad med en salgs\u00f8kning i EU, etter \u00e5 ha n\u00e5dd det laveste niv\u00e5et i 2022. Dette antyder at den totale nedadg\u00e5ende trenden som ble observert tidligere, kan v\u00e6re i ferd med \u00e5 avta eller snu. I Norge har niv\u00e5et holdt seg.<\/p>\n<p>  <a href=\"https:\/\/www.nationen.no\/5-148-814772\" class=\"related-teaser has-image default-opinion-teaser article--c-eRUmMG article--c-eRUmMG-jKCPdD-design-default\" rel=\"nofollow noopener\" target=\"_blank\"><\/p>\n<p>    <img decoding=\"async\" loading=\"lazy\"  src=\"https:\/\/www.europesays.com\/no\/wp-content\/uploads\/2025\/12\/mp58648252-pesticide-applicator-in-personal-protective-equipment_1.jpg\" alt=\"\" class=\"brick-c-cFOWSL\" style=\"\"\/><\/p>\n<p>\n            Les ogs\u00e5<\/p>\n<p>              Hvor godt forberedt er vi p\u00e5 biov\u00e5penangrep i Norge?\n        <\/p>\n<p>  <\/a><br \/>\n  Vei \u00e5 g\u00e5 hos hund og katt<\/p>\n<p>Men selv om Norge er best p\u00e5 antibiotikabruk hos landbruksdyrene, er vi ikke like gode hos kj\u00e6ledyr, og da spesifikt hund og katt. Her var salget i Norge p\u00e5 26,2 mg\/kg i fjor, som fortsatt er lavere en EUs gjennomsnitt p\u00e5 34,3 mg\/kg.<\/p>\n<p>Ungarn (10,6 mg\/kg), Slovakia (14,1 mg\/kg), Polen (15,5 mg\/kg), Sverige (20,1 mg\/kg) og Bulgaria (24,2 mg\/kg) hadde lavere salg enn Norge.<\/p>\n<p>I EU var det en nedgang i EU p\u00e5 8,2 prosent i antibiotika til hund og katt fra 2023 til 2024. Nedgangen var prim\u00e6rt drevet av lavere salg av tabletter, som er den dominerende produktformen i denne kategorien. I Norge sank bruken fra 27,0 mg\/kg i 2023 til 26,2 mg\/kg i 2024.<\/p>\n<p>\u2013 Dette kan tyde p\u00e5 at det er et potensial for videre reduksjon av forbruket til hund og katt, sier fagansvarlig for legemiddelforbruk ved Veterin\u00e6rinstituttet, Kari Olli Helgesen i en pressemelding.<\/p>\n<p>  <a href=\"https:\/\/www.nationen.no\/5-148-797148\" class=\"related-teaser has-image default-story-teaser article--c-eRUmMG article--c-eRUmMG-jKCPdD-design-default\" rel=\"nofollow noopener\" target=\"_blank\"><\/p>\n<p>    <img decoding=\"async\" loading=\"lazy\"  src=\"https:\/\/www.europesays.com\/no\/wp-content\/uploads\/2025\/12\/christian+tengs1.jpg\" alt=\"\" class=\"brick-c-cFOWSL\" style=\"\"\/><\/p>\n<p>\n            Les ogs\u00e5<\/p>\n<p>              Veterin\u00e6rkrise: \u2013 M\u00e5 gj\u00f8re noe drastisk\n        <\/p>\n<p>  <\/a><\/p>\n<p>Hun p\u00e5peker likevel at populasjonsdata for hund og katt er mer usikre enn de samme dataene for produksjonsdyr.<\/p>\n<p>Fra og med 2023 ble det lovp\u00e5lagt for alle EU-land, og dessuten Island og Norge, \u00e5 rapportere salg og forbruk av antibakterielle legemidler til dyr til Det europeiske legemiddelbyr\u00e5et (EMA). Det er rapportert inn forbruk for storfe, gris, kylling og kalkun.<\/p>\n","protected":false},"excerpt":{"rendered":"If\u00f8lge en rapport fra Det europeiske legemiddelbyr\u00e5et har Norge fortsatt lavest forbruk av antibiotika til dyr i 2024.&hellip;\n","protected":false},"author":2,"featured_media":113665,"comment_status":"","ping_status":"","sticky":false,"template":"","format":"standard","meta":{"footnotes":""},"categories":[12],"tags":[13846,36,20,21,1279,24,25,15,2078,1168,755,22,23,13,30,28,29,14,16,1510,26,27,42,43,44,45],"class_list":{"0":"post-113664","1":"post","2":"type-post","3":"status-publish","4":"format-standard","5":"has-post-thumbnail","7":"category-verden","8":"tag-antibiotika","9":"tag-art","10":"tag-breaking-news","11":"tag-breakingnews","12":"tag-dyr","13":"tag-featured-news","14":"tag-featurednews","15":"tag-headlines","16":"tag-hund","17":"tag-katt","18":"tag-landbruk","19":"tag-latest-news","20":"tag-latestnews","21":"tag-news","22":"tag-no","23":"tag-norge","24":"tag-norway","25":"tag-nyheter","26":"tag-overskrifter","27":"tag-story","28":"tag-top-stories","29":"tag-topstories","30":"tag-verden","31":"tag-world","32":"tag-world-news","33":"tag-worldnews"},"share_on_mastodon":{"url":"https:\/\/pubeurope.com\/@no\/115723150790026938","error":""},"_links":{"self":[{"href":"https:\/\/www.europesays.com\/no\/wp-json\/wp\/v2\/posts\/113664","targetHints":{"allow":["GET"]}}],"collection":[{"href":"https:\/\/www.europesays.com\/no\/wp-json\/wp\/v2\/posts"}],"about":[{"href":"https:\/\/www.europesays.com\/no\/wp-json\/wp\/v2\/types\/post"}],"author":[{"embeddable":true,"href":"https:\/\/www.europesays.com\/no\/wp-json\/wp\/v2\/users\/2"}],"replies":[{"embeddable":true,"href":"https:\/\/www.europesays.com\/no\/wp-json\/wp\/v2\/comments?post=113664"}],"version-history":[{"count":0,"href":"https:\/\/www.europesays.com\/no\/wp-json\/wp\/v2\/posts\/113664\/revisions"}],"wp:featuredmedia":[{"embeddable":true,"href":"https:\/\/www.europesays.com\/no\/wp-json\/wp\/v2\/media\/113665"}],"wp:attachment":[{"href":"https:\/\/www.europesays.com\/no\/wp-json\/wp\/v2\/media?parent=113664"}],"wp:term":[{"taxonomy":"category","embeddable":true,"href":"https:\/\/www.europesays.com\/no\/wp-json\/wp\/v2\/categories?post=113664"},{"taxonomy":"post_tag","embeddable":true,"href":"https:\/\/www.europesays.com\/no\/wp-json\/wp\/v2\/tags?post=113664"}],"curies":[{"name":"wp","href":"https:\/\/api.w.org\/{rel}","templated":true}]}}