{"id":113681,"date":"2025-12-15T11:02:20","date_gmt":"2025-12-15T11:02:20","guid":{"rendered":"https:\/\/www.europesays.com\/no\/113681\/"},"modified":"2025-12-15T11:02:20","modified_gmt":"2025-12-15T11:02:20","slug":"vaeret-sokndal-kommunen-setter-krisestab-store-deler-av-bygde-star-under-vann","status":"publish","type":"post","link":"https:\/\/www.europesays.com\/no\/113681\/","title":{"rendered":"V\u00e6ret, Sokndal | Kommunen setter krisestab: Store deler av bygde st\u00e5r under vann"},"content":{"rendered":"\n<p>Sokndal kommune ser ut til \u00e5 bli ganske hardt rammet av all nedb\u00f8reen som laver ned, og som er i vente.<\/p>\n<p>Ordf\u00f8rer Bj\u00f8rn-Inge Mydland forteller at dey er satt krisestab i Sokndal kommune i dag, p\u00e5 grunn av den h\u00f8ye vannstanden i kommunen.<\/p>\n<p>Dagfinn Mydland, teknisk sjef i Sokndal kommune, forteller at det er mye vann i sentrum p\u00e5 Haua i morgentimene i dag.<\/p>\n<p>\u2013 Det flyter med vann p\u00e5 fotballbanen, p\u00e5 torget og p\u00e5 kirkeplassen. De som kan la bilen st\u00e5, b\u00f8r gj\u00f8re det. Det er lenge siden det har v\u00e6rt s\u00e5 ille, sier Mydland.<\/p>\n<p>   <img decoding=\"async\" width=\"3024\" height=\"4032\" fetchpriority=\"low\"  loading=\"lazy\"  src=\"https:\/\/www.europesays.com\/no\/wp-content\/uploads\/2025\/12\/IMG_8022.jpeg\" alt=\"\" class=\"brick-c-cFOWSL\" style=\"--brick-image-ratio: 3024 \/ 4032;\"\/><\/p>\n<p>      MYE VANN: Bildet viser at det er mye vann i omr\u00e5det Soknatun og inn mot banken.<br \/>\n      Foto: Bj\u00f8rn Inge Mydland\n    <\/p>\n<p>Den tekniske sjefen sier ogs\u00e5 at kommunen \u00f8nsker at det blir sendt ut en b\u00e5t til \u00d8yno for \u00e5 frakte folk.<\/p>\n<p><b>Ordf\u00f8rer Bj\u00f8rn-Inge Mydland sier til Dalane Tidende at det pr. n\u00e5 er to ting som skjer:<\/b><\/p>\n<ul>\n<li>Kommunen setter krisestab<\/li>\n<li>Foreldre som har mulighet, bes holde ungene hjemme fra skolen i dag<\/li>\n<\/ul>\n<p>\u2013 Har det v\u00e6rt aktuelt \u00e5 stenge skolen?<\/p>\n<p>\u2013 Det skal mye til for at det skjer. Pr. n\u00e5 er ikke det aktuelt.<\/p>\n<p>\u2013 Det er mye vann flere steder, ogs\u00e5 i sentrum. I Krossen, som er er viktig trafikknutepunkt, er det allerede utfordringer med forholdsvis mye vann.<\/p>\n<p>   <img decoding=\"async\" width=\"4000\" height=\"3000\" fetchpriority=\"low\"  loading=\"lazy\"  src=\"https:\/\/www.europesays.com\/no\/wp-content\/uploads\/2025\/12\/20251215_080410.jpg\" alt=\"\" class=\"brick-c-cFOWSL\" style=\"--brick-image-ratio: 4000 \/ 3000;\"\/><\/p>\n<p>      OVERVANN: Slik s\u00e5 det ut p\u00e5 torget utenfor r\u00e5dhuset p\u00e5 Haua mandag morgen.<br \/>\n      Foto: Viktor V. St\u00f8le\n    <\/p>\n<p>Ogs\u00e5 andre steder i sentrum meldes det om mye vann, blant annet ved Betania og banken.<\/p>\n<p>\u2013 Slik det ser ut akkurat n\u00e5, virker det som om dette kan bli verre enn flommen som rammet oss for bare noe uker siden. N\u00e5 gj\u00f8r vi det vi kan for \u00e5 f\u00e5 en oversikt, og v\u00e6re behjelpelige med det vi kan, understrker Mydland.<\/p>\n<p>   <img decoding=\"async\" width=\"4032\" height=\"3024\" fetchpriority=\"low\"  loading=\"lazy\"  src=\"https:\/\/www.europesays.com\/no\/wp-content\/uploads\/2025\/12\/1765796540_262_photo+%283%29.jpg\" alt=\"\" class=\"brick-c-cFOWSL\" style=\"--brick-image-ratio: 4032 \/ 3024;\"\/><\/p>\n<p>      FV 44: Det er store vannmasser p\u00e5 Fv. 44 fra Rekeland og ned mot sentrum.<br \/>\n      Foto: Ingunn Walderhaug\n    <\/p>\n<p>Han og de \u00f8vrige i kommunens krisestab s\u00e5 fram til dagslyset skulle komme, slik at en kunne f\u00e5 en enda bedre oversikt over situasjonen.<\/p>\n<p>I en oppdatering p\u00e5 kommunens Facebook-side anbefales det \u00e5 parkere bilene p\u00e5 et sikkert sted i h\u00f8yden da vannmassene er stigende.<\/p>\n<p>\u2013 Dette gjelder spesielt for dere som har parkert i sentrumsomr\u00e5dene i Sokndal, heter det.<\/p>\n","protected":false},"excerpt":{"rendered":"Sokndal kommune ser ut til \u00e5 bli ganske hardt rammet av all nedb\u00f8reen som laver ned, og som&hellip;\n","protected":false},"author":2,"featured_media":113682,"comment_status":"","ping_status":"","sticky":false,"template":"","format":"standard","meta":{"footnotes":""},"categories":[5],"tags":[36,20,21,3723,24,25,15,19,22,23,17,18,13,30,28,29,14,16,2363,1510,26,27,387],"class_list":{"0":"post-113681","1":"post","2":"type-post","3":"status-publish","4":"format-standard","5":"has-post-thumbnail","7":"category-overskrifter","8":"tag-art","9":"tag-breaking-news","10":"tag-breakingnews","11":"tag-dalane","12":"tag-featured-news","13":"tag-featurednews","14":"tag-headlines","15":"tag-hovedoppslag","16":"tag-latest-news","17":"tag-latestnews","18":"tag-main-news","19":"tag-mainnews","20":"tag-news","21":"tag-no","22":"tag-norge","23":"tag-norway","24":"tag-nyheter","25":"tag-overskrifter","26":"tag-sokndal","27":"tag-story","28":"tag-top-stories","29":"tag-topstories","30":"tag-vaeret"},"share_on_mastodon":{"url":"https:\/\/pubeurope.com\/@no\/115723248875767340","error":""},"_links":{"self":[{"href":"https:\/\/www.europesays.com\/no\/wp-json\/wp\/v2\/posts\/113681","targetHints":{"allow":["GET"]}}],"collection":[{"href":"https:\/\/www.europesays.com\/no\/wp-json\/wp\/v2\/posts"}],"about":[{"href":"https:\/\/www.europesays.com\/no\/wp-json\/wp\/v2\/types\/post"}],"author":[{"embeddable":true,"href":"https:\/\/www.europesays.com\/no\/wp-json\/wp\/v2\/users\/2"}],"replies":[{"embeddable":true,"href":"https:\/\/www.europesays.com\/no\/wp-json\/wp\/v2\/comments?post=113681"}],"version-history":[{"count":0,"href":"https:\/\/www.europesays.com\/no\/wp-json\/wp\/v2\/posts\/113681\/revisions"}],"wp:featuredmedia":[{"embeddable":true,"href":"https:\/\/www.europesays.com\/no\/wp-json\/wp\/v2\/media\/113682"}],"wp:attachment":[{"href":"https:\/\/www.europesays.com\/no\/wp-json\/wp\/v2\/media?parent=113681"}],"wp:term":[{"taxonomy":"category","embeddable":true,"href":"https:\/\/www.europesays.com\/no\/wp-json\/wp\/v2\/categories?post=113681"},{"taxonomy":"post_tag","embeddable":true,"href":"https:\/\/www.europesays.com\/no\/wp-json\/wp\/v2\/tags?post=113681"}],"curies":[{"name":"wp","href":"https:\/\/api.w.org\/{rel}","templated":true}]}}