{"id":113685,"date":"2025-12-15T11:08:17","date_gmt":"2025-12-15T11:08:17","guid":{"rendered":"https:\/\/www.europesays.com\/no\/113685\/"},"modified":"2025-12-15T11:08:17","modified_gmt":"2025-12-15T11:08:17","slug":"oransje-varsel-om-flomfare-for-deler-av-rogaland-og-agder","status":"publish","type":"post","link":"https:\/\/www.europesays.com\/no\/113685\/","title":{"rendered":"Oransje varsel om flomfare for deler av Rogaland og Agder"},"content":{"rendered":"<p>\u2013 Entrepren\u00f8rene f\u00f8lger n\u00f8ye med, og vil utover ettermiddagen h\u00f8yne beredskapen. Forel\u00f8pig er det tre fylkesveier i Agder som st\u00e5r helt eller delvis under vann, sier avdelingsleder for veidrift i Agder fylkeskommune, Rolf Ove Lunden, mandag formiddag.<\/p>\n<p>P\u00e5 fylkesvei 44 ved Kvanvik i Flekkefjord st\u00e5r veien under vann. Det er s\u00e5 langt mulig \u00e5 passere, men veien kan bli stengt p\u00e5 kort varsel. P\u00e5 fylkesvei 455 i krysset til Vatnedalsveien mellom Holum og Mandal st\u00e5r det 30 centimeter over veien.<\/p>\n<p>Fylkesvei 4054 Farmoveien, ogs\u00e5 i Lindesnes kommune, st\u00e5r delvis under vann.<\/p>\n<p>\u2013 Det er kommet mer regn enn forventet natt til mandag. Vannf\u00f8ringen er allerede p\u00e5 oransje niv\u00e5 i flere elver og bekker, og vil mange steder fortsette \u00e5 stige. Det er fortsatt ventet mye regn fram til tirsdag formiddag, se eget regnvarsel fra MET p\u00e5 varsom.no. Vannf\u00f8ringen ventes \u00e5 avta f\u00f8rst i l\u00f8pet av tirsdag, heter det p\u00e5<a href=\"https:\/\/www.varsom.no\/flom-og-jordskred\/varsling\/varselid\/584741?utm_source=abonner&amp;utm_medium=email&amp;utm_campaign=flood\" rel=\"noopener nofollow\" target=\"_blank\"> nettstedet<\/a>.<\/p>\n<p>Der advares det om omfattende oversv\u00f8mmelser, erosjonsskader og flomskader p\u00e5 utsatte steder. Flommen kan f\u00f8re til stengte veier og broer.<\/p>\n<p>\u2013 Beredskapsmyndigheter m\u00e5 v\u00e6re forberedt p\u00e5 at ogs\u00e5 bebyggelse og infrastruktur for \u00f8vrig kan bli utsatt for alvorlige hendelser. Hold deg unna elver og bekker med stor vannf\u00f8ring. Hold deg oppdatert om situasjonen, heter det p\u00e5 nettstedet.<\/p>\n<p>Har satt krisestab<\/p>\n<p>Det anbefales ogs\u00e5 \u00e5 sikre og flytte verdier bort fra utsatte omr\u00e5der, som kjellere, biler, campingvogner, s\u00e6rlig langs bekker og elver.<\/p>\n<p>\u2013 Rens stikkrenner, kummer og andre vannveier for sn\u00f8\/is, jord og grus, kvist og l\u00f8v, slik at vannet kan renne uhindret der det vanligvis renner, oppfordres det.<\/p>\n<p>Sokndal kommune lengst s\u00f8r i Rogaland er rammet av sv\u00e6rt h\u00f8y vannstand og har satt krisestab. Dette er andre gang denne m\u00e5neden at kommunen rammes av flom etter at elva Sokna gikk over sine bredder 2. desember, noe som f\u00f8rte til omfattende trafikale problemer. Vannstanden ventes \u00e5 vedvare.<\/p>\n<p>Utelukker ikke r\u00f8dt farevarsel<\/p>\n<p>Vondt kan bli verre, advarer Norges vassdrags- og energidirektorat (NVE). Flomvarsler Harald Songe understreker at det skal fortsette \u00e5 regne med varierende intensitet fram til tirsdag formiddag.<\/p>\n<p>\u2013 Vi vurderer ikke r\u00f8dt niv\u00e5 n\u00e5, men vi kan ikke utelukke at det kan komme lokalt opp p\u00e5 r\u00f8dt niv\u00e5, sier han til<a href=\"https:\/\/www.nrk.no\/rogaland\/nve-utelukker-ikke-rodt-farevarsel-lokale-steder-1.17692814\" rel=\"noopener nofollow\" target=\"_blank\"> NRK<\/a>.<\/p>\n<p>Videre forsikrer han at NVE f\u00f8lger situasjonen tett og f\u00f8lger med p\u00e5 oppdaterte prognoser fra meteorologene.<\/p>\n","protected":false},"excerpt":{"rendered":"\u2013 Entrepren\u00f8rene f\u00f8lger n\u00f8ye med, og vil utover ettermiddagen h\u00f8yne beredskapen. Forel\u00f8pig er det tre fylkesveier i Agder&hellip;\n","protected":false},"author":2,"featured_media":1271,"comment_status":"","ping_status":"","sticky":false,"template":"","format":"standard","meta":{"footnotes":""},"categories":[10],"tags":[20,21,102,24,25,573,15,22,23,1385,10256,13,30,28,29,14,16,26,27],"class_list":{"0":"post-113685","1":"post","2":"type-post","3":"status-publish","4":"format-standard","5":"has-post-thumbnail","7":"category-norge","8":"tag-breaking-news","9":"tag-breakingnews","10":"tag-farevarsel","11":"tag-featured-news","12":"tag-featurednews","13":"tag-flekkefjord","14":"tag-headlines","15":"tag-latest-news","16":"tag-latestnews","17":"tag-lindesnes","18":"tag-lister","19":"tag-news","20":"tag-no","21":"tag-norge","22":"tag-norway","23":"tag-nyheter","24":"tag-overskrifter","25":"tag-top-stories","26":"tag-topstories"},"share_on_mastodon":{"url":"https:\/\/pubeurope.com\/@no\/115723272509766992","error":""},"_links":{"self":[{"href":"https:\/\/www.europesays.com\/no\/wp-json\/wp\/v2\/posts\/113685","targetHints":{"allow":["GET"]}}],"collection":[{"href":"https:\/\/www.europesays.com\/no\/wp-json\/wp\/v2\/posts"}],"about":[{"href":"https:\/\/www.europesays.com\/no\/wp-json\/wp\/v2\/types\/post"}],"author":[{"embeddable":true,"href":"https:\/\/www.europesays.com\/no\/wp-json\/wp\/v2\/users\/2"}],"replies":[{"embeddable":true,"href":"https:\/\/www.europesays.com\/no\/wp-json\/wp\/v2\/comments?post=113685"}],"version-history":[{"count":0,"href":"https:\/\/www.europesays.com\/no\/wp-json\/wp\/v2\/posts\/113685\/revisions"}],"wp:featuredmedia":[{"embeddable":true,"href":"https:\/\/www.europesays.com\/no\/wp-json\/wp\/v2\/media\/1271"}],"wp:attachment":[{"href":"https:\/\/www.europesays.com\/no\/wp-json\/wp\/v2\/media?parent=113685"}],"wp:term":[{"taxonomy":"category","embeddable":true,"href":"https:\/\/www.europesays.com\/no\/wp-json\/wp\/v2\/categories?post=113685"},{"taxonomy":"post_tag","embeddable":true,"href":"https:\/\/www.europesays.com\/no\/wp-json\/wp\/v2\/tags?post=113685"}],"curies":[{"name":"wp","href":"https:\/\/api.w.org\/{rel}","templated":true}]}}