{"id":113692,"date":"2025-12-15T11:20:09","date_gmt":"2025-12-15T11:20:09","guid":{"rendered":"https:\/\/www.europesays.com\/no\/113692\/"},"modified":"2025-12-15T11:20:09","modified_gmt":"2025-12-15T11:20:09","slug":"jorn-andersen-siktet-for-drap-i-orkland","status":"publish","type":"post","link":"https:\/\/www.europesays.com\/no\/113692\/","title":{"rendered":"J\u00f8rn Andersen siktet for drap i Orkland"},"content":{"rendered":"\n<p class=\"_paragraph_o9xde_4 _paragraph_xtcu6_10 layout-component text-serif-m layout-normal text-serif-m layout-padded\">L\u00f8rdag kveld ble en kvinne i 30-\u00e5rene funnet <a href=\"https:\/\/www.vg.no\/nyheter\/i\/5pVgd6\/en-kvinne-ble-funnet-drept-i-den-lille-bygda-ubegripelig\" data-track-element-type=\"Link\" data-track-id=\"link:5pVgd6\" class=\"_link_o9xde_39\" rel=\"nofollow noopener\" target=\"_blank\">d\u00f8d utend\u00f8rs i Orkland<\/a>. Det var et vitne som oppdaget den avd\u00f8de kvinnen og varslet politiet.<\/p>\n<p class=\"_paragraph_o9xde_4 _paragraph_xtcu6_10 layout-component text-serif-m layout-normal text-serif-m layout-padded\">Etter kort tid ble en mann i 50-\u00e5rene p\u00e5grepet og siktetsiktetN\u00e5r noen er siktet, betyr det at politiet mistenker dem for \u00e5 ha gjort noe ulovlig, men de er ikke n\u00f8dvendigvis skyldige. for drap. <\/p>\n<p class=\"_paragraph_o9xde_4 _paragraph_xtcu6_10 layout-component text-serif-m layout-normal text-serif-m layout-padded\">Han sitter n\u00e5 i politiets varetekt, og mandag ettermiddag skal en dommer vurdere om han skal varetekts\u00adfengsles. <\/p>\n<p class=\"_paragraph_o9xde_4 _paragraph_xtcu6_10 layout-component text-serif-m layout-normal text-serif-m layout-padded\">Tingretten opplyser til VG at han har samtykket til at fengslings\u00adm\u00f8tet g\u00e5r som kontor\u00adforretningkontor\u00adforretningEn rettslig prosess som skjer uten at partene er til stede, basert p\u00e5 dokumenter i saken., som betyr at dommeren behandler sp\u00f8rsm\u00e5let uten oppm\u00f8te, men basert p\u00e5 sakens dokumenter.<\/p>\n<p class=\"_paragraph_o9xde_4 _paragraph_xtcu6_10 layout-component text-serif-m layout-normal layout-padded\"><strong class=\"_strong_o9xde_25\">Les ogs\u00e5:<\/strong> <a href=\"https:\/\/www.vg.no\/i\/5pVgd6\" data-track-element-type=\"Link\" data-track-id=\"link:5pVgd6\" class=\"_link_o9xde_39\" rel=\"nofollow noopener\" target=\"_blank\">En kvinne ble funnet drept i den lille bygda: \u2013 Ubegripelig<\/a><\/p>\n<p class=\"_paragraph_o9xde_4 _paragraph_xtcu6_10 layout-component text-serif-m layout-normal text-serif-m layout-padded\"><strong class=\"_strong_o9xde_25\">If\u00f8lge VGs opplysninger er den siktede mannen J\u00f8rn Andersen (54) \u2013 tidligere J\u00f8rn-Are Andersen S\u00e6le. Han er tidligere d\u00f8mt for flere alvorlige straffbare handlinger, blant annet drap. <\/strong><\/p>\n<p class=\"_paragraph_o9xde_4 _paragraph_xtcu6_10 layout-component text-serif-m layout-normal text-serif-m layout-padded\">Han ble p\u00e5grepet hjemme hos seg selv natt til s\u00f8ndag. <\/p>\n<p class=\"_paragraph_o9xde_4 _paragraph_xtcu6_10 layout-component text-serif-m layout-normal text-serif-m layout-padded\">Hans forsvarer, Fredrik Sch\u00f8ne Brodwall, vil ikke kommentere saken. Det er forel\u00f8pig ikke kjent hvordan Andersen stiller seg til drapssiktelsen i Orkland.<\/p>\n<p class=\"_paragraph_o9xde_4 _paragraph_xtcu6_10 layout-component text-serif-m layout-normal text-serif-m layout-padded\">I en pressemelding klokken 12.14 skriver politiet at de har bedt om at den siktede mannen fengsles i fire uker, og at han samtykker til fengslingen.<\/p>\n<p class=\"_paragraph_o9xde_4 _paragraph_xtcu6_10 layout-component text-serif-m layout-normal text-serif-m layout-padded\">\u2013 Bakgrunnen for fengslingsbegj\u00e6ringen er at vi ikke \u00f8nsker at siktede skal ha anledning til \u00e5 \u00f8delegge bevis i saken og fordi vi mener at det er fare for at han vil beg\u00e5 ny kriminalitet dersom han ikke fengsles. <\/p>\n<p class=\"_paragraph_o9xde_4 _paragraph_xtcu6_10 layout-component text-serif-m layout-normal text-serif-m layout-padded\">Politiet skriver ogs\u00e5 at \u00absiktede er tidligere d\u00f8mt for drap av en ekskj\u00e6reste i 1999 og senere d\u00f8mt til forvaring etter \u00e5 ha ut\u00f8vd vold og trusler mot en annen ekskj\u00e6reste i 2009.\u00bb<\/p>\n<p class=\"_paragraph_o9xde_4 _paragraph_xtcu6_10 layout-component text-serif-m layout-normal text-serif-m layout-padded\">\u2013 Basert p\u00e5 det vi vet s\u00e5 langt i denne saken kan det tyde p\u00e5 at siktede hadde en nylig avsluttet kj\u00e6resterelasjon til avd\u00f8de. Dette gj\u00f8r at vi mener at det er klart sannsynlig at han kan ut\u00f8ve vold mot andre dersom han l\u00f8slates n\u00e5, sier politiadvokat Ole Andreas Aftret i Tr\u00f8ndelag politidistrikt.<\/p>\n<p class=\"_paragraph_o9xde_4 _paragraph_xtcu6_10 layout-component text-serif-m layout-normal text-serif-m layout-padded\">De skriver videre at det politiet ikke har noen saker mellom avd\u00f8de og siktede i denne saken, og avd\u00f8de har ikke v\u00e6rt i kontakt med politiet ang\u00e5ende den siktede.<\/p>\n<p class=\"_paragraph_o9xde_4 _paragraph_xtcu6_10 layout-component text-serif-m layout-normal text-serif-m layout-padded\">\u2013  Basert p\u00e5 opplysningene i saken fremst\u00e5r relasjonen \u00e5 ha v\u00e6rt kortvarig. Siktede har forel\u00f8pig valgt \u00e5 ikke avgi noen forklaring til politiet, s\u00e5 vi har derfor ikke kunnskap om hvordan han stiller seg til saken eller hvordan han s\u00e5 p\u00e5 relasjonen til avd\u00f8de, sier politiadvokaten.<\/p>\n<p>Tidligere d\u00f8mt for drap<\/p>\n<p class=\"_paragraph_o9xde_4 _paragraph_xtcu6_10 layout-component text-serif-m layout-normal text-serif-m layout-padded\">Andersen er tidligere d\u00f8mt for drap, og vold mot to tidligere kj\u00e6rester. I 2016 ble han l\u00f8slatt fra forvaringforvaringEn spesiell type fengselsstraff for farlige lovbrytere, hvor de kan holdes fengslet p\u00e5 ubestemt tid for \u00e5 beskytte samfunnet., viser en rettsavgj\u00f8relse fra samme \u00e5r.<\/p>\n<p class=\"_paragraph_o9xde_4 _paragraph_xtcu6_10 layout-component text-serif-m layout-normal text-serif-m layout-padded\">Han var 28 \u00e5r gammel da han drepte 16 \u00e5r gamle <a href=\"https:\/\/www.vg.no\/nyheter\/i\/J1od2R\/fakta-om-linn-drapet\" data-track-element-type=\"Link\" data-track-id=\"link:J1od2R\" class=\"_link_o9xde_39\" rel=\"nofollow noopener\" target=\"_blank\">Linn Charlott Nesblom<\/a> med kniv i 1999. <\/p>\n<p class=\"_paragraph_o9xde_4 _paragraph_xtcu6_10 layout-component text-serif-m layout-normal text-serif-m layout-padded\">\u00c5ret etter m\u00f8tte han i Salten herredsrett, en rettssak som blant <a href=\"https:\/\/www.vg.no\/nyheter\/i\/J1od2R\/fakta-om-linn-drapet\" data-track-element-type=\"Link\" data-track-id=\"link:J1od2R\" class=\"_link_o9xde_39\" rel=\"nofollow noopener\" target=\"_blank\">andre VG dekket tett<\/a>. <\/p>\n<p><img alt=\"Andersen i retten fra ankesaken i 2000.  Foto: Erik Veig\u00e5rd \/ NTB\" class=\"_image_qp4xg_65 layout-component layout-normal\" data-fullscreen- data-track-element-type=\"Article image fullscreen\" data-track-name=\"ImageFullscreen\" decoding=\"async\" loading=\"lazy\" height=\"872\" itemprop=\"image\"  src=\"https:\/\/www.europesays.com\/no\/wp-content\/uploads\/2025\/12\/3c08a4b7-ac7c-492c-b9b0-15f50551c7d7\"  style=\"object-position:0% 0%\" width=\"1122\"\/>Andersen i retten fra ankesaken i 2000.  Foto: Erik Veig\u00e5rd \/ NTB<\/p>\n<p class=\"_paragraph_o9xde_4 _paragraph_xtcu6_10 layout-component text-serif-m layout-normal text-serif-m layout-padded\">Drapet p\u00e5 Nesblom oppr\u00f8rte et helt lokalsamfunn, og fikk mye medieomtale den gang. <\/p>\n<p class=\"_paragraph_o9xde_4 _paragraph_xtcu6_10 layout-component text-serif-m layout-normal text-serif-m layout-padded\">Forut for drapet hadde Andersen og Nesblom v\u00e6rt kj\u00e6rester i perioder siden hun var 14 og han var 27 \u00e5r, <a href=\"https:\/\/www.vg.no\/nyheter\/i\/xRPopn\/skjerpet-straff-for-linns-drapsmann\" data-track-element-type=\"Link\" data-track-id=\"link:xRPopn\" class=\"_link_o9xde_39\" rel=\"nofollow noopener\" target=\"_blank\">har VG tidligere omtalt<\/a>.<\/p>\n<p class=\"_paragraph_o9xde_4 _paragraph_xtcu6_10 layout-component text-serif-m layout-normal text-serif-m layout-padded\">Han ble ogs\u00e5 d\u00f8mt for \u00e5 ha tatt kvelertak p\u00e5 henne kun uker i forveien.<\/p>\n<p class=\"_paragraph_o9xde_4 _paragraph_xtcu6_10 layout-component text-serif-m layout-normal text-serif-m layout-padded\">I lagmannsrettenlagmannsrettenEn h\u00f8yere rettsinstans som behandler anker fra tingretten. ble han<a href=\"https:\/\/www.vg.no\/nyheter\/i\/xRPopn\/skjerpet-straff-for-linns-drapsmann\" data-track-element-type=\"Link\" data-track-id=\"link:xRPopn\" class=\"_link_o9xde_39\" rel=\"nofollow noopener\" target=\"_blank\"> d\u00f8mt til 15 \u00e5r i fengsel<\/a> for drap og vold mot Nesblom. Den gang fant to rettsinstanserrettsinstanserUlike niv\u00e5er av domstoler som behandler saker, som tingretten og lagmannsretten. at vilk\u00e5rene for \u00e5 id\u00f8mme sikringsikringEn tidligere ordning i norsk strafferett hvor lovbrytere kunne holdes fengslet utover den opprinnelige straffen. var oppfylt, men lagmannsretten landet p\u00e5 at en lengre, tidsavgrenset straff var mer egnet, heter det i en senere dom.<\/p>\n<p>D\u00f8mt til forvaring<\/p>\n<p class=\"_paragraph_o9xde_4 _paragraph_xtcu6_10 layout-component text-serif-m layout-normal text-serif-m layout-padded\">Mens han sonet for drapet, traff han en annen kvinne som han fikk et forhold til, viser rettsavgj\u00f8relser.<\/p>\n<p class=\"_paragraph_o9xde_4 _paragraph_xtcu6_10 layout-component text-serif-m layout-normal text-serif-m layout-padded\"><strong class=\"_strong_o9xde_25\">I 2011 ble han d\u00f8mt til forvaring i fire \u00e5r og seks m\u00e5neder for \u00e5 ha v\u00e6rt voldelig mot, kvalt og truet henne. <\/strong><\/p>\n<p class=\"_paragraph_o9xde_4 _paragraph_xtcu6_10 layout-component text-serif-m layout-normal text-serif-m layout-padded\">Tingrettens vurderinger fra \u00e5ret f\u00f8r var at det var fare for gjentagelse. Retten pekte p\u00e5 at til tross for at Andersen hadde sonet cirka ti \u00e5r i fengsel, forhindret ikke dette han fra \u00e5 beg\u00e5 en ny voldshandling.<\/p>\n<p class=\"_paragraph_o9xde_4 _paragraph_xtcu6_10 layout-component text-serif-m layout-normal text-serif-m layout-padded\">Da tiltalte ba om pr\u00f8vel\u00f8slatelse i 2012, fant retten at han p\u00e5 det tidspunktet ikke var moden for \u00e5 l\u00f8slates p\u00e5 pr\u00f8ve, men viste til at faren for gjentagelse etter hvert ville bli mindre n\u00e6rliggende, slik at pr\u00f8vel\u00f8slatelse ville v\u00e6re mulig f\u00f8r forvaringstiden l\u00f8p ut.<\/p>\n<p class=\"_paragraph_o9xde_4 _paragraph_xtcu6_10 layout-component text-serif-m layout-normal text-serif-m layout-padded\">Da forvaringssp\u00f8rsm\u00e5let l\u00e5 for retten i 2016, pekte lagmannsretten p\u00e5 at drapet i 1999 og voldsdommen fra 2011 hadde klare likhetstrekk.<\/p>\n<p class=\"_paragraph_o9xde_4 _paragraph_xtcu6_10 layout-component text-serif-m layout-normal text-serif-m layout-padded\">Det ble ogs\u00e5 vist til at han allerede i 20-\u00e5rene hadde blitt d\u00f8mt for vold og trusler mot en kj\u00e6reste. For dette ble han d\u00f8mt til seks m\u00e5neders fengsel.<\/p>\n<p class=\"_paragraph_o9xde_4 _paragraph_xtcu6_10 layout-component text-serif-m layout-normal text-serif-m layout-padded\">Likevel kom lagmannsretten i 2016 frem til at Andersen skulle l\u00f8slates fra forvaring, fordi de mente at de strenge vilk\u00e5rene for forvaring ikke var oppfylt. <\/p>\n","protected":false},"excerpt":{"rendered":"L\u00f8rdag kveld ble en kvinne i 30-\u00e5rene funnet d\u00f8d utend\u00f8rs i Orkland. Det var et vitne som oppdaget&hellip;\n","protected":false},"author":2,"featured_media":113693,"comment_status":"","ping_status":"","sticky":false,"template":"","format":"standard","meta":{"footnotes":""},"categories":[10],"tags":[20,21,2320,24,25,15,148,22,23,13,30,28,29,14,16,26,27],"class_list":{"0":"post-113692","1":"post","2":"type-post","3":"status-publish","4":"format-standard","5":"has-post-thumbnail","7":"category-norge","8":"tag-breaking-news","9":"tag-breakingnews","10":"tag-drap-i-norge","11":"tag-featured-news","12":"tag-featurednews","13":"tag-headlines","14":"tag-kriminalitet","15":"tag-latest-news","16":"tag-latestnews","17":"tag-news","18":"tag-no","19":"tag-norge","20":"tag-norway","21":"tag-nyheter","22":"tag-overskrifter","23":"tag-top-stories","24":"tag-topstories"},"share_on_mastodon":{"url":"https:\/\/pubeurope.com\/@no\/115723319809892470","error":""},"_links":{"self":[{"href":"https:\/\/www.europesays.com\/no\/wp-json\/wp\/v2\/posts\/113692","targetHints":{"allow":["GET"]}}],"collection":[{"href":"https:\/\/www.europesays.com\/no\/wp-json\/wp\/v2\/posts"}],"about":[{"href":"https:\/\/www.europesays.com\/no\/wp-json\/wp\/v2\/types\/post"}],"author":[{"embeddable":true,"href":"https:\/\/www.europesays.com\/no\/wp-json\/wp\/v2\/users\/2"}],"replies":[{"embeddable":true,"href":"https:\/\/www.europesays.com\/no\/wp-json\/wp\/v2\/comments?post=113692"}],"version-history":[{"count":0,"href":"https:\/\/www.europesays.com\/no\/wp-json\/wp\/v2\/posts\/113692\/revisions"}],"wp:featuredmedia":[{"embeddable":true,"href":"https:\/\/www.europesays.com\/no\/wp-json\/wp\/v2\/media\/113693"}],"wp:attachment":[{"href":"https:\/\/www.europesays.com\/no\/wp-json\/wp\/v2\/media?parent=113692"}],"wp:term":[{"taxonomy":"category","embeddable":true,"href":"https:\/\/www.europesays.com\/no\/wp-json\/wp\/v2\/categories?post=113692"},{"taxonomy":"post_tag","embeddable":true,"href":"https:\/\/www.europesays.com\/no\/wp-json\/wp\/v2\/tags?post=113692"}],"curies":[{"name":"wp","href":"https:\/\/api.w.org\/{rel}","templated":true}]}}