{"id":113694,"date":"2025-12-15T11:21:10","date_gmt":"2025-12-15T11:21:10","guid":{"rendered":"https:\/\/www.europesays.com\/no\/113694\/"},"modified":"2025-12-15T11:21:10","modified_gmt":"2025-12-15T11:21:10","slug":"vill-melding-pa-engelsk-tv","status":"publish","type":"post","link":"https:\/\/www.europesays.com\/no\/113694\/","title":{"rendered":"Vill melding p\u00e5 engelsk TV"},"content":{"rendered":"<p class=\"kicker t20\" style=\"\">Opplysninger til Dagbladet:<\/p>\n<p>  L\u00f8rdag kveld ble en kvinne i 30-\u00e5ra funnet d\u00f8d av en turg\u00e5er i Orkland. Tidligere drapsd\u00f8mte J\u00f8rn Andersen er siktet, if\u00f8lge Dagbladets opplysninger.<\/p>\n<p>\n    TIDLIGERE D\u00d8MT: J\u00f8rn Andersen, som den gang het J\u00f8rn-Are Andersen S\u00e6le, avbildet mens han forklarte seg i H\u00e5logaland lagmannsrett om drapet p\u00e5 Linn Charlotte Nesblom i 1999. Foto: Ingun A. M\u00e6hlum\n  <\/p>\n<p>ORKLAND, TR\u00d8NDELAG (Dagbladet): I 21.30-tida l\u00f8rdag kveld fikk politiet melding om funn av en d\u00f8d kvinne i Orkland kommune i Tr\u00f8ndelag.<\/p>\n<p>Kvinnen, som er i 30-\u00e5ra, ble funnet utend\u00f8rs av en turg\u00e5er. Omstendighetene rundt funnet gjorde at politiet slo drapsalarm &#8211; og kort tid seinere ble en mann i 50-\u00e5ra p\u00e5grepet og siktet for drap.<\/p>\n<p class=\"font-weight-bold m-font-weight-bold\" data-lab-font_weight=\"font-weight-bold\">Mannen er tidligere drapsd\u00f8mte J\u00f8rn Andersen, if\u00f8lge Dagbladets opplysninger.<\/p>\n<p>        <img loading=\"lazy\" decoding=\"async\" src=\"https:\/\/www.europesays.com\/no\/wp-content\/uploads\/2025\/12\/83985643.webp\" width=\"686\" height=\"453\" title=\"FULL STYRKE: Politiet har opplyst at de etterforsker saken med full styrke - og at de har flere hypoteser. En mann i 50-\u00e5ra er p\u00e5grepet og siktet for drapet p\u00e5 kvinnen som l\u00f8rdag kveld ble funnet d\u00f8d. Foto: Frank Karlsen\" alt=\"\" class=\"\" style=\"--aspect-ratio-image: 1.51; \"\/><\/p>\n<p>\n        FULL STYRKE: Politiet har opplyst at de etterforsker saken med full styrke &#8211; og at de har flere hypoteser. En mann i 50-\u00e5ra er p\u00e5grepet og siktet for drapet p\u00e5 kvinnen som l\u00f8rdag kveld ble funnet d\u00f8d. Foto: Frank Karlsen\n    <\/p>\n<p>Politiet har opplyst at det er en relasjon mellom den avd\u00f8de kvinnen og den siktede mannen, men har ikke \u00f8nsket \u00e5 kommentere hva slags relasjon det er snakk om.<\/p>\n<p>Andersens forsvarer, advokat Fredrik Sch\u00f8ne Brodwall, opplyser at han ikke har noen kommentar til saken, og det er derfor ukjent hvordan mannen stiller seg til siktelsen.<\/p>\n<p>Andersen er tidligere domfelt for flere tilfeller av vold mot kvinner han har hatt et kj\u00e6rlighetsforhold til &#8211; og for drap.\u00a0<\/p>\n<p>    Derfor identifiserer Dagbladet<\/p>\n<ul>\n<li class=\"lab-bodytext-line\">Allmennheten har et legitimt behov for \u00e5 vite hvem som st\u00e5r bak de aller mest alvorlige kriminelle handlingene i samfunnet v\u00e5rt.<\/li>\n<li class=\"lab-bodytext-line\">Identifiseringen begrunnes konkret i at siktede tidligere er d\u00f8mt for et overlagt drap p\u00e5 en ung jente og til forvaring for grov mishandling av en annen kvinne. At politiet mener han igjen st\u00e5r bak en sv\u00e6rt alvorlig kriminell handling, har offentlighetens interesse.<\/li>\n<li class=\"lab-bodytext-line\">N\u00e5r mistenkte identifiseres, kan det bidra til at publikum lettere gir politiet flere n\u00f8dvendige opplysninger. Identifisering bidrar ogs\u00e5 til \u00e5 begrense ryktespredning og spekulasjoner. <\/li>\n<\/ul>\n<p>      Vis mer<br \/>\n      Vis mindre<\/p>\n<p>Drepte ekskj\u00e6resten<\/p>\n<p>Det var i 2000 at Andersen ble d\u00f8mt til 14 \u00e5rs fengsel for \u00e5 ha knivdrept ekskj\u00e6resten Linn Charlott Nesblom med kniv i 1999.\u00a0<\/p>\n<p>Allerede i politiavh\u00f8r kort tid etter drapet, erkjente mannen at han hadde tatt livet av kvinnen. Han nektet imidlertid for at det var planlagt.<\/p>\n<p class=\"font-weight-bold m-font-weight-bold\" data-lab-font_weight=\"font-weight-bold\">\u00abHan stakk henne i venstre side av brystet med en kniv. Kniven gikk tvers gjennom hjerteposen og hjertet, og inn i venstre lunges underlapp. Linn Charlott Nesblom d\u00f8de etter kort tid av forbl\u00f8dning\u00bb.<\/p>\n<p>Kvinnen anmeldte mannen for vold og drapstrusler bare f\u00e5 uker f\u00f8r drapet. Politiet lot imidlertid anmeldelsen ligge p\u00e5 grunn av ressursmangel, meldte Dagbladet den gang.<\/p>\n<p>Da mannen var ute p\u00e5 pr\u00f8vel\u00f8slatelse i 2009 &#8211; f\u00e5 m\u00e5neder f\u00f8r han skulle l\u00f8slates &#8211; utsatte han en ekskj\u00e6reste for vold. I en dom Dagbladet har f\u00e5tt tilgang p\u00e5, st\u00e5r det at han troppet opp i leiligheten hennes uanmeldt, tok kvelertak p\u00e5 henne og truet med \u00e5 drepe henne.<\/p>\n<p>Til ekskj\u00e6resten skal han, if\u00f8lge dommen, ha uttalt f\u00f8lgende:<\/p>\n<p>\u00abBle du redd n\u00e5? Jeg trodde ikke du var redd for \u00e5 d\u00f8. Jeg skal ta livet av deg, etterp\u00e5 skal jeg ta livet av meg selv. Jeg skal kvele deg, og etterp\u00e5 skal jeg ta livet av meg selv. Jeg skal kvele deg, og etterp\u00e5 skal jeg skj\u00e6re opp strupen min med barberblad\u00bb.<\/p>\n<p>Det f\u00f8rte til at pr\u00f8vel\u00f8slatelsen ble trukket tilbake og at mannen ble d\u00f8mt til forvaring i fem \u00e5r. Etter ankebehandling i Frostating lagmannsrett ble straffen endret til forvaring i fire \u00e5r og seks m\u00e5neder, uten krav om minstetid.<\/p>\n<p>I 2016 ble han l\u00f8slatt. I en dom, som Avisa Nordland omtalte, sto det f\u00f8lgende:<\/p>\n<p>\u00abDet foreligger i hvert fall ingen objektive holdepunkter for at det er en virkelig eller realistisk fare for nye straffbare handlinger som angitt i loven.\u00bb<\/p>\n<p>        <img loading=\"lazy\" decoding=\"async\" src=\"https:\/\/www.europesays.com\/no\/wp-content\/uploads\/2025\/12\/83985628.webp\" width=\"686\" height=\"474\" title=\"RETTSTEGNING: Den n\u00e5 drapssiktede mannen tegnet i retten i 2000. Tegning: Tor Kvarve\" alt=\"\" class=\"\" style=\"--aspect-ratio-image: 1.45; \"\/><\/p>\n<p>\n        RETTSTEGNING: Den n\u00e5 drapssiktede mannen tegnet i retten i 2000. Tegning: Tor Kvarve\n    <\/p>\n<p>Politiet tilbakeholdne<\/p>\n<p>I helga ble mannen ble p\u00e5grepet p\u00e5 egen bopel i Orkland, ikke langt fra der den d\u00f8de kvinnen ble funnet. P\u00e5gripelsen var udramatisk, if\u00f8lge politiet.<\/p>\n<p>Politiadvokat Hanne Sivertsen Berg sier til Dagbladet at politiet har tatt beslag i flere telefoner &#8211; men understreker at det per n\u00e5 ikke er noe som tyder p\u00e5 at andre personer har v\u00e6rt involvert.\u00a0<\/p>\n<p>&#8211; Ettersom det blant annet gjenst\u00e5r avh\u00f8r av den siktede mannen, vil vi av hensyn til etterforskningen v\u00e6re tilbakeholden med \u00e5 dele mer informasjon om saken. Vi har fortsatt flere hypoteser \u00e5pne om hva som kan ha skjedd, sier hun.<\/p>\n<p>Siktede vil bli framstilt for varetektsfengsling mandag. P\u00e5talemyndigheten vil be om fire ukers varetektsfengsling, med brev- og bes\u00f8ksforbud, begrunnet med bevisforspillelsesfare.<\/p>\n","protected":false},"excerpt":{"rendered":"Opplysninger til Dagbladet: L\u00f8rdag kveld ble en kvinne i 30-\u00e5ra funnet d\u00f8d av en turg\u00e5er i Orkland. Tidligere&hellip;\n","protected":false},"author":2,"featured_media":113695,"comment_status":"","ping_status":"","sticky":false,"template":"","format":"standard","meta":{"footnotes":""},"categories":[5],"tags":[20,21,10538,24,25,92,15,19,22,23,17,18,671,13,30,28,29,14,16,83,26,27],"class_list":{"0":"post-113694","1":"post","2":"type-post","3":"status-publish","4":"format-standard","5":"has-post-thumbnail","7":"category-overskrifter","8":"tag-breaking-news","9":"tag-breakingnews","10":"tag-erling-haaland","11":"tag-featured-news","12":"tag-featurednews","13":"tag-fotball","14":"tag-headlines","15":"tag-hovedoppslag","16":"tag-latest-news","17":"tag-latestnews","18":"tag-main-news","19":"tag-mainnews","20":"tag-manchester-city","21":"tag-news","22":"tag-no","23":"tag-norge","24":"tag-norway","25":"tag-nyheter","26":"tag-overskrifter","27":"tag-sport","28":"tag-top-stories","29":"tag-topstories"},"share_on_mastodon":{"url":"https:\/\/pubeurope.com\/@no\/115723323638732120","error":""},"_links":{"self":[{"href":"https:\/\/www.europesays.com\/no\/wp-json\/wp\/v2\/posts\/113694","targetHints":{"allow":["GET"]}}],"collection":[{"href":"https:\/\/www.europesays.com\/no\/wp-json\/wp\/v2\/posts"}],"about":[{"href":"https:\/\/www.europesays.com\/no\/wp-json\/wp\/v2\/types\/post"}],"author":[{"embeddable":true,"href":"https:\/\/www.europesays.com\/no\/wp-json\/wp\/v2\/users\/2"}],"replies":[{"embeddable":true,"href":"https:\/\/www.europesays.com\/no\/wp-json\/wp\/v2\/comments?post=113694"}],"version-history":[{"count":0,"href":"https:\/\/www.europesays.com\/no\/wp-json\/wp\/v2\/posts\/113694\/revisions"}],"wp:featuredmedia":[{"embeddable":true,"href":"https:\/\/www.europesays.com\/no\/wp-json\/wp\/v2\/media\/113695"}],"wp:attachment":[{"href":"https:\/\/www.europesays.com\/no\/wp-json\/wp\/v2\/media?parent=113694"}],"wp:term":[{"taxonomy":"category","embeddable":true,"href":"https:\/\/www.europesays.com\/no\/wp-json\/wp\/v2\/categories?post=113694"},{"taxonomy":"post_tag","embeddable":true,"href":"https:\/\/www.europesays.com\/no\/wp-json\/wp\/v2\/tags?post=113694"}],"curies":[{"name":"wp","href":"https:\/\/api.w.org\/{rel}","templated":true}]}}