{"id":113696,"date":"2025-12-15T11:23:11","date_gmt":"2025-12-15T11:23:11","guid":{"rendered":"https:\/\/www.europesays.com\/no\/113696\/"},"modified":"2025-12-15T11:23:11","modified_gmt":"2025-12-15T11:23:11","slug":"debby-ryan-og-josh-dun-onsker-velkommen-til-sitt-forste-barn","status":"publish","type":"post","link":"https:\/\/www.europesays.com\/no\/113696\/","title":{"rendered":"Debby Ryan og Josh Dun \u00f8nsker velkommen til sitt f\u00f8rste barn"},"content":{"rendered":"<p class=\"kicker \" style=\"\">Debby Ryan:<\/p>\n<p>  Hun spilte barnepike p\u00e5 skjermen i mange \u00e5r &#8211; n\u00e5 er hun endelig blitt mor.<\/p>\n<p>\n    ENDELIG: N\u00e5 har ekteparets lille familie utvidet seg fra to til tre. Foto: NTB\n  <\/p>\n<p>Tidligere i \u00e5r kunne Disney-stjerne <a href=\"https:\/\/www.seher.no\/kjendis\/venter-barn\/83565512\" rel=\"nofollow noopener\" target=\"_blank\">Debby Ryan (32) dele nyheten om at hun og ektemannen Josh Dun (37) ventet sitt aller f\u00f8rste barn sammen<\/a>. Debby er kjent fra Disney Channel-produksjoner som \u00abThe Suite Life on Deck\u00bb og \u00abJessie\u00bb, mens Josh er kjent fra gruppen Twenty One Pilots.<\/p>\n<p>    <a itemprop=\"url\" href=\"https:\/\/www.seher.no\/kjendis\/venter-barn\/83565512\" rel=\"nofollow noopener\" target=\"_blank\"><\/p>\n<p>        <img loading=\"lazy\" decoding=\"async\" src=\"https:\/\/www.europesays.com\/no\/wp-content\/uploads\/2025\/12\/83565794.webp\" width=\"147\" height=\"98\" title=\"Venter barn\" alt=\"\" class=\"lazyload\" style=\"--aspect-ratio-image: 1.50; \"\/><\/p>\n<p>        Venter barn<\/p>\n<p>    <\/a><\/p>\n<p>Det var i september at Debby annonserte gladnyheten, og hun viste den gangen frem sin voksende babymage. N\u00e5 har den nye verdensborgeren ankommet, skriver hun p\u00e5 Instagram.<\/p>\n<p>        \u00abFARMEN KJENDIS\u00bb: Den nye sesongen byr p\u00e5 flere overraskelser. Video: \u00abFarmen kjendis\u00bb\/ TV 2<\/p>\n<p>\u00abVi satt under fullm\u00e5nen &#8211; den kalde fullm\u00e5nen &#8211; og mimret om livet som en familie p\u00e5 to, og fortalte barnet jeg bar p\u00e5 at vi var klare for \u00e5 bli tre\u00bb, skriver hun innledningsvis.<\/p>\n<p>Den lille babyen, hvis navn er Felix, kom til verden under julelys mens sn\u00f8en dalte ned utenfor, skriver hun.<\/p>\n<p>\u00abJoshua var en fantastisk lagspiller, og ble utrolig nok ikke dratt ned i badekaret og druknet &#8211; han tok s\u00e5 godt vare p\u00e5 jentene sine\u00bb.<\/p>\n<p>Til tross for at barnet har f\u00e5tt navnet Felix, som tradisjonelt er et mer maskulint navn, er det alts\u00e5 en liten jente paret har f\u00e5tt.<\/p>\n<p>    <a itemprop=\"url\" href=\"https:\/\/www.seher.no\/kjendis\/disney-stjernen-giftet-seg-i-all-hemmelighet\/72491756\" rel=\"nofollow noopener\" target=\"_blank\"><\/p>\n<p>        <img loading=\"lazy\" decoding=\"async\" src=\"https:\/\/www.europesays.com\/no\/wp-content\/uploads\/2025\/12\/72491889.webp\" width=\"147\" height=\"100\" title=\"Disney-stjernen giftet seg i all hemmelighet\" alt=\"\" class=\"lazyload\" style=\"--aspect-ratio-image: 1.47; \"\/><\/p>\n<p>        Disney-stjernen giftet seg i all hemmelighet<\/p>\n<p>    <\/a><\/p>\n<p>Navnets opphav er latinsk, og betyr lykke eller glede.<\/p>\n<p>Flere har lagt igjen kommentarer under Instagram-innlegget hennes for \u00e5 gratulerere.<\/p>\n<p>        <img loading=\"lazy\" decoding=\"async\" src=\"https:\/\/www.europesays.com\/no\/wp-content\/uploads\/2025\/12\/83985303.webp\" width=\"686\" height=\"529\" title=\"LYKKE: Gladmeldingen g\u00e5r ikke ubemerket i sosiale medier, og fansen jubler for henne. Foto: NTB\" alt=\"\" class=\"\" style=\"--aspect-ratio-image: 1.30; \"\/><\/p>\n<p>\n        LYKKE: Gladmeldingen g\u00e5r ikke ubemerket i sosiale medier, og fansen jubler for henne. Foto: NTB\n    <\/p>\n<p>\u00abDu gjorde det\u00bb, skriver en.<\/p>\n<p>\u00abVelkommen til verden Felix\u00bb, skriver en annen.<\/p>\n<p>\u00abKvinner er fantastiske. Gratulerer\u00bb, skriver en tredje fan.<\/p>\n<p>        INGEN KOMMENTAR: \u00abSkal vi danse\u00bb-finalist Viggo Venn l\u00f8per fra intervjuet n\u00e5r han f\u00e5r sp\u00f8rsm\u00e5l om eget kj\u00e6rlighetsliv. Reporter: Karolina Rusov-Hansen. Video: Sanne Holt\/ Silja Furset<\/p>\n<p>Debby og Josh er tydelig fra seg av lykke, og f\u00f8rstnevnte skriver at det har v\u00e6rt enormt betydningsfullt \u00e5 bli mamma.<\/p>\n<p>\u00abJeg har v\u00e6rt mange ting, men \u00e5 v\u00e6re hennes hjem, hennes sted \u00e5 spire, en portal som bringer en ny sjel inn i verden &#8211; dette er min st\u00f8rste \u00e6re. Velkommen til verden lille m\u00e5nestr\u00e5le\u00bb, avslutter hun innlegget sitt.<\/p>\n","protected":false},"excerpt":{"rendered":"Debby Ryan: Hun spilte barnepike p\u00e5 skjermen i mange \u00e5r &#8211; n\u00e5 er hun endelig blitt mor. ENDELIG:&hellip;\n","protected":false},"author":2,"featured_media":113697,"comment_status":"","ping_status":"","sticky":false,"template":"","format":"standard","meta":{"footnotes":""},"categories":[58],"tags":[4845,71,3066,5429,479,2543,2875,30,28,29,72],"class_list":{"0":"post-113696","1":"post","2":"type-post","3":"status-publish","4":"format-standard","5":"has-post-thumbnail","7":"category-underholdning","8":"tag-debby-ryan","9":"tag-entertainment","10":"tag-fodsel","11":"tag-gladnyhet","12":"tag-kjendis","13":"tag-kjendisdesken","14":"tag-mamma","15":"tag-no","16":"tag-norge","17":"tag-norway","18":"tag-underholdning"},"share_on_mastodon":{"url":"https:\/\/pubeurope.com\/@no\/115723331613494039","error":""},"_links":{"self":[{"href":"https:\/\/www.europesays.com\/no\/wp-json\/wp\/v2\/posts\/113696","targetHints":{"allow":["GET"]}}],"collection":[{"href":"https:\/\/www.europesays.com\/no\/wp-json\/wp\/v2\/posts"}],"about":[{"href":"https:\/\/www.europesays.com\/no\/wp-json\/wp\/v2\/types\/post"}],"author":[{"embeddable":true,"href":"https:\/\/www.europesays.com\/no\/wp-json\/wp\/v2\/users\/2"}],"replies":[{"embeddable":true,"href":"https:\/\/www.europesays.com\/no\/wp-json\/wp\/v2\/comments?post=113696"}],"version-history":[{"count":0,"href":"https:\/\/www.europesays.com\/no\/wp-json\/wp\/v2\/posts\/113696\/revisions"}],"wp:featuredmedia":[{"embeddable":true,"href":"https:\/\/www.europesays.com\/no\/wp-json\/wp\/v2\/media\/113697"}],"wp:attachment":[{"href":"https:\/\/www.europesays.com\/no\/wp-json\/wp\/v2\/media?parent=113696"}],"wp:term":[{"taxonomy":"category","embeddable":true,"href":"https:\/\/www.europesays.com\/no\/wp-json\/wp\/v2\/categories?post=113696"},{"taxonomy":"post_tag","embeddable":true,"href":"https:\/\/www.europesays.com\/no\/wp-json\/wp\/v2\/tags?post=113696"}],"curies":[{"name":"wp","href":"https:\/\/api.w.org\/{rel}","templated":true}]}}