{"id":113698,"date":"2025-12-15T11:27:08","date_gmt":"2025-12-15T11:27:08","guid":{"rendered":"https:\/\/www.europesays.com\/no\/113698\/"},"modified":"2025-12-15T11:27:08","modified_gmt":"2025-12-15T11:27:08","slug":"mariah-carey-musikk-mariah-carey-til-vinter-ol","status":"publish","type":"post","link":"https:\/\/www.europesays.com\/no\/113698\/","title":{"rendered":"Mariah Carey, Musikk | Mariah Carey til vinter-OL"},"content":{"rendered":"\n<p>\u00abCarey er det f\u00f8rste store musikkikonet under \u00e5pningssesmonien f\u00f8r vinterlekene i Milano og Cortina i 2026. Seremonien finner sted 6. februar p\u00e5 San Siro i Milano\u00bb, skriver arrang\u00f8ren i en pressemelding. <\/p>\n<p>56-\u00e5ringen er kjent for en rekke popul\u00e6re l\u00e5ter, deriblant \u00abAll I Want for Christmas Is You\u00bb. <\/p>\n<p><b>Les ogs\u00e5: <a href=\"https:\/\/www.nettavisen.no\/sport\/utlandet-reagerer-etter-norges-vm-triumf-motbydelig\/s\/5-95-2779687\" rel=\"Follow nofollow noopener\" target=\"_blank\">Utlandet reagerer etter Norges VM-triumf: \u2013 Motbydelig<\/a><\/b><\/p>\n<p>Mesterskapet starter 6. februar og avsluttes 22. februar. <\/p>\n","protected":false},"excerpt":{"rendered":"\u00abCarey er det f\u00f8rste store musikkikonet under \u00e5pningssesmonien f\u00f8r vinterlekene i Milano og Cortina i 2026. Seremonien finner&hellip;\n","protected":false},"author":2,"featured_media":113699,"comment_status":"","ping_status":"","sticky":false,"template":"","format":"standard","meta":{"footnotes":""},"categories":[12],"tags":[20,21,24,25,15,22,23,13,30,28,29,14,16,26,27,42,43,44,45],"class_list":{"0":"post-113698","1":"post","2":"type-post","3":"status-publish","4":"format-standard","5":"has-post-thumbnail","7":"category-verden","8":"tag-breaking-news","9":"tag-breakingnews","10":"tag-featured-news","11":"tag-featurednews","12":"tag-headlines","13":"tag-latest-news","14":"tag-latestnews","15":"tag-news","16":"tag-no","17":"tag-norge","18":"tag-norway","19":"tag-nyheter","20":"tag-overskrifter","21":"tag-top-stories","22":"tag-topstories","23":"tag-verden","24":"tag-world","25":"tag-world-news","26":"tag-worldnews"},"share_on_mastodon":{"url":"https:\/\/pubeurope.com\/@no\/115723347238258273","error":""},"_links":{"self":[{"href":"https:\/\/www.europesays.com\/no\/wp-json\/wp\/v2\/posts\/113698","targetHints":{"allow":["GET"]}}],"collection":[{"href":"https:\/\/www.europesays.com\/no\/wp-json\/wp\/v2\/posts"}],"about":[{"href":"https:\/\/www.europesays.com\/no\/wp-json\/wp\/v2\/types\/post"}],"author":[{"embeddable":true,"href":"https:\/\/www.europesays.com\/no\/wp-json\/wp\/v2\/users\/2"}],"replies":[{"embeddable":true,"href":"https:\/\/www.europesays.com\/no\/wp-json\/wp\/v2\/comments?post=113698"}],"version-history":[{"count":0,"href":"https:\/\/www.europesays.com\/no\/wp-json\/wp\/v2\/posts\/113698\/revisions"}],"wp:featuredmedia":[{"embeddable":true,"href":"https:\/\/www.europesays.com\/no\/wp-json\/wp\/v2\/media\/113699"}],"wp:attachment":[{"href":"https:\/\/www.europesays.com\/no\/wp-json\/wp\/v2\/media?parent=113698"}],"wp:term":[{"taxonomy":"category","embeddable":true,"href":"https:\/\/www.europesays.com\/no\/wp-json\/wp\/v2\/categories?post=113698"},{"taxonomy":"post_tag","embeddable":true,"href":"https:\/\/www.europesays.com\/no\/wp-json\/wp\/v2\/tags?post=113698"}],"curies":[{"name":"wp","href":"https:\/\/api.w.org\/{rel}","templated":true}]}}