{"id":11371,"date":"2025-08-18T13:25:43","date_gmt":"2025-08-18T13:25:43","guid":{"rendered":"https:\/\/www.europesays.com\/no\/11371\/"},"modified":"2025-08-18T13:25:43","modified_gmt":"2025-08-18T13:25:43","slug":"nytt-liv-for-laerar-liv-mona-39","status":"publish","type":"post","link":"https:\/\/www.europesays.com\/no\/11371\/","title":{"rendered":"Nytt liv for l\u00e6rar Liv Mona (39):"},"content":{"rendered":"\n<p class=\"_paragraph_1bvmi_4 _paragraph_xtcu6_10 layout-component text-serif-m layout-normal text-serif-m layout-padded\">Nedlegginga av seks skular og skulestader i <a href=\"https:\/\/www.vg.no\/tag\/innlandet?utm_source=vg-article&amp;utm_medium=auto-tagger&amp;utm_campaign=1M2AlM\" class=\"_link_1bvmi_39\" rel=\"nofollow noopener\" target=\"_blank\">Innlandet<\/a> <a href=\"https:\/\/www.vg.no\/nyheter\/i\/QM9pR8\/skolestriden-i-innlandet-avgjort-legger-ned-skolene\" data-track-element-type=\"Link\" data-track-id=\"link:QM9pR8\" class=\"_link_1bvmi_39\" rel=\"nofollow noopener\" target=\"_blank\">vekte sterke kjensler og politisk strid<\/a> i fjor. <\/p>\n<p class=\"_paragraph_1bvmi_4 _paragraph_xtcu6_10 layout-component text-serif-m layout-normal text-serif-m layout-padded\">Difor var det stor stas og h\u00f8gtid d\u00e5 lokal eldsjel og styreleiar Hanna Skj\u00e5k\u00f8deg\u00e5rd til applaus fr\u00e5 hundrevis av framm\u00f8tte &#8211; opna den nye Jotunheimen privatistskule i Lom m\u00e5ndag morgon.<\/p>\n<p class=\"_paragraph_1bvmi_4 _paragraph_xtcu6_10 layout-component text-serif-m layout-normal text-serif-m layout-padded\">Det betyr eit vidareg\u00e5ande skuletilbod for <a href=\"https:\/\/www.vg.no\/nyheter\/i\/Gydm2Q\/nytt-elevliv-i-lom-jertru-17-lada-opp-med-traktortreff\" data-track-element-type=\"Link\" data-track-id=\"link:Gydm2Q\" class=\"_link_1bvmi_39\" rel=\"nofollow noopener\" target=\"_blank\">elevar som elles m\u00e5tte ha reist lange avstandar<\/a> til andre skular &#8211; og at tidlegare tilsette p\u00e5 vgs. i Lom &#8211; f\u00e5r jobbe i same bygg som dei mista den tidlegare jobben sin.<\/p>\n<p>   Var fortvila<\/p>\n<p class=\"_paragraph_1bvmi_4 _paragraph_xtcu6_10 layout-component text-serif-m layout-normal text-serif-m layout-padded\">Liv Mona Jonsgaard blir kontaktl\u00e6rar for vg3-elevar p\u00e5 den nye skulen.<\/p>\n<p class=\"_paragraph_1bvmi_4 _paragraph_xtcu6_10 layout-component text-serif-m layout-normal text-serif-m layout-padded\">\u2013 Det er lenge sidan eg har vore so glad. Dette er ikkje til \u00e5 tru. No viser vi verkeleg fram kva som bur i oss oppi her, seier Liv Mona Johnsgaard til VG tidleg m\u00e5ndag morgon.<\/p>\n<p class=\"_paragraph_1bvmi_4 _paragraph_xtcu6_10 layout-component text-serif-m layout-normal text-serif-m layout-padded\">R\u00f8ysta og ansiktet hennar syner at ho er bevega. Men det er gledest\u00e5rer denne gongen.<\/p>\n<p><img alt=\"HAUSTEN 2024: L\u00e6rar Liv Mona Jonsgaard s\u00e5g ikkje f\u00f8re seg anna alternativ enn arbeidsl\u00f8yse etter nedlegginga av arbeidsplassen hennar, vgs. i Lom.  Foto: Line M\u00f8ller \/ VG\" class=\"_image_qp4xg_65 layout-component layout-normal\" data-fullscreen- data-track-element-type=\"Article image fullscreen\" data-track-name=\"ImageFullscreen\" decoding=\"async\" loading=\"lazy\" height=\"5325\" itemprop=\"image\"  src=\"https:\/\/www.europesays.com\/no\/wp-content\/uploads\/2025\/08\/eae42947-6381-4acc-8edf-6c86f8cc6242\"  style=\"object-position:0% 0%\" width=\"6688\"\/>HAUSTEN 2024: L\u00e6rar Liv Mona Jonsgaard s\u00e5g ikkje f\u00f8re seg anna alternativ enn arbeidsl\u00f8yse etter nedlegginga av arbeidsplassen hennar, vgs. i Lom.  Foto: Line M\u00f8ller \/ VG<\/p>\n<p class=\"_paragraph_1bvmi_4 _paragraph_xtcu6_10 layout-component text-serif-m layout-normal text-serif-m layout-padded\">D\u00e5 <a href=\"https:\/\/www.vg.no\/nyheter\/i\/kwp4oB\/skulekutt-fylkeskommunar-fjerner-vidaregaaande-skular\" data-track-element-type=\"Link\" data-track-id=\"link:kwp4oB\" class=\"_link_1bvmi_39\" rel=\"nofollow noopener\" target=\"_blank\">VG m\u00f8tte henne<\/a> etter at politikarane hadde signalisert nedlegging i fjor haust, var ho fortvila:<\/p>\n<p class=\"_paragraph_1bvmi_4 _paragraph_xtcu6_10 layout-component text-serif-m layout-normal text-serif-m layout-padded\">\u2013 Eg ser ikkje anna alternativ enn \u00e5 bli arbeidslaus. Vi er gardbrukarar. Vi har ungar. Mange har husdyr. Vi kan ikkje sitje tre timar i bil dagleg for \u00e5 jobbe i Otta eller p\u00e5 Vinstra, sa Jonsgaard. <\/p>\n<p class=\"_paragraph_1bvmi_4 _paragraph_xtcu6_10 layout-component text-serif-m layout-normal text-serif-m layout-padded\">Ho slapp t\u00e5rer og kjensler laus d\u00e5 ogs\u00e5.<\/p>\n<p class=\"_paragraph_1bvmi_4 _paragraph_xtcu6_10 layout-component text-serif-m layout-normal text-serif-m layout-padded\">M\u00e5ndag morgon er stemninga mykje lysare. <\/p>\n<p class=\"_paragraph_1bvmi_4 _paragraph_xtcu6_10 layout-component text-serif-m layout-normal text-serif-m layout-padded\">Tidleg f\u00f8lgde ho sjetteklassingen sin til skulen i heimbygda Skj\u00e5k. S\u00e5 bar det rett til den ny-gamle arbeidsplassen p\u00e5 Jotunheimen privatistskule. Den ligg i nett same bygget som der gamleskulen vart nedlagt.<\/p>\n<p class=\"_paragraph_1bvmi_4 _paragraph_xtcu6_10 layout-component text-serif-m layout-normal text-serif-m layout-padded\">\u2013 Eg tok beslutninga i mai. D\u00e5 vart eg s\u00e5 sikker p\u00e5 at dette var rett, d\u00e5 vart eg med vidare, skildrar l\u00e6raren om korleis ho fekk den nye jobben.<\/p>\n<p><img alt=\"H\u00d8GT OPPE: Styreleiar og primus motor for Jotunheimen privatistskule, Hanna Fl\u00e6k\u00f8y Skj\u00e5k\u00f8deg\u00e5rd var heilt i hundre under skuleopninga m\u00e5ndag morgon.I bakgrunnen: folk fr\u00e5 fjern og n\u00e6r og fjellet Lomseggen.  Foto: Line M\u00f8ller \/ VG\" class=\"_image_qp4xg_65 layout-component layout-normal\" data-fullscreen- data-track-element-type=\"Article image fullscreen\" data-track-name=\"ImageFullscreen\" decoding=\"async\" loading=\"lazy\" height=\"5504\" itemprop=\"image\"  src=\"https:\/\/www.europesays.com\/no\/wp-content\/uploads\/2025\/08\/54dbbf38-a781-4415-92de-cc9d55d99afb\"  style=\"object-position:0% 0%\" width=\"8256\"\/>H\u00d8GT OPPE: Styreleiar og primus motor for Jotunheimen privatistskule, Hanna Fl\u00e6k\u00f8y Skj\u00e5k\u00f8deg\u00e5rd var heilt i hundre under skuleopninga m\u00e5ndag morgon.I bakgrunnen: folk fr\u00e5 fjern og n\u00e6r og fjellet Lomseggen.  Foto: Line M\u00f8ller \/ VG<\/p>\n<p class=\"_paragraph_1bvmi_4 _paragraph_xtcu6_10 layout-component text-serif-m layout-normal text-serif-m layout-padded\">Klokka ni klypte styreleiar Hanna Fl\u00e6k\u00f8y Skj\u00e5k\u00f8deg\u00e5rd snora, og skulen vart h\u00f8gtideleg opna.<\/p>\n<p class=\"_paragraph_1bvmi_4 _paragraph_xtcu6_10 layout-component text-serif-m layout-normal text-serif-m layout-padded\">Den er eit plaster p\u00e5 s\u00e5ret etter at dei fekk nei fr\u00e5 fylkestinget til \u00e5 opprette ein fullverdig\u00a0privatskule.<\/p>\n<p class=\"_paragraph_1bvmi_4 _paragraph_xtcu6_10 layout-component text-serif-m layout-normal text-serif-m layout-padded\">Lokale krefter har sponsa skulen med over 65 millionar kroner.<\/p>\n<p class=\"_paragraph_1bvmi_4 _paragraph_xtcu6_10 layout-component text-serif-m layout-normal text-serif-m layout-padded\">\u2013 Gir det offentlege oss godkjenning, skal vi fikse resten sj\u00f8lv, sa Skj\u00e5k\u00f8deg\u00e5rd til langvarig st\u00e5ande applaus i fleirbrukshallen i Lom etter skuleopninga.<\/p>\n<p><img alt=\"HOLDT TALE: Tilde Bergheim Kveum (15) var litt nerv\u00f8s f\u00f8r talen hun holdt for hundrevis av fremm\u00f8tte i flerbrukshallen i Lom.\" class=\"_image_qp4xg_65 layout-component layout-normal\" data-fullscreen- data-track-element-type=\"Article image fullscreen\" data-track-name=\"ImageFullscreen\" decoding=\"async\" loading=\"lazy\" height=\"5504\" itemprop=\"image\"  src=\"https:\/\/www.europesays.com\/no\/wp-content\/uploads\/2025\/08\/942fd193-1761-4d68-8a46-e84bee07b9d8\"  style=\"object-position:0% 0%\" width=\"8256\"\/>HOLDT TALE: Tilde Bergheim Kveum (15) var litt nerv\u00f8s f\u00f8r talen hun holdt for hundrevis av fremm\u00f8tte i flerbrukshallen i Lom.<\/p>\n<p class=\"_paragraph_1bvmi_4 _paragraph_xtcu6_10 layout-component text-serif-m layout-normal text-serif-m layout-padded\">Elevane, mange i bunader, sat fremst i idrettshallen. Tilde Bergheim Kveum (15) fr\u00e5 Skj\u00e5k har sin f\u00f8rste dag p\u00e5 vgs m\u00e5ndag. Ho heldt ein liten tale til fleire folk enn ho hadde f\u00f8restilt seg.<\/p>\n<p class=\"_paragraph_1bvmi_4 _paragraph_xtcu6_10 layout-component text-serif-m layout-normal text-serif-m layout-padded\">\u2013 Det vart jo st\u00e5ande applaus og greier, s\u00e5 det var skikkeleg triveleg. Eg har vore klar lenge p\u00e5 at eg ville starte p\u00e5 denne skulen. Eg likar meg i bygdene her, og likar \u00e5 bu heime. I talen min s\u00e5 vektla eg at det var nokre parti som ikkje ville h\u00f8yre oss. Det hadde eg god grunn til \u00e5 nemne. Men no er eg mest glad for \u00e5 byrje p\u00e5 denne skulen, seier Tilde til VG.<\/p>\n<p><img decoding=\"async\" alt=\"Bilde av Tor Olav Mundal\" class=\"_image_ygndg_42\" height=\"27\" itemprop=\"image\" loading=\"lazy\"  src=\"https:\/\/www.europesays.com\/no\/wp-content\/uploads\/2025\/08\/bc082825-8936-4d26-ade2-4f7588184244\"  width=\"40\"\/><strong class=\"_name_ygndg_51 title-serif-xs\">Tor Olav Mundal<\/strong><\/p>\n<p class=\"_paragraph_1bvmi_4 text-sans-m _description_ygndg_56\">Tidlegare rektor ved vgs. i Lom &#8211; no rektor p\u00e5 Jotunheimen privatistskule i Lom.<\/p>\n<p class=\"_paragraph_1bvmi_4 _paragraph_xtcu6_10 layout-component text-serif-m layout-normal text-serif-m layout-padded\">Rektor Tor Olav Mundal, som ogs\u00e5 var rektor p\u00e5 den nedlagte vgs-skulen i Lom, sa i sin tale at null skule i Lom ville bety fleire ungdommar som aldri ville starte p\u00e5 vgs.<\/p>\n<p class=\"_paragraph_1bvmi_4 _paragraph_xtcu6_10 layout-component text-serif-m layout-normal text-serif-m layout-padded\">\u2013 Eg kan med rimeleg stor tryggleik g\u00e5 inn p\u00e5 klasselistene og seie at den og den hadde ikkje starta &#8211; den og den hadde ikkje fullf\u00f8rt, dersom Jotunheimen skule ikkje hadde blitt starta, sa Mundal.<\/p>\n<p class=\"_paragraph_1bvmi_4 _paragraph_xtcu6_10 layout-component text-serif-m layout-normal text-serif-m layout-padded\">Ei rekkje av Noregs fremste politikarar er inviterte til opninga. B\u00e5de Sp-leiar Trygve Slagsvold Vedum, Emilie Mehl (Sp) og Frp-leiar Sylvi Listhaug deltek. I tillegg: Bj\u00f8rnar Moxnes fr\u00e5 Raudt, Grete Wold fr\u00e5 SV, lokale ordf\u00f8rarar, l\u00e6rarstaben og sj\u00f8lvsagt elevane ved den nye skulen.<\/p>\n<p><img alt=\"Foto: MEHL P\u00c5 PLASS: Emilie Enger Mehl (Sp) (i kvitt) har kjempa mot skulenedleggingar i Innlandet. Ho m\u00f8tte opp i idrettshallen under opninga av Jotunheimen privatistskule saman med hundrevis av andre.\" class=\"_image_qp4xg_65 layout-component layout-normal\" data-fullscreen- data-track-element-type=\"Article image fullscreen\" data-track-name=\"ImageFullscreen\" decoding=\"async\" loading=\"lazy\" height=\"5504\" itemprop=\"image\"  src=\"https:\/\/www.europesays.com\/no\/wp-content\/uploads\/2025\/08\/5a0b52e0-9408-40d6-a9ac-38fe3808118f\"  style=\"object-position:0% 0%\" width=\"8256\"\/>Foto: MEHL P\u00c5 PLASS: Emilie Enger Mehl (Sp) (i kvitt) har kjempa mot skulenedleggingar i Innlandet. Ho m\u00f8tte opp i idrettshallen under opninga av Jotunheimen privatistskule saman med hundrevis av andre.<\/p>\n<p class=\"_paragraph_1bvmi_4 _paragraph_xtcu6_10 layout-component text-serif-m layout-normal text-serif-m layout-padded\">Tidlegare statsminister og H\u00f8gre-leiar Erna Solberg kom ikkje. Statsminister Jonas Gahr St\u00f8re og kunnskapsminister Kari Nessa Nordtun (Ap) prioriterer skulestart p\u00e5 \u00d8stensj\u00f8 i Oslo i staden.<\/p>\n<p>\u2013 Skuffa over Ap<\/p>\n<p class=\"_paragraph_1bvmi_4 _paragraph_xtcu6_10 layout-component text-serif-m layout-normal text-serif-m layout-padded\">Ap og H\u00f8gre var saman med MDG dei tre partia i Innlandet fylkesting som utgjorde eit knappast mogeleg fleirtal for \u00e5 legge ned dei vidareg\u00e5ande skulane i Innlandet.<\/p>\n<p class=\"_paragraph_1bvmi_4 _paragraph_xtcu6_10 layout-component text-serif-m layout-normal text-serif-m layout-padded\">Dei tre partia ville heller ikkje godkjenne Lom-skulen som ein fullverdig privat vidareg\u00e5ande skule med statsst\u00f8tte &#8211; d\u00e5 denne saka var til handsaming i fylkestinget i v\u00e5r.<\/p>\n<p class=\"_paragraph_1bvmi_4 _paragraph_xtcu6_10 layout-component text-serif-m layout-normal text-serif-m layout-padded\">L\u00e6rar p\u00e5 b\u00e5de den nedlagte og nye skulen i Lom, Liv Mona Jonsgaard, er spesielt skuffa over Arbeidarpartiet, som ho sj\u00f8lv har vore medlem av i \u00e5revis.<\/p>\n<p><img alt=\"ENORMT FRAMM\u00d8TE: Hundrevis av framm\u00f8tte tidleg ein m\u00e5ndags morgon under opninga av Jotunheimen privatistskule i Lom. Fleire hadde med seg flagg.  Foto: Line M\u00f8ller \/ VG\" class=\"_image_qp4xg_65 layout-component layout-normal\" data-fullscreen- data-track-element-type=\"Article image fullscreen\" data-track-name=\"ImageFullscreen\" decoding=\"async\" loading=\"lazy\" height=\"5504\" itemprop=\"image\"  src=\"https:\/\/www.europesays.com\/no\/wp-content\/uploads\/2025\/08\/3d2e844f-ca6a-4dad-971c-5db0ee4e1c73\"  style=\"object-position:0% 0%\" width=\"6644\"\/>ENORMT FRAMM\u00d8TE: Hundrevis av framm\u00f8tte tidleg ein m\u00e5ndags morgon under opninga av Jotunheimen privatistskule i Lom. Fleire hadde med seg flagg.  Foto: Line M\u00f8ller \/ VG<\/p>\n<p class=\"_paragraph_1bvmi_4 _paragraph_xtcu6_10 layout-component text-serif-m layout-normal text-serif-m layout-padded\">\u2013 Eg er skuffa over at ingen av dei mest framtredande politikarane fr\u00e5 Ap kjem hit. Eg kjem fr\u00e5 ein Arbeidarparti-familie sj\u00f8lv. Dei kunne godt ha kome hit og h\u00f8yrt, sett og prata med folk her, seier Jonsgaard. <\/p>\n<p class=\"_paragraph_1bvmi_4 _paragraph_xtcu6_10 layout-component text-serif-m layout-normal text-serif-m layout-padded\">Ho er ikkje medlem i partiet lenger.<\/p>\n<p class=\"_paragraph_1bvmi_4 _paragraph_xtcu6_10 layout-component text-serif-m layout-normal text-serif-m layout-padded\">B\u00e5de Lom og Skj\u00e5k Ap <a href=\"https:\/\/www.vg.no\/nyheter\/i\/lwxkk3\/skolestriden-lom-ap-legges-ned-lokale-partikjemper-melder-seg-ut\" data-track-element-type=\"Link\" data-track-id=\"link:lwxkk3\" class=\"_link_1bvmi_39\" rel=\"nofollow noopener\" target=\"_blank\">er i praksis lagt ned <\/a>etter skulestriden i Lom og Innlandet.<\/p>\n<p class=\"_paragraph_1bvmi_4 _paragraph_xtcu6_10 layout-component text-serif-m layout-normal text-serif-m layout-padded\">Erna Solberg har sagt til VG at ho <a href=\"https:\/\/www.vg.no\/nyheter\/i\/Av0Pj5\/solberg-forsvarer-skolenedleggelsene\" data-track-element-type=\"Link\" data-track-id=\"link:Av0Pj5\" class=\"_link_1bvmi_39\" rel=\"nofollow noopener\" target=\"_blank\">forsvara skulenedleggingane,<\/a> medan St\u00f8re og Nordtun ikke har \u00f8nske \u00e5 blande seg inn i Innlandet fylkesting sitt ansvarsomr\u00e5de.<\/p>\n<p><img alt=\"Foto: Line M\u00f8ller \/ VG\" class=\"_image_qp4xg_65 layout-component layout-normal\" data-fullscreen- data-track-element-type=\"Article image fullscreen\" data-track-name=\"ImageFullscreen\" decoding=\"async\" loading=\"lazy\" height=\"5504\" itemprop=\"image\"  src=\"https:\/\/www.europesays.com\/no\/wp-content\/uploads\/2025\/08\/ec9405ed-0693-45b8-b68d-7b6be2b046e4\"  style=\"object-position:0% 0%\" width=\"8256\"\/>Foto: Line M\u00f8ller \/ VG    <\/p>\n","protected":false},"excerpt":{"rendered":"Nedlegginga av seks skular og skulestader i Innlandet vekte sterke kjensler og politisk strid i fjor. Difor var&hellip;\n","protected":false},"author":2,"featured_media":11372,"comment_status":"","ping_status":"","sticky":false,"template":"","format":"standard","meta":{"footnotes":""},"categories":[5],"tags":[20,21,1343,24,25,15,19,813,22,23,17,18,13,30,28,29,14,2208,16,805,1633,26,27,1995],"class_list":{"0":"post-11371","1":"post","2":"type-post","3":"status-publish","4":"format-standard","5":"has-post-thumbnail","7":"category-overskrifter","8":"tag-breaking-news","9":"tag-breakingnews","10":"tag-distriktspolitikk","11":"tag-featured-news","12":"tag-featurednews","13":"tag-headlines","14":"tag-hovedoppslag","15":"tag-innlandet","16":"tag-latest-news","17":"tag-latestnews","18":"tag-main-news","19":"tag-mainnews","20":"tag-news","21":"tag-no","22":"tag-norge","23":"tag-norway","24":"tag-nyheter","25":"tag-oppvekst","26":"tag-overskrifter","27":"tag-skole-og-utdanning","28":"tag-skolestart","29":"tag-top-stories","30":"tag-topstories","31":"tag-vghelseoglivet"},"share_on_mastodon":{"url":"","error":""},"_links":{"self":[{"href":"https:\/\/www.europesays.com\/no\/wp-json\/wp\/v2\/posts\/11371","targetHints":{"allow":["GET"]}}],"collection":[{"href":"https:\/\/www.europesays.com\/no\/wp-json\/wp\/v2\/posts"}],"about":[{"href":"https:\/\/www.europesays.com\/no\/wp-json\/wp\/v2\/types\/post"}],"author":[{"embeddable":true,"href":"https:\/\/www.europesays.com\/no\/wp-json\/wp\/v2\/users\/2"}],"replies":[{"embeddable":true,"href":"https:\/\/www.europesays.com\/no\/wp-json\/wp\/v2\/comments?post=11371"}],"version-history":[{"count":0,"href":"https:\/\/www.europesays.com\/no\/wp-json\/wp\/v2\/posts\/11371\/revisions"}],"wp:featuredmedia":[{"embeddable":true,"href":"https:\/\/www.europesays.com\/no\/wp-json\/wp\/v2\/media\/11372"}],"wp:attachment":[{"href":"https:\/\/www.europesays.com\/no\/wp-json\/wp\/v2\/media?parent=11371"}],"wp:term":[{"taxonomy":"category","embeddable":true,"href":"https:\/\/www.europesays.com\/no\/wp-json\/wp\/v2\/categories?post=11371"},{"taxonomy":"post_tag","embeddable":true,"href":"https:\/\/www.europesays.com\/no\/wp-json\/wp\/v2\/tags?post=11371"}],"curies":[{"name":"wp","href":"https:\/\/api.w.org\/{rel}","templated":true}]}}