{"id":113716,"date":"2025-12-15T11:52:10","date_gmt":"2025-12-15T11:52:10","guid":{"rendered":"https:\/\/www.europesays.com\/no\/113716\/"},"modified":"2025-12-15T11:52:10","modified_gmt":"2025-12-15T11:52:10","slug":"35-land-deltar-i-eurovision-song-contest-2026","status":"publish","type":"post","link":"https:\/\/www.europesays.com\/no\/113716\/","title":{"rendered":"35 land deltar i Eurovision Song Contest 2026"},"content":{"rendered":"\n<p class=\"_lead_o9xde_2 _lead_xtcu6_50 layout-component text-serif-m layout-normal text-serif-l layout-component layout-wide layout-padded _wide_17hqh_1 layout-padded\">Flere boikotter, men fordi noen gj\u00f8r \u00abcomeback\u00bb blir bare to land f\u00e6rre enn i 2025.<\/p>\n<p><img alt=\"Her er israels Eden Golan p\u00e5 scenen under Eurovision Song Contest i Malm\u00f8 i 2024. Deltagelsen skapte massive reaksjoner. Foto: Martin Meissner \/ AP\" class=\"_image_qp4xg_65 layout-component layout-wide\" data-fullscreen- data-track-element-type=\"Article image fullscreen\" data-track-name=\"ImageFullscreen\" fetchpriority=\"high\" decoding=\"sync\" loading=\"eager\" height=\"5160\" itemprop=\"image\"  src=\"https:\/\/www.europesays.com\/no\/wp-content\/uploads\/2025\/12\/a1263f8a-8732-4275-8eb0-54c876df8d19\"  style=\"object-position:52.641777548120395% 29.93217054263566%\" width=\"7741\"\/>Her er israels Eden Golan p\u00e5 scenen under Eurovision Song Contest i Malm\u00f8 i 2024. Deltagelsen skapte massive reaksjoner. Foto: Martin Meissner \/ AP<\/p>\n<ul aria-hidden=\"true\" class=\"_images_ntbth_112\">\n<li><a class=\"_link_ntbth_117\" href=\"https:\/\/www.vg.no\/forfatter\/bastian-lunde-hvitmyhr\" style=\"z-index:1\" title=\"Bastian Lunde Hvitmyhr\" rel=\"nofollow noopener\" target=\"_blank\"><img alt=\"Bilde av Bastian Lunde Hvitmyhr\" class=\"_image_ntbth_93\" fetchpriority=\"low\" loading=\"lazy\" decoding=\"async\" itemprop=\"image\"  src=\"https:\/\/www.europesays.com\/no\/wp-content\/uploads\/2025\/12\/1765799528_216_150baf2c-85af-47f9-b506-d8189e6820a4\"  width=\"480\"\/><\/a><\/li>\n<\/ul>\n<p> Oppdatert mandag 15. desember kl. 12:30     <\/p>\n<p class=\"_paragraph_o9xde_4 _paragraph_xtcu6_10 layout-component text-serif-m layout-normal text-serif-m layout-padded\">Bulgaria, Romania og Moldova er tilbake etter en pause.<\/p>\n<p class=\"_paragraph_o9xde_4 _paragraph_xtcu6_10 layout-component text-serif-m layout-normal text-serif-m layout-padded\">Eurovision Song Contest feirer 70 \u00e5r i 2026, og arrangeres i Wien mellom 12. og 16. mai.<\/p>\n<p class=\"_paragraph_o9xde_4 _paragraph_xtcu6_10 layout-component text-serif-m layout-normal text-serif-m layout-padded\">S\u00e5 langt har konkuransen v\u00e6rt preget av br\u00e5k p\u00e5 grunn av Israels deltagelse.<a href=\"https:\/\/www.vg.no\/i\/8qmPB1\" data-track-element-type=\"Link\" data-track-id=\"link:8qmPB1\" class=\"_link_o9xde_39\" rel=\"nofollow noopener\" target=\"_blank\">Israels deltagelse f\u00f8rte til store demonstrasjoner<\/a>\u00a0da Malm\u00f6 i Sverige var vertskap for\u00a0Eurovision Song Contest 2024. <\/p>\n<p class=\"_paragraph_o9xde_4 _paragraph_xtcu6_10 layout-component text-serif-m layout-normal layout-padded\"><strong class=\"_strong_o9xde_25\">Les ogs\u00e5:<\/strong> <a href=\"https:\/\/www.vg.no\/i\/ln1EeL\" data-track-element-type=\"Link\" data-track-id=\"link:ln1EeL\" class=\"_link_o9xde_39\" rel=\"nofollow noopener\" target=\"_blank\">Israel f\u00e5r lov \u00e5 delta i Eurovision<\/a><\/p>\n<p class=\"_paragraph_o9xde_4 _paragraph_xtcu6_10 layout-component text-serif-m layout-normal text-serif-m layout-padded\">I \u00e5r var Basel i Sveits vertskap, og byen <a href=\"https:\/\/www.vg.no\/i\/63RWwr\" data-track-element-type=\"Link\" data-track-id=\"link:63RWwr\" class=\"_link_o9xde_39\" rel=\"nofollow noopener\" target=\"_blank\">hentet inn politifolk fra hele landet<\/a>\u00a0for \u00e5 styrke sikkerheten.<\/p>\n<p class=\"_paragraph_o9xde_4 _paragraph_xtcu6_10 layout-component text-serif-m layout-normal text-serif-m layout-padded\">N\u00e5 har European Broadcasting Union bekreftet at 35 land deltar i jubileumsutgaven av TV-konkurransen, melder\u00a0<a href=\"https:\/\/eurovision.tv\/\" class=\"_link_o9xde_39\" rel=\"nofollow noopener\" target=\"_blank\">Eurovision<\/a>.<\/p>\n<p>Disse landene deltar i \u00abEurovision Song Contest 2026\u00bb<\/p>\n<p class=\"_paragraph_o9xde_4 _paragraph_xtcu6_10 _paragraph_16v91_10 layout-component text-serif-m layout-normal text-sans-m layout-padded\">RTSH (Albania)<br \/>AMPTV (Armenia)<br \/>SBS (Australia)<br \/>ORF (Austria<br \/>\u0130ctimai (Azerbaijan)<br \/>RTBF (Belgium)<br \/>BNT (Bulgaria)<br \/>HRT (Croatia)<br \/>CyBC (Cyprus)<br \/>\u010cT (Czechia)<br \/>DR (Denmark)<br \/>ERR (Estonia)<br \/>YLE (Finland)<br \/>FT (France)<br \/>GPB (Georgia)<br \/>ARD\/SWR (Germany)<br \/>ERT (Greece)<br \/>KAN (Israel)<br \/>RAI (Italy)<br \/>LSM (Latvia)<br \/>LRT (Lithuania)<br \/>RTL (Luxembourg)<br \/>PBS (Malta)<br \/>TRM (Moldova)<br \/>RTCG (Montenegro)<br \/>TVR (Romania)<br \/>NRK (Norway)<br \/>TVP (Poland)<br \/>RTP (Portugal)<br \/>SMRTV (San Marino)<br \/>RTS (Serbia)<br \/>SVT (Sweden)<br \/>SRG SSR (Switzerland)<br \/>Suspilne (Ukraine)<br \/>BBC (United Kingdom)<\/p>\n<p>Vis mer<\/p>\n<p class=\"_paragraph_o9xde_4 _paragraph_xtcu6_10 layout-component text-serif-m layout-normal text-serif-m layout-padded\">Tre land gj\u00f8r comeback til konkurransen. Bulgaria er tilbake etter tre \u00e5rs frav\u00e6r, Romania etter to \u00e5r og Moldova etter ett \u00e5r borte fra Eurovision-scenen.<\/p>\n<p class=\"_paragraph_o9xde_4 _paragraph_xtcu6_10 layout-component text-serif-m layout-normal text-serif-m layout-padded\">Wien arrangerer Eurovision for tredje gang. Byen var ogs\u00e5 vertskap i 1967 og 2015.<\/p>\n<p class=\"_paragraph_o9xde_4 _paragraph_xtcu6_10 layout-component text-serif-m layout-normal layout-padded\"><strong class=\"_strong_o9xde_25\">Les ogs\u00e5:<\/strong> <a href=\"https:\/\/www.vg.no\/i\/xrR4aQ\" data-track-element-type=\"Link\" data-track-id=\"link:xrR4aQ\" class=\"_link_o9xde_39\" rel=\"nofollow noopener\" target=\"_blank\">Eurovision-boikotten: Island trekker seg<\/a><\/p>\n<p class=\"_paragraph_o9xde_4 _paragraph_xtcu6_10 layout-component text-serif-m layout-normal text-serif-m layout-padded\"><strong class=\"_strong_o9xde_25\">Sist uke ble det kjent at Island trekker seg.<\/strong><\/p>\n<p class=\"_paragraph_o9xde_4 _paragraph_xtcu6_10 layout-component text-serif-m layout-normal text-serif-m layout-padded\">Det samme gj\u00f8r Nederland, Spania, Irland og Slovenia.<\/p>\n<p class=\"_paragraph_o9xde_4 _paragraph_xtcu6_10 layout-component text-serif-m layout-normal text-serif-m layout-padded\">Grunnen er Israels deltagelse i konkuransen. Over 600 norske kunstnere har skrevet under et opprop mot Israels deltagelse i konkurransen.<\/p>\n<p class=\"_paragraph_o9xde_4 _paragraph_xtcu6_10 layout-component text-serif-m layout-normal text-serif-m layout-padded\"><strong class=\"_strong_o9xde_25\">Les ogs\u00e5:<\/strong>\u00a0<a href=\"https:\/\/www.vg.no\/i\/d456MB\" data-track-element-type=\"Link\" data-track-id=\"link:d456MB\" class=\"_link_o9xde_39\" rel=\"nofollow noopener\" target=\"_blank\">Eurovision: Artister oppfordres til boikott<\/a><\/p>\n<p class=\"_paragraph_o9xde_4 _paragraph_xtcu6_10 layout-component text-serif-m layout-normal text-serif-m layout-padded\">Likevel har NRK v\u00e6rt tydelige p\u00e5 at Norge skal sende en representant. Det ble kjent etter at Den europeiske kringkastingsunion (EBU), som arrangerer sangkonkurransen, innf\u00f8rte nye tiltak.<\/p>\n<p class=\"_paragraph_o9xde_4 _paragraph_xtcu6_10 layout-component text-serif-m layout-normal text-serif-m layout-padded\">If\u00f8lge NRK inneb\u00e6rer endringene blant annet strengere regler for \u00e5 hindre p\u00e5virkningskampanjer og gjeninnf\u00f8ring av fagjuryer i semifinalene for \u00e5 styrke sikkerheten rundt avstemningen.<\/p>\n<p class=\"_paragraph_o9xde_4 _paragraph_xtcu6_10 layout-component text-serif-m layout-normal text-serif-m layout-padded\"><strong class=\"_strong_o9xde_25\">Dette er EBUs nye tiltak:<\/strong><\/p>\n<ul class=\"_list_o9xde_3 _list_xtcu6_9 _unordered_o9xde_106 layout-component text-serif-m layout-normal text-serif-m layout-padded\">\n<li class=\"_item_o9xde_30\">Strammere regler for promotering\u00a0for \u00e5 hindre p\u00e5virkning, s\u00e6rlig fra myndigheter..<\/li>\n<li class=\"_item_o9xde_30\">Antall stemmer per publikum halveres fra 20 til 10.<\/li>\n<li class=\"_item_o9xde_30\">Juryer innf\u00f8res i semifinalene og utvides til fagpanel som inkluderer unge jurymedlemmer fra 18 til 25 \u00e5r.<\/li>\n<li class=\"_item_o9xde_30\">Tekniske sikkerhetssystemerstyrkes for \u00e5 oppdage falsk stemmegivning.<\/li>\n<li class=\"_item_o9xde_30\">Skjerper tiltak mot politisk innhold p\u00e5 scenen eller i sangtekster.<\/li>\n<\/ul>\n<p>    <img decoding=\"async\" alt=\"Tips oss illustrasjon\" src=\"https:\/\/www.europesays.com\/no\/wp-content\/uploads\/2025\/10\/pssst-small.webp.webp\"\/>    <\/p>\n<p class=\"title-serif-s\">Har du tips?<\/p>\n<p class=\"text-sans-m\">Send oss informasjon, bilder eller video.<\/p>\n<p>  <a href=\"https:\/\/www.vg.no\/tips-oss\" rel=\"nofollow noopener\" target=\"_blank\"> Tips oss <\/a>      <\/p>\n","protected":false},"excerpt":{"rendered":"Flere boikotter, men fordi noen gj\u00f8r \u00abcomeback\u00bb blir bare to land f\u00e6rre enn i 2025. Her er israels&hellip;\n","protected":false},"author":2,"featured_media":113717,"comment_status":"","ping_status":"","sticky":false,"template":"","format":"standard","meta":{"footnotes":""},"categories":[12],"tags":[31,20,21,24,25,15,22,23,13,30,28,29,14,16,26,27,42,43,44,45],"class_list":{"0":"post-113716","1":"post","2":"type-post","3":"status-publish","4":"format-standard","5":"has-post-thumbnail","7":"category-verden","8":"tag-breaking","9":"tag-breaking-news","10":"tag-breakingnews","11":"tag-featured-news","12":"tag-featurednews","13":"tag-headlines","14":"tag-latest-news","15":"tag-latestnews","16":"tag-news","17":"tag-no","18":"tag-norge","19":"tag-norway","20":"tag-nyheter","21":"tag-overskrifter","22":"tag-top-stories","23":"tag-topstories","24":"tag-verden","25":"tag-world","26":"tag-world-news","27":"tag-worldnews"},"share_on_mastodon":{"url":"https:\/\/pubeurope.com\/@no\/115723445711903096","error":""},"_links":{"self":[{"href":"https:\/\/www.europesays.com\/no\/wp-json\/wp\/v2\/posts\/113716","targetHints":{"allow":["GET"]}}],"collection":[{"href":"https:\/\/www.europesays.com\/no\/wp-json\/wp\/v2\/posts"}],"about":[{"href":"https:\/\/www.europesays.com\/no\/wp-json\/wp\/v2\/types\/post"}],"author":[{"embeddable":true,"href":"https:\/\/www.europesays.com\/no\/wp-json\/wp\/v2\/users\/2"}],"replies":[{"embeddable":true,"href":"https:\/\/www.europesays.com\/no\/wp-json\/wp\/v2\/comments?post=113716"}],"version-history":[{"count":0,"href":"https:\/\/www.europesays.com\/no\/wp-json\/wp\/v2\/posts\/113716\/revisions"}],"wp:featuredmedia":[{"embeddable":true,"href":"https:\/\/www.europesays.com\/no\/wp-json\/wp\/v2\/media\/113717"}],"wp:attachment":[{"href":"https:\/\/www.europesays.com\/no\/wp-json\/wp\/v2\/media?parent=113716"}],"wp:term":[{"taxonomy":"category","embeddable":true,"href":"https:\/\/www.europesays.com\/no\/wp-json\/wp\/v2\/categories?post=113716"},{"taxonomy":"post_tag","embeddable":true,"href":"https:\/\/www.europesays.com\/no\/wp-json\/wp\/v2\/tags?post=113716"}],"curies":[{"name":"wp","href":"https:\/\/api.w.org\/{rel}","templated":true}]}}