{"id":11373,"date":"2025-08-18T13:26:11","date_gmt":"2025-08-18T13:26:11","guid":{"rendered":"https:\/\/www.europesays.com\/no\/11373\/"},"modified":"2025-08-18T13:26:11","modified_gmt":"2025-08-18T13:26:11","slug":"lassana-diarra-krever-750-millioner-i-erstatning-fra-fifa","status":"publish","type":"post","link":"https:\/\/www.europesays.com\/no\/11373\/","title":{"rendered":"Lassana Diarra krever 750 millioner i erstatning fra FIFA"},"content":{"rendered":"<p>     Spill Profeten   <img decoding=\"async\" class=\"_confettiImage_b81ng_95\" src=\"https:\/\/www.europesays.com\/no\/wp-content\/uploads\/2025\/08\/SzwcSxt.png\" alt=\"\" fetchpriority=\"high\" loading=\"eager\"\/>   <img decoding=\"async\" class=\"_playerImage_b81ng_83\" src=\"https:\/\/www.europesays.com\/no\/wp-content\/uploads\/2025\/08\/U9NvSiG.png\" alt=\"profeten-promo-player\" fetchpriority=\"high\" loading=\"eager\"\/>     <\/p>\n<p class=\"_lead_1bvmi_2 _lead_xtcu6_50 layout-component text-serif-m layout-normal text-serif-l layout-component layout-wide layout-padded _wide_17hqh_1 layout-padded\">Den tidligere franske landslagsspilleren Lassana Diarra har fremmet et erstatningskrav p\u00e5 65 millioner euro mot Fifa og Belgias fotballforbund.<\/p>\n<p><img alt=\"Lassana Diarra.  Foto: Kirsty Wigglesworth \/ AP \/ NTB\" class=\"_image_qp4xg_65 layout-component layout-wide\" data-fullscreen- data-track-element-type=\"Article image fullscreen\" data-track-name=\"ImageFullscreen\" fetchpriority=\"high\" decoding=\"sync\" loading=\"eager\" height=\"2582\" itemprop=\"image\"  src=\"https:\/\/www.europesays.com\/no\/wp-content\/uploads\/2025\/08\/c4353935-a9f0-4dfb-929c-9f026f7909d1\"  style=\"object-position:0% 0%\" width=\"3873\"\/>Lassana Diarra.  Foto: Kirsty Wigglesworth \/ AP \/ NTB<\/p>\n<ul aria-hidden=\"true\" class=\"_images_1y6fe_106\">\n<li><a class=\"_link_1y6fe_111\" href=\"https:\/\/www.vg.no\/forfatter\/ntb\" style=\"z-index:1\" title=\"NTB\" rel=\"nofollow noopener\" target=\"_blank\"><img alt=\"Bilde av NTB\" class=\"_image_1y6fe_88\" fetchpriority=\"low\" loading=\"lazy\" decoding=\"async\" itemprop=\"image\"  src=\"https:\/\/www.europesays.com\/no\/wp-content\/uploads\/2025\/08\/1755523571_745_c33980b0-5d07-4027-84a1-813f90a7c8d6\"  width=\"480\"\/><\/a><\/li>\n<\/ul>\n<p> Oppdatert mandag 18. august kl. 14:52    <\/p>\n<ul class=\"_list_1bvmi_3 _list_1flq1_85 _unordered_1bvmi_99 text-sans-m\">\n<li class=\"_item_1bvmi_30\">Lassana Diarra krever 65 millioner euro i erstatning fra Fifa og Belgias fotballforbund etter EU-domstolens dom mot deler av Fifas overgangsregler.<\/li>\n<li class=\"_item_1bvmi_30\">Forliket sprakk, og Diarra hevder reglene skadet karrieren; han mistet hele 2014\/15-sesongen.<\/li>\n<li class=\"_item_1bvmi_30\">Et gruppes\u00f8ksm\u00e5l er ogs\u00e5 innlevert og kan omfatte opptil 100.000 spillere.<\/li>\n<\/ul>\n<p>Vis mer <\/p>\n<p class=\"_paragraph_1bvmi_4 _paragraph_xtcu6_10 layout-component text-serif-m layout-normal text-serif-m layout-padded\">Kravet kommer etter en juridisk seier i EU-domstolen i fjor h\u00f8st. Saken dreier seg om hvorvidt en spiller ensidig kan si opp sin egen kontrakt.<\/p>\n<p class=\"_paragraph_1bvmi_4 _paragraph_xtcu6_10 layout-component text-serif-m layout-normal text-serif-m layout-padded\">Diarras advokater opplyste mandag at de n\u00e5 g\u00e5r videre med erstatningskravet etter det de beskriver som \u00abmislykkede forliksforhandlinger med <a href=\"https:\/\/www.vg.no\/tag\/fifa?utm_source=vg-article&amp;utm_medium=auto-tagger&amp;utm_campaign=RzWgOa\" class=\"_link_1bvmi_39\" rel=\"nofollow noopener\" target=\"_blank\">Fifa<\/a>\u00bb. Den tidligere midtbanespilleren krever erstatning for skader han mener \u00e5 ha lidd gjennom hele karrieren.<\/p>\n<p class=\"_paragraph_1bvmi_4 _paragraph_xtcu6_10 layout-component text-serif-m layout-normal text-serif-m layout-padded\">\u2013 Lassana Diarra krever 65 millioner euro brutto (35 millioner euro netto), i erstatning fra Fifa og Belgias fotballforbund (RBFA), uttalte advokatfirmaet Dupont Hissel i en pressemelding.<\/p>\n<p class=\"_paragraph_1bvmi_4 _paragraph_xtcu6_10 layout-component text-serif-m layout-normal text-serif-m layout-padded\">Bel\u00f8pet tilsvarer 772 millioner kroner.<\/p>\n<p>Ti \u00e5r lang kamp<\/p>\n<p class=\"_paragraph_1bvmi_4 _paragraph_xtcu6_10 layout-component text-serif-m layout-normal text-serif-m layout-padded\">Saken har p\u00e5g\u00e5tt i over ti \u00e5r og startet da Diarra havnet i konflikt med sin dav\u00e6rende klubb Lokomotiv Moskva. Den belgiske klubben Charleroi \u00f8nsket \u00e5 signere franskmannen etter at kontrakten i Russland ble avsluttet, men Fifas overgangsregler satte en stopper for dette.<\/p>\n<p class=\"_paragraph_1bvmi_4 _paragraph_xtcu6_10 layout-component text-serif-m layout-normal text-serif-m layout-padded\">Reglene gjorde b\u00e5de spilleren og den potensielle nye klubben ansvarlige for \u00e5 betale den tidligere klubben n\u00e5r en kontrakt ble ansett som brutt uten \u00abgyldig grunn\u00bb. Idrettens voldgiftsrett (CAS) ga Fifa medhold i saken.<\/p>\n<p class=\"_paragraph_1bvmi_4 _paragraph_xtcu6_10 layout-component text-serif-m layout-normal text-serif-m layout-padded\">Diarra tok saken videre til EU-domstolen, som i oktober i fjor konkluderte med at deler av Fifas overgangsregler \u00abhindrer fri bevegelse av spillere og konkurranse mellom klubber\u00bb og dermed er i strid med EU-lovgivning.<\/p>\n<p>   Kjemper for fremtidige spillere<\/p>\n<p class=\"_paragraph_1bvmi_4 _paragraph_xtcu6_10 layout-component text-serif-m layout-normal text-serif-m layout-padded\">Den n\u00e5 40 \u00e5r gamle tidligere Chelsea-, Arsenal- og Real Madrid-spilleren m\u00e5tte st\u00e5 over hele 2014\/15-sesongen p\u00e5 grunn av tvisten. Han signerte senere for Marseille og avsluttet karrieren i Paris Saint-Germain for seks \u00e5r siden.<\/p>\n<p class=\"_paragraph_1bvmi_4 _paragraph_xtcu6_10 layout-component text-serif-m layout-normal text-serif-m layout-padded\">\u2013 Jeg gj\u00f8r dette for meg selv. Og hvis jeg har klart \u00e5 st\u00e5 imot Fifa-dampveivalsen, er det fordi jeg hadde en god karriere, sier Diarra i en uttalelse.<\/p>\n<p class=\"_paragraph_1bvmi_4 _paragraph_xtcu6_10 layout-component text-serif-m layout-normal text-serif-m layout-padded\">\u2013 Men jeg har ogs\u00e5 gjort det for alle de kommende, mindre kjente spillerne som ikke har de \u00f8konomiske og psykologiske midlene til \u00e5 utfordre Fifa foran ekte dommere, legger han til.<\/p>\n<p class=\"_paragraph_1bvmi_4 _paragraph_xtcu6_10 layout-component text-serif-m layout-normal text-serif-m layout-padded\">Diarras advokater jobber ogs\u00e5 med et gruppes\u00f8ksm\u00e5l mot Fifa og flere nasjonale fotballforbund i Europa. S\u00f8ksm\u00e5let ble innlevert denne m\u00e5neden og hevder \u00e5 kunne gagne opptil 100.000 spillere over mer enn to ti\u00e5r.<\/p>\n<p class=\"_paragraph_1bvmi_4 _paragraph_xtcu6_10 layout-component text-serif-m layout-normal text-serif-m layout-padded\">NTB har sendt en henvendelse til Fifa, forel\u00f8pig uten svar.<\/p>\n","protected":false},"excerpt":{"rendered":"Spill Profeten Den tidligere franske landslagsspilleren Lassana Diarra har fremmet et erstatningskrav p\u00e5 65 millioner euro mot Fifa&hellip;\n","protected":false},"author":2,"featured_media":11374,"comment_status":"","ping_status":"","sticky":false,"template":"","format":"standard","meta":{"footnotes":""},"categories":[59],"tags":[2326,92,30,28,29,83,82],"class_list":{"0":"post-11373","1":"post","2":"type-post","3":"status-publish","4":"format-standard","5":"has-post-thumbnail","7":"category-sport","8":"tag-fifa","9":"tag-fotball","10":"tag-no","11":"tag-norge","12":"tag-norway","13":"tag-sport","14":"tag-sports"},"share_on_mastodon":{"url":"","error":""},"_links":{"self":[{"href":"https:\/\/www.europesays.com\/no\/wp-json\/wp\/v2\/posts\/11373","targetHints":{"allow":["GET"]}}],"collection":[{"href":"https:\/\/www.europesays.com\/no\/wp-json\/wp\/v2\/posts"}],"about":[{"href":"https:\/\/www.europesays.com\/no\/wp-json\/wp\/v2\/types\/post"}],"author":[{"embeddable":true,"href":"https:\/\/www.europesays.com\/no\/wp-json\/wp\/v2\/users\/2"}],"replies":[{"embeddable":true,"href":"https:\/\/www.europesays.com\/no\/wp-json\/wp\/v2\/comments?post=11373"}],"version-history":[{"count":0,"href":"https:\/\/www.europesays.com\/no\/wp-json\/wp\/v2\/posts\/11373\/revisions"}],"wp:featuredmedia":[{"embeddable":true,"href":"https:\/\/www.europesays.com\/no\/wp-json\/wp\/v2\/media\/11374"}],"wp:attachment":[{"href":"https:\/\/www.europesays.com\/no\/wp-json\/wp\/v2\/media?parent=11373"}],"wp:term":[{"taxonomy":"category","embeddable":true,"href":"https:\/\/www.europesays.com\/no\/wp-json\/wp\/v2\/categories?post=11373"},{"taxonomy":"post_tag","embeddable":true,"href":"https:\/\/www.europesays.com\/no\/wp-json\/wp\/v2\/tags?post=11373"}],"curies":[{"name":"wp","href":"https:\/\/api.w.org\/{rel}","templated":true}]}}