{"id":113730,"date":"2025-12-15T12:09:08","date_gmt":"2025-12-15T12:09:08","guid":{"rendered":"https:\/\/www.europesays.com\/no\/113730\/"},"modified":"2025-12-15T12:09:08","modified_gmt":"2025-12-15T12:09:08","slug":"lovbrudd-i-saker-der-barn-var-innblandet-i-alvorlig-kriminalitet-nrk-ostfold-lokale-nyheter-tv-og-radio","status":"publish","type":"post","link":"https:\/\/www.europesays.com\/no\/113730\/","title":{"rendered":"Lovbrudd i saker der barn var innblandet i alvorlig kriminalitet \u2013 NRK \u00d8stfold \u2013 Lokale nyheter, TV og radio"},"content":{"rendered":"<p>Saken oppsummert: <\/p>\n<ul>\n<li>Statsforvalteren har funnet lovbrudd i alle \u00e5tte tilsynssaker mot barnevernet.<\/li>\n<li>Sakene gjelder mangelfull oppf\u00f8lging av \u00e5tte barn og deres familier f\u00f8r alvorlige hendelser.<\/li>\n<li>Lovbruddene inkluderer mangelfulle unders\u00f8kelser, manglende oppf\u00f8lging av hjelpetiltak og manglende helhetlige vurderinger.<\/li>\n<li>Flere av barna har v\u00e6rt i kontakt med barnevernet over flere \u00e5r, med bekymringer knyttet til hjemmeforhold, vold, rus og negativ atferdsutvikling.<\/li>\n<\/ul>\n<p>Oppsummeringen er laget av en KI-tjeneste fra OpenAI. Innholdet er kvalitetssikret av NRKs journalister f\u00f8r publisering.<\/p>\n<p><a href=\"https:\/\/www.nrk.no\/stor-oslo\/statsforvalteren-apner-tilsynssak-mot-barnevernet-1.17599379\" ec-id=\"pp:article:1.17599379\" ec-name=\"Statsforvalteren iverksatte tilsyn\" rel=\"nofollow noopener\" target=\"_blank\">Statsforvalteren iverksatte tilsyn <\/a>etter flere alvorlige kriminelle hendelser tidligere i h\u00f8st, der barn og unge i barnevernet har st\u00e5tt sentralt.<\/p>\n<p><strong>Mandag formiddag skriver de i <a href=\"https:\/\/www.statsforvalteren.no\/nb\/ostfold-buskerud-oslo-og-akershus\/barn-og-foreldre\/nyheter---barn-og-foreldre\/2025\/12\/statsforvalteren-har-konkludert-med-lovbrudd-i-tilsyn-etter-hendelsene-i-pilestredetoslo-sarpsborg-og-strommen\/\" ec-id=\"https:\/\/www.statsforvalteren.no\/nb\/ostfold-buskerud-oslo-og-akershus\/barn-og-foreldre\/nyheter---barn-og-foreldre\/2025\/12\/statsforvalteren-har-konkludert-med-lovbrudd-i-tilsyn-etter-hendelsene-i-pilestredetoslo-sarpsborg-og-strommen\/\" ec-name=\"en pressemelding\" rel=\"nofollow noopener\" target=\"_blank\">en pressemelding<\/a> at de har funnet lovbrudd i \u00e5tte av \u00e5tte tilsynssaker. <\/strong><\/p>\n<p><strong>Tilsynssakene gjelder barnevernets oppf\u00f8lging av \u00e5tte barn, og familiene deres, f\u00f8r hendelsene.<\/strong><\/p>\n<p>To 13-\u00e5ringer ble i september siktet etter at en <a href=\"https:\/\/www.nrk.no\/stor-oslo\/tre-mindrearige-innbrakt-etter-eksplosjon-i-oslo-1.17583132\" ec-id=\"pp:article:1.17583132\" ec-name=\"granat eksploderte i Pilestredet\" rel=\"nofollow noopener\" target=\"_blank\">granat eksploderte i Pilestredet<\/a> i Oslo. Lignende hendelser, der unge var involvert, fant sted i<a href=\"https:\/\/www.nrk.no\/ostfold\/nrk-erfarer_-tre-gutter-innbrakt-etter-hendelse-i-sarpsborg-_-kobles-til-granatsaken-i-oslo-1.17593133\" ec-id=\"pp:article:1.17593133\" ec-name=\"Sarpsborg\" rel=\"nofollow noopener\" target=\"_blank\"> Sarpsborg <\/a>og <a href=\"https:\/\/www.nrk.no\/stor-oslo\/eksplosjon-ved-serveringssted-i-lillestrom-1.17600685\" ec-id=\"pp:article:1.17600685\" ec-name=\"Str\u00f8mmen\" rel=\"nofollow noopener\" target=\"_blank\">Str\u00f8mmen<\/a> kort tid etter.<\/p>\n<p><strong>Politiet har knyttet hendelsene til en p\u00e5g\u00e5ende konflikt som har koblinger til det <a href=\"https:\/\/www.nrk.no\/direkte\/xl\/slik-rekrutteres-barn-av-kriminelle-nettverk-til-a-bega-kriminalitet-1.17591752\" ec-id=\"pp:article:1.17591752\" ec-name=\"svenske kriminelle nettverket Foxtrot.\" rel=\"nofollow noopener\" target=\"_blank\">svenske kriminelle nettverket Foxtrot.<\/a><\/strong><\/p>\n<p>\u2013 Manglende oppf\u00f8lging<\/p>\n<p>P\u00e5 gjerningstidspunktene bodde fem av barna hjemme, to i fosterhjem og ett p\u00e5 institusjon.<\/p>\n<p><strong>Bruddene er avdekket i tilsyn med flere barnevernstjenester, if\u00f8lge Statsforvalteren.<\/strong><\/p>\n<p><img decoding=\"async\"   src=\"data:image\/gif;base64,R0lGODlhAQABAIAAAAAAAP\/\/\/yH5BAEAAAAALAAAAAABAAEAAAIBRAA7\" loading=\"eager\" alt=\"Mari Hagve er direkt\u00f8r for sosial og barnevern hos Statsforvalteren i Oslo og Viken\" title=\"Foto: Pressefoto\"\/><\/p>\n<p class=\"\">Mari Hagve, direkt\u00f8r for sosial og barnevern i Statsforvalteren. <\/p>\n<p>Foto: Pressefoto<\/p>\n<p>Lovbruddene er av forskjellig omfang og type, sier Mari Hagve, direkt\u00f8r for sosial- og barnevernsavdelingen:<\/p>\n<p>\u2013 Vi ser likevel fellestrekk ved at flere lovbrudd gjelder mangelfulle unders\u00f8kelser, manglende oppf\u00f8lging av hjelpetiltak og manglende helhetlige vurderinger, sier Hagve.<\/p>\n<p><strong>Alle \u00e5tte av barna v\u00e6rt i kontakt med kommunal barnevernstjeneste forut for hendelsene. Flere av dem p\u00e5 forskjellige tidspunkt, og over flere \u00e5r.<\/strong><\/p>\n<p>Henvendelsene gjaldt blant annet bekymringer om konfliktfylte hjemmeforhold, vold og foreldres rusbruk.<\/p>\n<p>Etter hvert har bekymringene g\u00e5tt mer over i barnas egen negative utvikling og atferd, opplyser Statsforvalteren.<\/p>\n<p>Svikt<\/p>\n<p>Det konkluderes med at barnevernstjenestene ikke i tilstrekkelig grad har tilpasset unders\u00f8kelser og oppf\u00f8lging ut ifra helhetlig kunnskap om barnas og familiens behov, situasjon og historikk.<\/p>\n<p><img decoding=\"async\"   src=\"data:image\/gif;base64,R0lGODlhAQABAIAAAAAAAP\/\/\/yH5BAEAAAAALAAAAAABAAEAAAIBRAA7\" loading=\"eager\" alt=\"en mann i politiuniform som snakker med en mann i en bil\" title=\"Foto: Tomas Berger \/ NRK\"\/><\/p>\n<p class=\"\">Tidligere i h\u00f8st ble tre unge gutter p\u00e5 12, 13 og 14 \u00e5r innbrakt av politiet etter en skytehendelse.<\/p>\n<p>Foto: Tomas Berger \/ NRK<\/p>\n<p>\u2013 Tilsynssakene viser p\u00e5 forskjellige m\u00e5ter svikt i barnevernets praksis. Det kan ha bidratt til at barn ikke har f\u00e5tt riktig hjelp til rett tid fra barnevernstjenesten, sier Hagve.<\/p>\n<p>Oppf\u00f8lging etter hendelsene, derimot, mener Statsforvalteren i all hovedsak har v\u00e6rt hensiktsmessig og forsvarlig.<\/p>\n<p>Publisert<\/p>\n<p>15.12.2025, kl. 12.04<\/p>\n<p>Oppdatert<\/p>\n<p>15.12.2025, kl. 12.25<\/p>\n","protected":false},"excerpt":{"rendered":"Saken oppsummert: Statsforvalteren har funnet lovbrudd i alle \u00e5tte tilsynssaker mot barnevernet. Sakene gjelder mangelfull oppf\u00f8lging av \u00e5tte&hellip;\n","protected":false},"author":2,"featured_media":47256,"comment_status":"","ping_status":"","sticky":false,"template":"","format":"standard","meta":{"footnotes":""},"categories":[10],"tags":[20,21,24,25,15,22,23,13,30,28,29,14,16,26,27],"class_list":{"0":"post-113730","1":"post","2":"type-post","3":"status-publish","4":"format-standard","5":"has-post-thumbnail","7":"category-norge","8":"tag-breaking-news","9":"tag-breakingnews","10":"tag-featured-news","11":"tag-featurednews","12":"tag-headlines","13":"tag-latest-news","14":"tag-latestnews","15":"tag-news","16":"tag-no","17":"tag-norge","18":"tag-norway","19":"tag-nyheter","20":"tag-overskrifter","21":"tag-top-stories","22":"tag-topstories"},"share_on_mastodon":{"url":"https:\/\/pubeurope.com\/@no\/115723512400062012","error":""},"_links":{"self":[{"href":"https:\/\/www.europesays.com\/no\/wp-json\/wp\/v2\/posts\/113730","targetHints":{"allow":["GET"]}}],"collection":[{"href":"https:\/\/www.europesays.com\/no\/wp-json\/wp\/v2\/posts"}],"about":[{"href":"https:\/\/www.europesays.com\/no\/wp-json\/wp\/v2\/types\/post"}],"author":[{"embeddable":true,"href":"https:\/\/www.europesays.com\/no\/wp-json\/wp\/v2\/users\/2"}],"replies":[{"embeddable":true,"href":"https:\/\/www.europesays.com\/no\/wp-json\/wp\/v2\/comments?post=113730"}],"version-history":[{"count":0,"href":"https:\/\/www.europesays.com\/no\/wp-json\/wp\/v2\/posts\/113730\/revisions"}],"wp:featuredmedia":[{"embeddable":true,"href":"https:\/\/www.europesays.com\/no\/wp-json\/wp\/v2\/media\/47256"}],"wp:attachment":[{"href":"https:\/\/www.europesays.com\/no\/wp-json\/wp\/v2\/media?parent=113730"}],"wp:term":[{"taxonomy":"category","embeddable":true,"href":"https:\/\/www.europesays.com\/no\/wp-json\/wp\/v2\/categories?post=113730"},{"taxonomy":"post_tag","embeddable":true,"href":"https:\/\/www.europesays.com\/no\/wp-json\/wp\/v2\/tags?post=113730"}],"curies":[{"name":"wp","href":"https:\/\/api.w.org\/{rel}","templated":true}]}}