{"id":113747,"date":"2025-12-15T12:28:16","date_gmt":"2025-12-15T12:28:16","guid":{"rendered":"https:\/\/www.europesays.com\/no\/113747\/"},"modified":"2025-12-15T12:28:16","modified_gmt":"2025-12-15T12:28:16","slug":"forbruker-elvia-fra-nyttar-blir-stromregningen-din-lavere","status":"publish","type":"post","link":"https:\/\/www.europesays.com\/no\/113747\/","title":{"rendered":"Forbruker, Elvia | Fra nytt\u00e5r blir str\u00f8mregningen din lavere"},"content":{"rendered":"\n<p>\u2013 De siste \u00e5rene har mye blitt dyrere for folk. Derfor er det gledelig at nettleien g\u00e5r ned som f\u00f8lge av Stortingets kutt i elavgiften, sier administrerende direkt\u00f8r i Elvia. Anne Sagstuen Nys\u00e6ther via en pressemelding.<\/p>\n<p>1. oktober ble  redusert p\u00e5 grunn av kutt i elavgiften fra 16,93 \u00f8re til 12,53 \u00f8re per kWh.<\/p>\n<p>   <img decoding=\"async\" width=\"4615\" height=\"6919\" fetchpriority=\"low\"  loading=\"lazy\"  src=\"https:\/\/www.europesays.com\/no\/wp-content\/uploads\/2025\/12\/AnneSN.jpeg\" alt=\"\" class=\"brick-c-cFOWSL\" style=\"--brick-image-ratio: 4615 \/ 6919;\"\/><\/p>\n<p>      Anne Sagstuen Nys\u00e6ther er administrerende direkt\u00f8r i Elvia.<br \/>\n      Foto: Elvia\n    <\/p>\n<p>Fra 1.januar 2026 reduseres elavgiften til 7,13 \u00f8re. Det betyr et samlet kutt i \u00e5rskostnaden for en kunde p\u00e5 om lag 20 prosent.<\/p>\n<p>\u2013 Reduksjonen er p\u00e5 45\u2013140 kroner i m\u00e5neden, avhengig av forbruk. En gjennomsnittskunde vil spare om lag tusen kroner i \u00e5ret. Dette kommer i tillegg til kutt i elavgiften tidligere i \u00e5r, sier Sagstuen Nys\u00e6ther.<\/p>\n<p>Regjeringen begrunner avgiftskuttene med at de skal dempe \u00f8kningen i nettleien som f\u00f8lger av store investeringer som vil komme i str\u00f8mnettet framover.<\/p>\n<p>N\u00e5 har Stortinget vedtatt kutt.<\/p>\n<p>\u2013 Nettleien vil \u00f8ke fram mot 2030 da nettselskapene m\u00e5 \u00f8ke kapasiteten i nettet gjennom nettbygging, men n\u00e5 g\u00e5r nettleien ned, noe som er positivt for folk, sier den administrerende direkt\u00f8ren.<\/p>\n<p>Siden 2022 har Stortinget hatt en midlertidig ordning hvor elavgiften har v\u00e6rt lavere i vinterm\u00e5nedene.<\/p>\n<p>Den ordningen er n\u00e5 byttet ut med en elavgift som er lav hele \u00e5ret.<\/p>\n<p>Elvia jobber for \u00e5 \u00f8ke kapasiteten i eksisterende nett med 20 prosent for \u00e5 utnytte det eksisterende str\u00f8mnettet best mulig, drive mest mulig kostnadseffektivt og holde nettleien lavest mulig.<\/p>\n<p>\u2013 Selv om vi \u00f8ker kapasiteten i eksisterende nett, m\u00e5 vi samtidig bygge mer. Samfunnet er avhengig av str\u00f8m og trenger \u00f8kt kapasitet i str\u00f8mnettet til elektrifisering og n\u00e6ringsutvikling. Bare i Elvia skal vi investere 2,5 milliarder kroner per \u00e5r i nettet framover, sier Sagstuen Nys\u00e6ther.<\/p>\n","protected":false},"excerpt":{"rendered":"\u2013 De siste \u00e5rene har mye blitt dyrere for folk. Derfor er det gledelig at nettleien g\u00e5r ned&hellip;\n","protected":false},"author":2,"featured_media":113748,"comment_status":"","ping_status":"","sticky":false,"template":"","format":"standard","meta":{"footnotes":""},"categories":[10],"tags":[36,20,21,6282,24,25,823,15,22,23,13,30,28,29,14,16,1510,243,26,27],"class_list":{"0":"post-113747","1":"post","2":"type-post","3":"status-publish","4":"format-standard","5":"has-post-thumbnail","7":"category-norge","8":"tag-art","9":"tag-breaking-news","10":"tag-breakingnews","11":"tag-elvia","12":"tag-featured-news","13":"tag-featurednews","14":"tag-forbruker","15":"tag-headlines","16":"tag-latest-news","17":"tag-latestnews","18":"tag-news","19":"tag-no","20":"tag-norge","21":"tag-norway","22":"tag-nyheter","23":"tag-overskrifter","24":"tag-story","25":"tag-strom","26":"tag-top-stories","27":"tag-topstories"},"share_on_mastodon":{"url":"https:\/\/pubeurope.com\/@no\/115723587344086719","error":""},"_links":{"self":[{"href":"https:\/\/www.europesays.com\/no\/wp-json\/wp\/v2\/posts\/113747","targetHints":{"allow":["GET"]}}],"collection":[{"href":"https:\/\/www.europesays.com\/no\/wp-json\/wp\/v2\/posts"}],"about":[{"href":"https:\/\/www.europesays.com\/no\/wp-json\/wp\/v2\/types\/post"}],"author":[{"embeddable":true,"href":"https:\/\/www.europesays.com\/no\/wp-json\/wp\/v2\/users\/2"}],"replies":[{"embeddable":true,"href":"https:\/\/www.europesays.com\/no\/wp-json\/wp\/v2\/comments?post=113747"}],"version-history":[{"count":0,"href":"https:\/\/www.europesays.com\/no\/wp-json\/wp\/v2\/posts\/113747\/revisions"}],"wp:featuredmedia":[{"embeddable":true,"href":"https:\/\/www.europesays.com\/no\/wp-json\/wp\/v2\/media\/113748"}],"wp:attachment":[{"href":"https:\/\/www.europesays.com\/no\/wp-json\/wp\/v2\/media?parent=113747"}],"wp:term":[{"taxonomy":"category","embeddable":true,"href":"https:\/\/www.europesays.com\/no\/wp-json\/wp\/v2\/categories?post=113747"},{"taxonomy":"post_tag","embeddable":true,"href":"https:\/\/www.europesays.com\/no\/wp-json\/wp\/v2\/tags?post=113747"}],"curies":[{"name":"wp","href":"https:\/\/api.w.org\/{rel}","templated":true}]}}