{"id":113749,"date":"2025-12-15T12:29:11","date_gmt":"2025-12-15T12:29:11","guid":{"rendered":"https:\/\/www.europesays.com\/no\/113749\/"},"modified":"2025-12-15T12:29:11","modified_gmt":"2025-12-15T12:29:11","slug":"dette-er-stores-plan-for-norge-de-neste-arene","status":"publish","type":"post","link":"https:\/\/www.europesays.com\/no\/113749\/","title":{"rendered":"Dette er St\u00f8res plan for Norge de neste \u00e5rene"},"content":{"rendered":"<p class=\"txt-ind\">Mandag la statsminister Jonas Gahr St\u00f8re (AP) fram <a href=\"https:\/\/www.regjeringen.no\/no\/om-regjeringa\/noverande\/regjeringen-store\/regjeringens-plan-for-norge\/id3142802\/\" target=\"_blank\" rel=\"noopener nofollow\">regjeringens plan for 2025-2029<\/a>.<\/p>\n<p class=\"txt-ind\">Tidligere har det blitt lagt fram s\u00e5kalte regjeringserkl\u00e6ringer, med punkter fra A til \u00c5 om alle de politiske omr\u00e5dene.<\/p>\n<p class=\"txt-ind\">Men denne gangen har regjeringen laget en mer overordnet plan. St\u00f8re har vist til at dette er bygget p\u00e5 erfaringer de fire f\u00f8rste \u00e5rene i regjering.<\/p>\n<p class=\"txt-ind\">Planen peker ut omr\u00e5der der regjeringen skal gjennomf\u00f8re og fornye samfunnet. Planen skal revideres hvert \u00e5r.<\/p>\n<p>Rask styrking av Forsvaret<\/p>\n<p class=\"txt-ind\">Den 13 sider lange planen er stykket opp i fem hoveddeler.<\/p>\n<p>Et av hovedomr\u00e5dene i planen er \u00abTrygghet for landet\u00bb, der regjeringen blant annet l\u00f8fter frem fire sentrale forsvars- og beredskapsprosjekter.<\/p>\n<p>Forsvarsevnen skal styrkes raskt, med \u00f8kte investeringer i personell, materiell og totalforsvar, og en videre opptrapping mot Nato-m\u00e5let om fem prosent av BNP innen 2035.<\/p>\n<p>Regjeringen gj\u00f8re Norge mer motstandsdyktig ved \u00e5 styrke beredskapen mot sikkerhetstruende hendelser og sikre kritisk infrastruktur i samspill med kommuner, n\u00e6ringsliv og frivillighet.<\/p>\n<p>Regjeringen vil samtidig styrke Norges \u00f8konomiske sikkerhet gjennom \u00f8kte investeringer i kvante-, forsvars- og undervannsteknologi, og en skjerpet eksportkontroll for \u00e5 hindre at sikkerhetssensitiv kunnskap havner hos u\u00f8nskede akt\u00f8rer.<\/p>\n<p>St\u00f8tte til Ukraina<\/p>\n<p>Planen sl\u00e5r fast at Norge skal forsvare sine interesser i en stadig mer uforutsigbar verden, med st\u00f8tte til folkeretten, et sterkt FN og en videref\u00f8ring av den brede st\u00f8tten til Ukraina gjennom Nansen-programmet.<\/p>\n<p class=\"txt-ind\">\u2013 Vi er opptatt av \u00e5 si og vise at motstandskraft i Norge handler om mer enn fly og fregatter. Motstandsdyktig Norge, et sterkere totalforsvar, er et eget hovedprosjekt i denne planen. Det krever virkelig samordning p\u00e5 tvers av mange sektorer, sa St\u00f8re under pressekonferansen.<\/p>\n<p>Langtidsplan for sivil beredskap<\/p>\n<p>I planen legger regjeringen opp til at de skal utvikle en langtidsplan for sivil beredskap i 2026.\u00a0<\/p>\n<p>Planen skal\u00a0forsterke den sivile beredskapen, sikre kontinuitet, samordning og langsiktig tenkning.<\/p>\n<p>Arbeidet med en slik langtidsplan ble f\u00f8rst omtalt i Totalberedskapsmeldingen, hvor Totalberedskapskommisjonen anbefalte dette.<\/p>\n<p>Regjeringen la opp til \u00e5 <a href=\"https:\/\/www.regjeringen.no\/no\/dokumenter\/meld.-st.-9-20242025\/id3082364\/?ch=2\" target=\"_blank\" rel=\"noopener nofollow\">starte arbeidet med dette i 2025<\/a>, og at\u00a0beredskapsr\u00e5d p\u00e5 alle de kritiske samfunnsomr\u00e5dene skal v\u00e6re klare i 2026.<\/p>\n<p>Vil utvise flere<\/p>\n<p class=\"txt\">De fem hovedpunktene er trygghet for \u00f8konomien, trygghet for arbeids- og n\u00e6ringslivet, trygghet for barn og unge, trygghet for helsa og trygghet for landet.<\/p>\n<p class=\"txt\">I den sistnevnte bolken listes det opp innstramminger i innvandringspolitikken.<\/p>\n<p class=\"txt-ind\">Planen sl\u00e5r ogs\u00e5 fast at innvandringspolitikken skal v\u00e6re kontrollert og b\u00e6rekraftig.<\/p>\n<p><a class=\"group clear-both w-full !no-underline my-8 sm:my-12 bg-stone-50 dark:bg-brandStone-700 dark:text-brandNeutral-100\" href=\"https:\/\/www.tu.no\/artikler\/forelopige-tall-fra-valgdirektoratet-rodgront-flertall\/562157\" rel=\"nofollow noopener\" target=\"_blank\"><\/p>\n<p>Les ogs\u00e5:<\/p>\n<p class=\"group-hover:underline text-brandNeutral-900 dark:text-brandNeutral-100 mt-2 text-base sm:text-xl leading-5 sm:leading-6 font-bold\">Forel\u00f8pige tall:  R\u00f8dgr\u00f8nt flertall<\/p>\n<p><\/a><\/p>\n<p>Blant annet vil regjeringen i 2026 skjerpe vilk\u00e5rene for familieinnvandring. Norge skal ogs\u00e5 ta en aktiv rolle i det europeiske migrasjonssamarbeidet for \u00e5 sikre en mer b\u00e6rekraftig innvandring til Europa, heter det videre.<\/p>\n<p class=\"txt-ind\">Grensekontrollen skal ogs\u00e5 skjerpes, og reglene for bortvisning skal gjennomg\u00e5s.<\/p>\n<p class=\"txt-ind\">\u2013 Regjeringen vil gjennomg\u00e5 reglene om bortvisning og utvisning for \u00e5 sikre at utlendinger som beg\u00e5r kriminalitet, sendes ut av landet, heter det.<\/p>\n<p>Boligbygging og KI<\/p>\n<p class=\"txt\">Regjeringen vil legge til rette for bygging av 130.000 nye boliger innen 2030, <a href=\"https:\/\/www.digi.no\/artikler\/ki-malet-til-tung-innen-rekkevidde-i-ar\/565883\" target=\"_blank\" rel=\"noopener nofollow\">innf\u00f8re KI i 80 prosent<\/a> av offentlige virksomheter innen 2026 og styrke arbeidslinjen for \u00e5 f\u00e5 150.000 flere i jobb.<\/p>\n<p class=\"txt-ind\">Regjeringen vil i l\u00f8pet av neste \u00e5r investere i fem nye sykehusutbygginger, og de lover ogs\u00e5 starte arbeidet med \u00e5 realisere h\u00f8reapparatgarantien.<\/p>\n<p>Skattekommisjon og klima<\/p>\n<p class=\"txt\">Regjeringen lover i planen \u00e5 sette ned en skattekommisjon i l\u00f8pet av 2026.<\/p>\n<p class=\"txt-ind\">De lover samtidig en omstillingskommisjon som skal vurdere hvordan Norge skal styrke konkurransekraft og \u00f8konomi i m\u00f8te med avtakende olje- og gassaktivitet.<\/p>\n<p class=\"txt-ind\">Regjeringen sl\u00e5r fast at Norge skal n\u00e5 sine klimam\u00e5l, og vil i 2026 legge fram en plan for hvordan landet skal oppfylle det nye Paris-m\u00e5let for 2035.<\/p>\n<p><a class=\"group clear-both w-full !no-underline my-8 sm:my-12 bg-stone-50 dark:bg-brandStone-700 dark:text-brandNeutral-100 flex items-stretch flex-nowrap\" href=\"https:\/\/www.tu.no\/artikler\/norge-skal-hjelpe-danmark-med-a-handtere-droneobservasjoner\/562827\" rel=\"nofollow noopener\" target=\"_blank\"><img decoding=\"async\" class=\" object-cover h-full w-full transition-transform duration-700 ease-in-out group-hover:scale-[1.05] will-change-transform\" src=\"https:\/\/www.europesays.com\/no\/wp-content\/uploads\/2025\/12\/NTB_n19nxUMsQhY.jpg\"  alt=\"Forsvarsminister Tore Sandvik (Ap).&#10;\" loading=\"lazy\"\/><\/p>\n<p>Les ogs\u00e5:<\/p>\n<p class=\"group-hover:underline text-brandNeutral-900 dark:text-brandNeutral-100 mt-2 text-base sm:text-xl leading-5 sm:leading-6 font-bold\">Norge skal hjelpe Danmark med \u00e5 h\u00e5ndtere dronetrusler<\/p>\n<p><\/a><\/p>\n","protected":false},"excerpt":{"rendered":"Mandag la statsminister Jonas Gahr St\u00f8re (AP) fram regjeringens plan for 2025-2029. Tidligere har det blitt lagt fram&hellip;\n","protected":false},"author":2,"featured_media":113750,"comment_status":"","ping_status":"","sticky":false,"template":"","format":"standard","meta":{"footnotes":""},"categories":[5],"tags":[20,21,1406,24,25,15,19,537,467,22,23,17,18,13,30,28,29,14,16,26,27],"class_list":{"0":"post-113749","1":"post","2":"type-post","3":"status-publish","4":"format-standard","5":"has-post-thumbnail","7":"category-overskrifter","8":"tag-breaking-news","9":"tag-breakingnews","10":"tag-bygg","11":"tag-featured-news","12":"tag-featurednews","13":"tag-headlines","14":"tag-hovedoppslag","15":"tag-industri","16":"tag-kunstig-intelligens","17":"tag-latest-news","18":"tag-latestnews","19":"tag-main-news","20":"tag-mainnews","21":"tag-news","22":"tag-no","23":"tag-norge","24":"tag-norway","25":"tag-nyheter","26":"tag-overskrifter","27":"tag-top-stories","28":"tag-topstories"},"share_on_mastodon":{"url":"https:\/\/pubeurope.com\/@no\/115723591099760397","error":""},"_links":{"self":[{"href":"https:\/\/www.europesays.com\/no\/wp-json\/wp\/v2\/posts\/113749","targetHints":{"allow":["GET"]}}],"collection":[{"href":"https:\/\/www.europesays.com\/no\/wp-json\/wp\/v2\/posts"}],"about":[{"href":"https:\/\/www.europesays.com\/no\/wp-json\/wp\/v2\/types\/post"}],"author":[{"embeddable":true,"href":"https:\/\/www.europesays.com\/no\/wp-json\/wp\/v2\/users\/2"}],"replies":[{"embeddable":true,"href":"https:\/\/www.europesays.com\/no\/wp-json\/wp\/v2\/comments?post=113749"}],"version-history":[{"count":0,"href":"https:\/\/www.europesays.com\/no\/wp-json\/wp\/v2\/posts\/113749\/revisions"}],"wp:featuredmedia":[{"embeddable":true,"href":"https:\/\/www.europesays.com\/no\/wp-json\/wp\/v2\/media\/113750"}],"wp:attachment":[{"href":"https:\/\/www.europesays.com\/no\/wp-json\/wp\/v2\/media?parent=113749"}],"wp:term":[{"taxonomy":"category","embeddable":true,"href":"https:\/\/www.europesays.com\/no\/wp-json\/wp\/v2\/categories?post=113749"},{"taxonomy":"post_tag","embeddable":true,"href":"https:\/\/www.europesays.com\/no\/wp-json\/wp\/v2\/tags?post=113749"}],"curies":[{"name":"wp","href":"https:\/\/api.w.org\/{rel}","templated":true}]}}