{"id":113761,"date":"2025-12-15T12:47:12","date_gmt":"2025-12-15T12:47:12","guid":{"rendered":"https:\/\/www.europesays.com\/no\/113761\/"},"modified":"2025-12-15T12:47:12","modified_gmt":"2025-12-15T12:47:12","slug":"ny-forsinkelse-for-presidentfly","status":"publish","type":"post","link":"https:\/\/www.europesays.com\/no\/113761\/","title":{"rendered":"Ny forsinkelse for presidentfly"},"content":{"rendered":"<p class=\"kicker t15 font-weight-bold m-font-weight-bold color_mobile_no_bg_color quaternary color_mobile_quaternary font-Trim text-case-transform-upper mobile-hasTextPadding\" style=\"\">Nyheter<\/p>\n<p>    Det f\u00f8rste av to nye fly for presidenten i USA er ytterligere forsinket, og blir levert i 2028.<\/p>\n<p>\n        PRESIDENTFLY: Dagens amerikanske presidentfly begynner \u00e5 dra p\u00e5 \u00e5rene, men de nye flyene, som ogs\u00e5 skal leveres av Boeing, blir forsinket og vil f\u00f8rst v\u00e6re klare i midten av 2028, if\u00f8lge det amerikanske flyv\u00e5penet.<br \/>\n        Foto: David Mareuil, AP, NTB\n    <\/p>\n<p>Det amerikanske flyv\u00e5penet sier det f\u00f8rste av to nye\u00a0presidentfly\u00a0som skal leveres av Boeing, er ytterligere forsinket og blir levert f\u00f8rst i midten av 2028<\/p>\n<p>Dersom den datoen holder seg, vil Air Force One-programmet v\u00e6re fire \u00e5r bak skjemaet. To Boeing 747\u20138 jumbojetfly skal bygges om og blant annet utstyres med avanserte kommunikasjons- og forsvarssystemer for \u00e5 bli neste generasjon Air Force One.<\/p>\n<p>\u2013 V\u00e5rt fokus er \u00e5 levere to enest\u00e5ende Air Force One til landet, sier Boeing i en uttalelse.<\/p>\n<p>Navnet som brukes til \u00e5 omtale de spesialbygde jumbojetene, er formelt radiokallesignalet til ethvert amerikansk milit\u00e6rfly der presidenten er om bord.<\/p>\n<p>I februar uttrykte Donald Trump misn\u00f8ye med Boeing, men utelukket den europeiske leverand\u00f8ren Airbus som alternativ leverand\u00f8r. Den siste forsinkelsen inneb\u00e6rer at de nye flyene vil komme p\u00e5 tampen av Trumps periode, som utl\u00f8per i januar 2029.\u00a0<\/p>\n<p>Dermed m\u00e5 presidenten belage seg p\u00e5 \u00e5 bruke de eksisterende presidentflyene fra 1986, som ble bestilt da Ronald Reagan var president og levert til etterf\u00f8lgeren George H.W. Bush i 1990, ogs\u00e5 det etter forsinkelser.<\/p>\n<p>Amerikanske myndigheter ga nylig forsvarsleverand\u00f8ren L3Harris Technologies oppdraget med \u00e5 bygge om en 747 som tidligere har v\u00e6rt brukt av Qatars regjering, slik at det kan brukes som et midlertidig\u00a0presidentfly\u00a0i USA. Trump fikk flyet i gave fra Qatars kongefamilie tidligere i \u00e5r.<\/p>\n","protected":false},"excerpt":{"rendered":"Nyheter Det f\u00f8rste av to nye fly for presidenten i USA er ytterligere forsinket, og blir levert i&hellip;\n","protected":false},"author":2,"featured_media":113762,"comment_status":"","ping_status":"","sticky":false,"template":"","format":"standard","meta":{"footnotes":""},"categories":[12],"tags":[20,21,24,25,15,22,23,13,30,28,29,14,16,26,27,42,43,44,45],"class_list":{"0":"post-113761","1":"post","2":"type-post","3":"status-publish","4":"format-standard","5":"has-post-thumbnail","7":"category-verden","8":"tag-breaking-news","9":"tag-breakingnews","10":"tag-featured-news","11":"tag-featurednews","12":"tag-headlines","13":"tag-latest-news","14":"tag-latestnews","15":"tag-news","16":"tag-no","17":"tag-norge","18":"tag-norway","19":"tag-nyheter","20":"tag-overskrifter","21":"tag-top-stories","22":"tag-topstories","23":"tag-verden","24":"tag-world","25":"tag-world-news","26":"tag-worldnews"},"share_on_mastodon":{"url":"https:\/\/pubeurope.com\/@no\/115723661753153657","error":""},"_links":{"self":[{"href":"https:\/\/www.europesays.com\/no\/wp-json\/wp\/v2\/posts\/113761","targetHints":{"allow":["GET"]}}],"collection":[{"href":"https:\/\/www.europesays.com\/no\/wp-json\/wp\/v2\/posts"}],"about":[{"href":"https:\/\/www.europesays.com\/no\/wp-json\/wp\/v2\/types\/post"}],"author":[{"embeddable":true,"href":"https:\/\/www.europesays.com\/no\/wp-json\/wp\/v2\/users\/2"}],"replies":[{"embeddable":true,"href":"https:\/\/www.europesays.com\/no\/wp-json\/wp\/v2\/comments?post=113761"}],"version-history":[{"count":0,"href":"https:\/\/www.europesays.com\/no\/wp-json\/wp\/v2\/posts\/113761\/revisions"}],"wp:featuredmedia":[{"embeddable":true,"href":"https:\/\/www.europesays.com\/no\/wp-json\/wp\/v2\/media\/113762"}],"wp:attachment":[{"href":"https:\/\/www.europesays.com\/no\/wp-json\/wp\/v2\/media?parent=113761"}],"wp:term":[{"taxonomy":"category","embeddable":true,"href":"https:\/\/www.europesays.com\/no\/wp-json\/wp\/v2\/categories?post=113761"},{"taxonomy":"post_tag","embeddable":true,"href":"https:\/\/www.europesays.com\/no\/wp-json\/wp\/v2\/tags?post=113761"}],"curies":[{"name":"wp","href":"https:\/\/api.w.org\/{rel}","templated":true}]}}