{"id":113765,"date":"2025-12-15T12:49:12","date_gmt":"2025-12-15T12:49:12","guid":{"rendered":"https:\/\/www.europesays.com\/no\/113765\/"},"modified":"2025-12-15T12:49:12","modified_gmt":"2025-12-15T12:49:12","slug":"tronderske-kjopesenter-skifter-navn-mn24-no","status":"publish","type":"post","link":"https:\/\/www.europesays.com\/no\/113765\/","title":{"rendered":"Tr\u00f8nderske kj\u00f8pesenter skifter navn &#8211; mn24.no"},"content":{"rendered":"<p>Totalt f\u00e5r 57 sentre nytt navn, deriblant 34 tidligere Amfi-sentre og 23 enkeltst\u00e5ende sentre som tidligere har hatt forskjellige navn.<\/p>\n<p>I Tr\u00f8ndelag gjelder dette:<\/p>\n<p><strong>Amfi Namsos (blir Thon Senter Br\u00e5holmen)<\/strong><\/p>\n<p><strong>Namsos Storsenter (blir Thon Senter Namsos)<\/strong><\/p>\n<p><strong>Amfi Orkanger (Thon Senter Orkanger)<\/strong><\/p>\n<p><strong>Amfi Steinkjer (Thon Senter Steinkjer)<\/strong><\/p>\n<p><strong>Amfi Verdal (Thon Senter Verdal)<\/strong><\/p>\n<p>De f\u00f8rste sentrene f\u00e5r de nye skiltene p\u00e5 fasaden fra og med uke 3 i 2026, melder Thon Gruppen i en pressemelding.<\/p>\n<p>\u2013 Dette gj\u00f8r oss tydeligere og mer gjenkjennelige for kunder, medarbeidere og samarbeidspartnere. Senterne har alltid v\u00e6rt en del av Thon, men n\u00e5 gj\u00f8r vi det ogs\u00e5 synlig utad. En felles merkevare gir oss st\u00f8rre kraft i kampanjer, bedre kundeopplevelser og en sterkere posisjon i markedet,\u00a0sier \u00d8yvind Tronier Halvorsen, direkt\u00f8r kj\u00f8pesenter i Thon Gruppen.<\/p>\n<p>\u2013 Hvert Thon Senter skal fortsatt v\u00e6re det samme senteret. Dette handler ikke om \u00e5 gj\u00f8re sentrene like, men om \u00e5 samle dem i en tydelig ramme som gj\u00f8r kjeden mer attraktiv og mer kraftfull samlet. Vi forener lokal kraft med nasjonal tyngde,\u00a0sier Halvorsen.<\/p>\n<p>I dag er flere av Thons sentre i Amfi-kjeden. Amfi-navnet vil fortsatt best\u00e5 for to sentre som Thon fortsatt skal forvalte, de \u00f8vrige Amfi-sentrene g\u00e5r inn i Thon Senter-kjeden.<\/p>\n<p><a href=\"https:\/\/www.mn24.no\/innherred\/i\/j0PgAz\/bytter-navn\" rel=\"nofollow noopener\" target=\"_blank\"> <img decoding=\"async\" src=\"data:image\/gif;base64,R0lGODlhEAAJAIAAAP\/\/\/wAAACH5BAEAAAAALAAAAAAQAAkAAAIKhI+py+0Po5yUFQA7\" alt=\"\"\/>   Bytter navn: \u2013 Helt i Olav Thon sin \u00e5nd  <\/a> <\/p>\n","protected":false},"excerpt":{"rendered":"Totalt f\u00e5r 57 sentre nytt navn, deriblant 34 tidligere Amfi-sentre og 23 enkeltst\u00e5ende sentre som tidligere har hatt&hellip;\n","protected":false},"author":2,"featured_media":113766,"comment_status":"","ping_status":"","sticky":false,"template":"","format":"standard","meta":{"footnotes":""},"categories":[5],"tags":[20,21,24,25,15,19,1372,22,23,17,18,783,13,30,28,29,14,2239,16,984,26,27,2133],"class_list":{"0":"post-113765","1":"post","2":"type-post","3":"status-publish","4":"format-standard","5":"has-post-thumbnail","7":"category-overskrifter","8":"tag-breaking-news","9":"tag-breakingnews","10":"tag-featured-news","11":"tag-featurednews","12":"tag-headlines","13":"tag-hovedoppslag","14":"tag-kjopesenter","15":"tag-latest-news","16":"tag-latestnews","17":"tag-main-news","18":"tag-mainnews","19":"tag-namsos","20":"tag-news","21":"tag-no","22":"tag-norge","23":"tag-norway","24":"tag-nyheter","25":"tag-orkanger","26":"tag-overskrifter","27":"tag-steinkjer","28":"tag-top-stories","29":"tag-topstories","30":"tag-verdal"},"share_on_mastodon":{"url":"https:\/\/pubeurope.com\/@no\/115723669561195178","error":""},"_links":{"self":[{"href":"https:\/\/www.europesays.com\/no\/wp-json\/wp\/v2\/posts\/113765","targetHints":{"allow":["GET"]}}],"collection":[{"href":"https:\/\/www.europesays.com\/no\/wp-json\/wp\/v2\/posts"}],"about":[{"href":"https:\/\/www.europesays.com\/no\/wp-json\/wp\/v2\/types\/post"}],"author":[{"embeddable":true,"href":"https:\/\/www.europesays.com\/no\/wp-json\/wp\/v2\/users\/2"}],"replies":[{"embeddable":true,"href":"https:\/\/www.europesays.com\/no\/wp-json\/wp\/v2\/comments?post=113765"}],"version-history":[{"count":0,"href":"https:\/\/www.europesays.com\/no\/wp-json\/wp\/v2\/posts\/113765\/revisions"}],"wp:featuredmedia":[{"embeddable":true,"href":"https:\/\/www.europesays.com\/no\/wp-json\/wp\/v2\/media\/113766"}],"wp:attachment":[{"href":"https:\/\/www.europesays.com\/no\/wp-json\/wp\/v2\/media?parent=113765"}],"wp:term":[{"taxonomy":"category","embeddable":true,"href":"https:\/\/www.europesays.com\/no\/wp-json\/wp\/v2\/categories?post=113765"},{"taxonomy":"post_tag","embeddable":true,"href":"https:\/\/www.europesays.com\/no\/wp-json\/wp\/v2\/tags?post=113765"}],"curies":[{"name":"wp","href":"https:\/\/api.w.org\/{rel}","templated":true}]}}