{"id":113769,"date":"2025-12-15T12:57:14","date_gmt":"2025-12-15T12:57:14","guid":{"rendered":"https:\/\/www.europesays.com\/no\/113769\/"},"modified":"2025-12-15T12:57:14","modified_gmt":"2025-12-15T12:57:14","slug":"askvoll-krim-tjuveri-i-holmedal-politiet-onsker-tips","status":"publish","type":"post","link":"https:\/\/www.europesays.com\/no\/113769\/","title":{"rendered":"Askvoll, Krim | Tjuveri i Holmedal: Politiet \u00f8nsker tips"},"content":{"rendered":"\n<p>Ein h\u00f8gtrykksvaskar til 10.000 kroner og ei sag av merket Stihl skal ha blitt stole fr\u00e5 b\u00e5tkaia i Holmedal.<\/p>\n<p>Det opplyser Stine Mari V\u00e5rdal, tenestestadsleiar i Askvoll, Fjaler og Hyllestad m\u00e5ndag.<\/p>\n<p>Politiet fekk melding om tjuveriet laurdag, men meldar har opplyst at tjuveriet kan ha skjedd ein gong mellom 7. og 13. desember.<\/p>\n<p>\u2013 Vi er heilt i startfasen i etterforskinga og er i dialog med meldaren for \u00e5 finne ut meir, seier V\u00e5rdal.<\/p>\n<p>Per no verkar tjuveriet \u00e5 vere eit isolert tilfelle, og politiet har ikkje f\u00e5tt informasjon om liknande hendingar i n\u00e6romr\u00e5det.<\/p>\n<p><b>\u2013 Dersom nokon kan ha sett noko eller har tips i saka, s\u00e5 ber vi dei kontakte politiet, avsluttar V\u00e5rdal.<\/b><\/p>\n<p>  <a href=\"https:\/\/www.firda.no\/5-15-1985130\" class=\"related-teaser has-image default-story-teaser article--c-eRUmMG article--c-eRUmMG-jKCPdD-design-default\" wp_automatic_readability=\"1\" rel=\"nofollow noopener\" target=\"_blank\"><\/p>\n<p>    For abonnentar<\/p>\n<p>    <img decoding=\"async\" loading=\"lazy\"  src=\"https:\/\/www.europesays.com\/no\/wp-content\/uploads\/2025\/12\/5_15_1509602+Stine+Mari+V%C3%A5rdal.bin\" alt=\"\" class=\"brick-c-cFOWSL\" style=\"\"\/><\/p>\n<p>\n            Les ogs\u00e5<\/p>\n<p>  Nattas tjuvar herja i tre fylke: Slik tok politiet dei<\/p>\n<p>  <\/a><\/p>\n<p>  <a href=\"https:\/\/www.firda.no\/5-15-1988880\" class=\"related-teaser has-image default-story-teaser article--c-eRUmMG article--c-eRUmMG-jKCPdD-design-default\" wp_automatic_readability=\"1\" rel=\"nofollow noopener\" target=\"_blank\"><\/p>\n<p>    For abonnentar<\/p>\n<p>    <img decoding=\"async\" loading=\"lazy\"  src=\"https:\/\/www.europesays.com\/no\/wp-content\/uploads\/2025\/12\/20250328_130547.jpg\" alt=\"\" class=\"brick-c-cFOWSL\" style=\"\"\/><\/p>\n<p>\n            Les ogs\u00e5<\/p>\n<p>  Frode vil bygge kvileplass ved E39<\/p>\n<p>  <\/a><\/p>\n<p>  <a href=\"https:\/\/www.firda.no\/5-15-1989575\" class=\"related-teaser has-image default-story-teaser article--c-eRUmMG article--c-eRUmMG-jKCPdD-design-default\" wp_automatic_readability=\"1\" rel=\"nofollow noopener\" target=\"_blank\"><\/p>\n<p>    For abonnentar<\/p>\n<p>    <img decoding=\"async\" loading=\"lazy\"  src=\"https:\/\/www.europesays.com\/no\/wp-content\/uploads\/2025\/12\/af02b6fd-2637-4f97-8bc3-1e20f854a97c.jpeg\" alt=\"\" class=\"brick-c-cFOWSL\" style=\"\"\/><\/p>\n<p>\n            Les ogs\u00e5<\/p>\n<p>  No blir det (nesten) gratis \u00e5 pendle med buss til F\u00f8rde<\/p>\n<p>  <\/a><\/p>\n","protected":false},"excerpt":{"rendered":"Ein h\u00f8gtrykksvaskar til 10.000 kroner og ei sag av merket Stihl skal ha blitt stole fr\u00e5 b\u00e5tkaia i&hellip;\n","protected":false},"author":2,"featured_media":231,"comment_status":"","ping_status":"","sticky":false,"template":"","format":"standard","meta":{"footnotes":""},"categories":[10],"tags":[36,9090,20,21,24,25,15,983,22,23,13,30,28,29,14,16,254,1510,13244,26,27],"class_list":{"0":"post-113769","1":"post","2":"type-post","3":"status-publish","4":"format-standard","5":"has-post-thumbnail","7":"category-norge","8":"tag-art","9":"tag-askvoll","10":"tag-breaking-news","11":"tag-breakingnews","12":"tag-featured-news","13":"tag-featurednews","14":"tag-headlines","15":"tag-krim","16":"tag-latest-news","17":"tag-latestnews","18":"tag-news","19":"tag-no","20":"tag-norge","21":"tag-norway","22":"tag-nyheter","23":"tag-overskrifter","24":"tag-politi","25":"tag-story","26":"tag-tjuveri","27":"tag-top-stories","28":"tag-topstories"},"share_on_mastodon":{"url":"https:\/\/pubeurope.com\/@no\/115723701434148354","error":""},"_links":{"self":[{"href":"https:\/\/www.europesays.com\/no\/wp-json\/wp\/v2\/posts\/113769","targetHints":{"allow":["GET"]}}],"collection":[{"href":"https:\/\/www.europesays.com\/no\/wp-json\/wp\/v2\/posts"}],"about":[{"href":"https:\/\/www.europesays.com\/no\/wp-json\/wp\/v2\/types\/post"}],"author":[{"embeddable":true,"href":"https:\/\/www.europesays.com\/no\/wp-json\/wp\/v2\/users\/2"}],"replies":[{"embeddable":true,"href":"https:\/\/www.europesays.com\/no\/wp-json\/wp\/v2\/comments?post=113769"}],"version-history":[{"count":0,"href":"https:\/\/www.europesays.com\/no\/wp-json\/wp\/v2\/posts\/113769\/revisions"}],"wp:featuredmedia":[{"embeddable":true,"href":"https:\/\/www.europesays.com\/no\/wp-json\/wp\/v2\/media\/231"}],"wp:attachment":[{"href":"https:\/\/www.europesays.com\/no\/wp-json\/wp\/v2\/media?parent=113769"}],"wp:term":[{"taxonomy":"category","embeddable":true,"href":"https:\/\/www.europesays.com\/no\/wp-json\/wp\/v2\/categories?post=113769"},{"taxonomy":"post_tag","embeddable":true,"href":"https:\/\/www.europesays.com\/no\/wp-json\/wp\/v2\/tags?post=113769"}],"curies":[{"name":"wp","href":"https:\/\/api.w.org\/{rel}","templated":true}]}}