{"id":113776,"date":"2025-12-15T13:04:07","date_gmt":"2025-12-15T13:04:07","guid":{"rendered":"https:\/\/www.europesays.com\/no\/113776\/"},"modified":"2025-12-15T13:04:07","modified_gmt":"2025-12-15T13:04:07","slug":"seksuelle-overgrep-krim-tiltalte-erkjente-straffskuld-for-overgrep-mot-barn","status":"publish","type":"post","link":"https:\/\/www.europesays.com\/no\/113776\/","title":{"rendered":"Seksuelle overgrep, Krim | Tiltalte erkjente straffskuld for overgrep mot barn"},"content":{"rendered":"\n<p>M\u00e5ndag morgon starta straffesaka i Sogn og Fjordane tingrett mot mannen i 40-\u00e5ra som er tiltalt for seksuelle overgrep mot fleire barn. I f\u00f8rre veke vart saka utvida med ei tilleggstiltale som gjeld ytterlegare \u00e9in forn\u00e6rma. Dermed er det no seks forn\u00e6rma i straffesaka mot mannen.<\/p>\n<p>  <a href=\"https:\/\/www.firda.no\/5-15-1988895\" class=\"related-teaser default-story-teaser article--c-eRUmMG article--c-eRUmMG-jKCPdD-design-default article--c-eRUmMG-kpKLOW-cv\" rel=\"nofollow noopener\" target=\"_blank\"><\/p>\n<p>\n            Les ogs\u00e5<\/p>\n<p>              Utvidar tiltalen like f\u00f8r rettssaka. Seks barn er forn\u00e6rma\n        <\/p>\n<p>  <\/a><\/p>\n<p><a href=\"https:\/\/www.nrk.no\/vestland\/\" rel=\"Follow nofollow noopener\" target=\"_blank\">NRK<\/a> melde om erkjenninga f\u00f8rst.<\/p>\n<p>\u2013 Dette er nokon vi har tidlegare hatt inne som vitne, men som no har erkjent ogs\u00e5 ha vore forn\u00e6rma, sa politiadvokat Sissel Kleiven til Firda f\u00f8rre veke.<\/p>\n<p>D\u00e5 hovudforhandlinga starta m\u00e5ndag, gjekk Kleiven gjennom tiltalepostane, som mellom anna gjeld grove seksuelle overgrep mot barn under 10 og 14 \u00e5r. P\u00e5 kvar tiltalepost erkjente den tiltalte mannen straffskuld, men forsvarar Svein Holden informerte retten om at tiltalte har enkelte merknadar til visse faktiske forhold knytt til enkelte punkt i tiltalen.<\/p>\n<p>Hovudforhandlinga i straffesaka er planlagd \u00e5 vare til og med fredag.<\/p>\n<p>  <a href=\"https:\/\/www.firda.no\/5-15-1945870\" class=\"related-teaser default-story-teaser article--c-eRUmMG article--c-eRUmMG-jKCPdD-design-default article--c-eRUmMG-kpKLOW-cv\" rel=\"nofollow noopener\" target=\"_blank\"><\/p>\n<p>\n            Les ogs\u00e5<\/p>\n<p>              Tiltalt for valdtekt av barn under 10 \u00e5r\n        <\/p>\n<p>  <\/a><\/p>\n","protected":false},"excerpt":{"rendered":"M\u00e5ndag morgon starta straffesaka i Sogn og Fjordane tingrett mot mannen i 40-\u00e5ra som er tiltalt for seksuelle&hellip;\n","protected":false},"author":2,"featured_media":113777,"comment_status":"","ping_status":"","sticky":false,"template":"","format":"standard","meta":{"footnotes":""},"categories":[10],"tags":[36,20,21,24,25,15,983,22,23,13,30,28,29,14,16,3103,11237,1510,26,27],"class_list":{"0":"post-113776","1":"post","2":"type-post","3":"status-publish","4":"format-standard","5":"has-post-thumbnail","7":"category-norge","8":"tag-art","9":"tag-breaking-news","10":"tag-breakingnews","11":"tag-featured-news","12":"tag-featurednews","13":"tag-headlines","14":"tag-krim","15":"tag-latest-news","16":"tag-latestnews","17":"tag-news","18":"tag-no","19":"tag-norge","20":"tag-norway","21":"tag-nyheter","22":"tag-overskrifter","23":"tag-seksuelle-overgrep","24":"tag-sogn-og-fjordane-tingrett","25":"tag-story","26":"tag-top-stories","27":"tag-topstories"},"share_on_mastodon":{"url":"https:\/\/pubeurope.com\/@no\/115723728510631519","error":""},"_links":{"self":[{"href":"https:\/\/www.europesays.com\/no\/wp-json\/wp\/v2\/posts\/113776","targetHints":{"allow":["GET"]}}],"collection":[{"href":"https:\/\/www.europesays.com\/no\/wp-json\/wp\/v2\/posts"}],"about":[{"href":"https:\/\/www.europesays.com\/no\/wp-json\/wp\/v2\/types\/post"}],"author":[{"embeddable":true,"href":"https:\/\/www.europesays.com\/no\/wp-json\/wp\/v2\/users\/2"}],"replies":[{"embeddable":true,"href":"https:\/\/www.europesays.com\/no\/wp-json\/wp\/v2\/comments?post=113776"}],"version-history":[{"count":0,"href":"https:\/\/www.europesays.com\/no\/wp-json\/wp\/v2\/posts\/113776\/revisions"}],"wp:featuredmedia":[{"embeddable":true,"href":"https:\/\/www.europesays.com\/no\/wp-json\/wp\/v2\/media\/113777"}],"wp:attachment":[{"href":"https:\/\/www.europesays.com\/no\/wp-json\/wp\/v2\/media?parent=113776"}],"wp:term":[{"taxonomy":"category","embeddable":true,"href":"https:\/\/www.europesays.com\/no\/wp-json\/wp\/v2\/categories?post=113776"},{"taxonomy":"post_tag","embeddable":true,"href":"https:\/\/www.europesays.com\/no\/wp-json\/wp\/v2\/tags?post=113776"}],"curies":[{"name":"wp","href":"https:\/\/api.w.org\/{rel}","templated":true}]}}