{"id":113778,"date":"2025-12-15T13:07:11","date_gmt":"2025-12-15T13:07:11","guid":{"rendered":"https:\/\/www.europesays.com\/no\/113778\/"},"modified":"2025-12-15T13:07:11","modified_gmt":"2025-12-15T13:07:11","slug":"vinskvetten-grieghallen-responsen-for-vinskvettens-show-i-grieghallen-har-vaert-helt-ellevill-na-klinker-revygruppen-til-igjen-med-ny-forestilling","status":"publish","type":"post","link":"https:\/\/www.europesays.com\/no\/113778\/","title":{"rendered":"Vinskvetten, Grieghallen | Responsen for Vinskvettens show i Grieghallen har v\u00e6rt helt ellevill. N\u00e5 klinker revygruppen til igjen med ny forestilling"},"content":{"rendered":"\n<p>Vinskvetten har holdt det g\u00e5ende i imponerende 50 \u00e5r.<\/p>\n<p>For \u00e5 feire har revy- og musikergruppen invitert til 50-\u00e5rsjubileum i Grieghallen. Interessen var enorm og billettene ble revet bort.<\/p>\n<p>\u2013 Responsen har v\u00e6rt helt ellevill, sier J\u00f8rgen Thue i Stageway, som produserer showet.<\/p>\n<p>\u2013 Det er ikke en billett \u00e5 oppdrive, legger Thue til, og tilf\u00f8yer at de har solgt 15.000 billetter.<\/p>\n<p>   <img decoding=\"async\" width=\"6192\" height=\"4128\" fetchpriority=\"low\"  loading=\"lazy\"  src=\"https:\/\/www.europesays.com\/no\/wp-content\/uploads\/2025\/12\/DSC_7353.JPG\" alt=\"\" class=\"brick-c-cFOWSL\" style=\"--brick-image-ratio: 6192 \/ 4128;\"\/><\/p>\n<p>      Ekstra kjekt med jubileumsforestillingene, er at hele originalbesetningen av Vinskvetten st\u00e5r p\u00e5 scenen sammen.<br \/>\n      Foto: Skjalg Ekeland\n    <\/p>\n<p>  \u2013 Mer popul\u00e6re enn Bruce<\/p>\n<p>N\u00e5 blir det imidlertid en ny mulighet. For Thue avsl\u00f8rer at Vinskvetten er i form og er klar for nytt show.<\/p>\n<p>\u2013 Det blir rett og slett nytt\u00e5rsfest med Vinskvetten l\u00f8rdag 3. januar. De har f\u00e5tt Grieghallen til \u00e5 \u00e5pne tidligere enn de hadde tenkt i 2026, r\u00f8per han.<\/p>\n<p>Dermed er det duket for det tiende jubileumsshowet med gjengen.<\/p>\n<p>Forrige gang det ble lagt ut en ekstraforestilling, ble de over 1600 billettene revet bort p\u00e5 to dager.<\/p>\n<p>\u2013 Vi er mer popul\u00e6re enn Bruce Springsteen og vi selger flere billetter enn Kurt Nilsen og Reidar B\u00f8e, sl\u00e5r Bj\u00f8rn Jensen fast.<\/p>\n<p>   <img decoding=\"async\" width=\"2688\" height=\"1792\" fetchpriority=\"low\"  loading=\"lazy\"  src=\"https:\/\/www.europesays.com\/no\/wp-content\/uploads\/2025\/12\/SE1_1619.JPG\" alt=\"\" class=\"brick-c-cFOWSL\" style=\"--brick-image-ratio: 2688 \/ 1792;\"\/><\/p>\n<p>      Bj\u00f8rn Jensen har all grunn til \u00e5 juble. Salgstallene for jubileumsforestillingene kunne ikke v\u00e6rt bedre.<br \/>\n      Foto: Skjalg Ekeland (arkiv)\n    <\/p>\n<p><b>\u2013 Det g\u00e5r s\u00e5 bra at vi vurderer om vi bare skal kj\u00f8pe hele Grieghallen, legger han til. <\/b><\/p>\n<p>Fra sp\u00f8k til alvor. Gunnar L\u00e5stad og Bj\u00f8rn Jensen er imponerte over den enorme interessen.<\/p>\n<p>\u2013 Det er helt vilt! Vi m\u00e5 klype oss i armen for \u00e5 skj\u00f8nne at det er sant, sier Jensen.<\/p>\n<p>\u2013 Det er helt uvirkelig hele greien. Helt vanvittig! Vi er privilegerte. Men vi har tydeligvis gjort noe som er rett, legger L\u00e5stad til.<\/p>\n<p>Lover mer sprell<\/p>\n<p>I alle \u00e5r har gjengen holdt showene sine p\u00e5 Ricks, men da scenen forsvant ble Vinskvetten usikre p\u00e5 hva de skulle gj\u00f8re.<\/p>\n<p>   <img decoding=\"async\" width=\"4414\" height=\"2943\" fetchpriority=\"low\"  loading=\"lazy\"  src=\"https:\/\/www.europesays.com\/no\/wp-content\/uploads\/2025\/12\/BA27413.jpg\" alt=\"\" class=\"brick-c-cFOWSL\" style=\"--brick-image-ratio: 4414 \/ 2943;\"\/><\/p>\n<p>      En fast tradisjon har v\u00e6rt show p\u00e5 Ricks. Da scenen forsvant, m\u00e5tte Vinskvetten p\u00e5 scenejakt. Til slutt landet de p\u00e5 byens storstue, Grieghallen.<br \/>\n      Foto: SKJALG EKELAND (arkiv)\n    <\/p>\n<p>\u2013 For \u00e5 v\u00e6re helt \u00e6rlig, s\u00e5 var vi litt skeptiske til Grieghallen, innr\u00f8mmer L\u00e5stad.<\/p>\n<p>De var redde Grieghallen ville bli for stort for revy-sjangeren.<\/p>\n<p>\u2013 Og vi var redde for at de ikke ville h\u00f8re oss helt bak, men vi har f\u00e5tt bekreftet at det er god lyd fra f\u00f8rste til siste rad, s\u00e5 jeg har forandret mening. Det er bare kjekt, sier han.<\/p>\n<p>Begge skryter av Stageway, som har produsert showet.<\/p>\n<p>\u2013 Vi har blitt eldre, men n\u00e5 har vi litt mer luksus. Gitarene er stemte og b\u00e5ret p\u00e5 plass, og vi slipper \u00e5 b\u00f8ye oss etter vannflasken selv. Alt er ordnet, beskriver Jensen.<\/p>\n<p>\u2013 Fans vi snakket med p\u00e5 premieren var bekymret for at dette kunne v\u00e6re en avskjedskonsert?<\/p>\n<p><b>\u2013 \u00c5 nei, vi har ingen planer om noe avskjed. Nei, nei, nei!, svarer Jensen og kan r\u00f8pe at de har flere spennende planer p\u00e5 gang for neste \u00e5r. <\/b><\/p>\n<p>   <img decoding=\"async\" width=\"5568\" height=\"3712\" fetchpriority=\"low\"  loading=\"lazy\"  src=\"https:\/\/www.europesays.com\/no\/wp-content\/uploads\/2025\/12\/BA00873.jpg\" alt=\"\" class=\"brick-c-cFOWSL\" style=\"--brick-image-ratio: 5568 \/ 3712;\"\/><\/p>\n<p>      Foto: ARNE RISTESUND (arkiv)\n    <\/p>\n<p>  Humor og parodier<\/p>\n<p><a href=\"https:\/\/www.ba.no\/har-solgt-13-000-billetter-i-grieghallen-helt-ellevilt\/s\/5-8-3246646\" rel=\"Follow nofollow noopener\" target=\"_blank\">BA var p\u00e5 premieren av Vinskvettens 50-\u00e5rsjubileum<\/a> i Grieghallen. Der kunne 27 \u00e5r gamle P\u00e5l Hesjedal fortelle at han har v\u00e6rt fan i mange \u00e5r.<\/p>\n<p>\u2013 De treffer oss som ikke er oppvokst i byen, sa Hesjedal til BA.<\/p>\n<p>  <a href=\"https:\/\/www.ba.no\/5-8-3246476\" class=\"related-teaser has-image default-gallery-teaser article--c-eRUmMG article--c-eRUmMG-jKCPdD-design-default\" rel=\"nofollow noopener\" target=\"_blank\"><\/p>\n<p>    <img decoding=\"async\" loading=\"lazy\"  src=\"https:\/\/www.europesays.com\/no\/wp-content\/uploads\/2025\/12\/SE1_1756.JPG\" alt=\"\" class=\"brick-c-cFOWSL\" style=\"\"\/><\/p>\n<p>\n            Bildeserie<\/p>\n<p>              Smekkfullt i Grieghallen: \u2013 De treffer g-punktet!\n        <\/p>\n<p>  <\/a><\/p>\n<p>Vinskvetten \u2013 ogs\u00e5 kjent som Salhusvinskvetten \u2013 er kjent for sin humor, sangtekster og parodier, s\u00e6rlig p\u00e5 den tidligere Salhuskvintetten.<\/p>\n<p>\u2013 Det skulle egentlig bare v\u00e6re en engangsgreie, men s\u00e5 har det bare fortsatt og fortsatt. Vi var egentlig et fotball-lag, har Bj\u00f8rn Jensen tidligere uttalt til BA.<\/p>\n<p>I showet, som har f\u00e5tt navnet \u00abVinskvetten 50 \u00e5r \u2013 bortreist p\u00e5 dagen\u00bb, gir bandet et gjensyn med h\u00f8ydepunkt fra den 50 \u00e5r lange karrieren.<\/p>\n<p>I anledning jubileet ble det ogs\u00e5 gitt ut en bok, \u00abVinskvetten 50 \u00e5r \u2013 humor p\u00e5 ramme alvor\u00bb, som er skrevet av Claus Sellevoll og Knut Langeland.<\/p>\n<p>  <a href=\"https:\/\/www.ba.no\/5-8-3246646\" class=\"related-teaser has-image default-story-teaser article--c-eRUmMG article--c-eRUmMG-jKCPdD-design-default\" rel=\"nofollow noopener\" target=\"_blank\"><\/p>\n<p>    <img decoding=\"async\" loading=\"lazy\"  src=\"https:\/\/www.europesays.com\/no\/wp-content\/uploads\/2025\/12\/SE1_2102.JPG\" alt=\"\" class=\"brick-c-cFOWSL\" style=\"\"\/><\/p>\n<p>\n            Les ogs\u00e5<\/p>\n<p>              Har solgt 13.000 billetter i Grieghallen: \u2013 Helt ellevilt!\n        <\/p>\n<p>  <\/a><\/p>\n","protected":false},"excerpt":{"rendered":"Vinskvetten har holdt det g\u00e5ende i imponerende 50 \u00e5r. For \u00e5 feire har revy- og musikergruppen invitert til&hellip;\n","protected":false},"author":2,"featured_media":113779,"comment_status":"","ping_status":"","sticky":false,"template":"","format":"standard","meta":{"footnotes":""},"categories":[58],"tags":[36,13853,71,2908,6755,30,28,29,1558,1510,72,13852],"class_list":{"0":"post-113778","1":"post","2":"type-post","3":"status-publish","4":"format-standard","5":"has-post-thumbnail","7":"category-underholdning","8":"tag-art","9":"tag-bjorn-jensen","10":"tag-entertainment","11":"tag-grieghallen","12":"tag-jubileum","13":"tag-no","14":"tag-norge","15":"tag-norway","16":"tag-pulsen","17":"tag-story","18":"tag-underholdning","19":"tag-vinskvetten"},"share_on_mastodon":{"url":"https:\/\/pubeurope.com\/@no\/115723740533470800","error":""},"_links":{"self":[{"href":"https:\/\/www.europesays.com\/no\/wp-json\/wp\/v2\/posts\/113778","targetHints":{"allow":["GET"]}}],"collection":[{"href":"https:\/\/www.europesays.com\/no\/wp-json\/wp\/v2\/posts"}],"about":[{"href":"https:\/\/www.europesays.com\/no\/wp-json\/wp\/v2\/types\/post"}],"author":[{"embeddable":true,"href":"https:\/\/www.europesays.com\/no\/wp-json\/wp\/v2\/users\/2"}],"replies":[{"embeddable":true,"href":"https:\/\/www.europesays.com\/no\/wp-json\/wp\/v2\/comments?post=113778"}],"version-history":[{"count":0,"href":"https:\/\/www.europesays.com\/no\/wp-json\/wp\/v2\/posts\/113778\/revisions"}],"wp:featuredmedia":[{"embeddable":true,"href":"https:\/\/www.europesays.com\/no\/wp-json\/wp\/v2\/media\/113779"}],"wp:attachment":[{"href":"https:\/\/www.europesays.com\/no\/wp-json\/wp\/v2\/media?parent=113778"}],"wp:term":[{"taxonomy":"category","embeddable":true,"href":"https:\/\/www.europesays.com\/no\/wp-json\/wp\/v2\/categories?post=113778"},{"taxonomy":"post_tag","embeddable":true,"href":"https:\/\/www.europesays.com\/no\/wp-json\/wp\/v2\/tags?post=113778"}],"curies":[{"name":"wp","href":"https:\/\/api.w.org\/{rel}","templated":true}]}}