{"id":113782,"date":"2025-12-15T13:10:07","date_gmt":"2025-12-15T13:10:07","guid":{"rendered":"https:\/\/www.europesays.com\/no\/113782\/"},"modified":"2025-12-15T13:10:07","modified_gmt":"2025-12-15T13:10:07","slug":"ber-russere-sla-av-lyset-i-moskva-for-a-unnga-ukrainske-droner","status":"publish","type":"post","link":"https:\/\/www.europesays.com\/no\/113782\/","title":{"rendered":"Ber russere sl\u00e5 av lyset i Moskva for \u00e5 unng\u00e5 ukrainske droner"},"content":{"rendered":"<p>    Tidligere sjef for russisk spesialstyrke vil bruke samme metode som under 2. verdenskrig for \u00e5 stanse ukrainske droneangrep mot Russlands hovedstad.<\/p>\n<p>\n        Et trafikklys viser r\u00f8dt lys med en nesten tom R\u00f8de Plass, Kreml-muren og Spasskaya-t\u00e5rnet i bakgrunnen ved daggry i Moskva, Russland, tirsdag 30. januar 2024.<br \/>\n        Alexander Zemlianichenko\n    <\/p>\n<p>Vanlige russere blir stadig p\u00e5minnet om at presidentens \u00abspesialoperasjon\u00bb ikke g\u00e5r helt som planlagt. Det tok lang tid f\u00f8r Vladimir Putin brukte ordet \u00abkrig\u00bb om blodbadet mot broderfolket i Ukraina. Til slutt ble det umulig \u00e5 skjule.<\/p>\n<p>Etter snart fire \u00e5rs krig, og n\u00e6rmere \u00e9n million drepte og s\u00e5rede, kommer krigens grusomheter mer og mer til syne. Intensiverte ukrainske droneangrep har sl\u00e5tt ut en rekke av Russlands st\u00f8rste oljeraffinerier, noe som har utl\u00f8st drivstoffmangel i en rekke russiske regioner.<\/p>\n<p>M\u00e5 l\u00e6re opp sivilbefolkningen<\/p>\n<p>Den siste tiden har droneangrepene ogs\u00e5 n\u00e5dd Moskva. Dermed rykker krigen stadig n\u00e6rmere store deler av den russiske befolkningen, som hittil har levd skjermet fra infernoet som utspiller seg i de okkuperte omr\u00e5dene inne p\u00e5 ukrainsk jord.<\/p>\n<p>N\u00e5 foresl\u00e5r en tidligere oberst og kommand\u00f8r for luftverntroppene i Moskvas spesialstyrker, Sergej Khatylev, at belysningen i russiske byer b\u00f8r sl\u00e5s av om natten. Tiltaket skal bidra til \u00e5 bekjempe ukrainske droner.<\/p>\n<p>\u2013 Tiltakene som er tatt inkluderer tekniske, organisatoriske og taktiske grep, forteller Khatylev til Daily Storm, if\u00f8lge\u00a0<a href=\"https:\/\/www.moscowtimes.ru\/2025\/12\/13\/v-krimu-snova-voznik-defitsit-benzina-i-diztopliva-na-zapravkah-a182747\" rel=\"nofollow noopener\" target=\"_blank\">Moscow Times<\/a>. Han mener den russiske sivilbefolkningen b\u00f8r oppl\u00e6res til hvordan m\u00f8rkleggingen kan gjennomf\u00f8res, i samarbeid med krigsveteraner.<\/p>\n<p>Forstyrrer navigasjonen<\/p>\n<p>Ved \u00e5 sl\u00e5 av lysene om natten, da de fleste droneangrep gjennomf\u00f8res, vil dette kunne bidra til \u00e5 forstyrre dronenes evne til \u00e5 navigere mot sine tiltenkte m\u00e5l. I tillegg foresl\u00e5r den russiske obersten \u00e5 blokkere internett n\u00e5r droneangrep p\u00e5g\u00e5r.<\/p>\n<p>Khatylev sammenligner tiltaket med 2. verdenskrig da store byer ble m\u00f8rklagt for \u00e5 forvirre fienden under luftangrep. Ved skru av offentlig og privat belysning, eller dekke til bygninger, fikk bombefly problemer med \u00e5 identifisere om \u00e5 gj\u00f8re det vanskeligere for fiendtlige bombefly \u00e5 identifisere m\u00e5l p\u00e5 bakken. Svenske <a href=\"https:\/\/www.expressen.se\/nyheter\/varlden\/ryska-draget-vill-gora-som-i-andra-varldskriget\/\" rel=\"nofollow noopener\" target=\"_blank\">Expressen<\/a> har ogs\u00e5 omtalt saken.<\/p>\n<p>Droner er ofte avhengig av optiske og infrar\u00f8de signaler for \u00e5 kunne utf\u00f8re milit\u00e6re oppdrag.<\/p>\n<p>\u2013 Noen ressurser, for eksempel luftvernmissilsystemer og radarstasjoner, blir omkonfigurert til et annet frekvensomr\u00e5de slik at fienden ikke kan oppdage frekvensen som disse opererer p\u00e5, forklarer Khatylev, if\u00f8lge <a href=\"https:\/\/avia-pro.net\/news\/eks-nachalnik-zenitnyh-voysk-moskvy-prizval-otklyuchat-svet-po-nocham-dlya-borby-s-dronami\" rel=\"nofollow noopener\" target=\"_blank\">avio-pro.net<\/a><\/p>\n","protected":false},"excerpt":{"rendered":"Tidligere sjef for russisk spesialstyrke vil bruke samme metode som under 2. verdenskrig for \u00e5 stanse ukrainske droneangrep&hellip;\n","protected":false},"author":2,"featured_media":113783,"comment_status":"","ping_status":"","sticky":false,"template":"","format":"standard","meta":{"footnotes":""},"categories":[12],"tags":[20,21,24,25,15,22,23,13,30,28,29,14,16,26,27,42,43,44,45],"class_list":{"0":"post-113782","1":"post","2":"type-post","3":"status-publish","4":"format-standard","5":"has-post-thumbnail","7":"category-verden","8":"tag-breaking-news","9":"tag-breakingnews","10":"tag-featured-news","11":"tag-featurednews","12":"tag-headlines","13":"tag-latest-news","14":"tag-latestnews","15":"tag-news","16":"tag-no","17":"tag-norge","18":"tag-norway","19":"tag-nyheter","20":"tag-overskrifter","21":"tag-top-stories","22":"tag-topstories","23":"tag-verden","24":"tag-world","25":"tag-world-news","26":"tag-worldnews"},"share_on_mastodon":{"url":"https:\/\/pubeurope.com\/@no\/115723752302054189","error":""},"_links":{"self":[{"href":"https:\/\/www.europesays.com\/no\/wp-json\/wp\/v2\/posts\/113782","targetHints":{"allow":["GET"]}}],"collection":[{"href":"https:\/\/www.europesays.com\/no\/wp-json\/wp\/v2\/posts"}],"about":[{"href":"https:\/\/www.europesays.com\/no\/wp-json\/wp\/v2\/types\/post"}],"author":[{"embeddable":true,"href":"https:\/\/www.europesays.com\/no\/wp-json\/wp\/v2\/users\/2"}],"replies":[{"embeddable":true,"href":"https:\/\/www.europesays.com\/no\/wp-json\/wp\/v2\/comments?post=113782"}],"version-history":[{"count":0,"href":"https:\/\/www.europesays.com\/no\/wp-json\/wp\/v2\/posts\/113782\/revisions"}],"wp:featuredmedia":[{"embeddable":true,"href":"https:\/\/www.europesays.com\/no\/wp-json\/wp\/v2\/media\/113783"}],"wp:attachment":[{"href":"https:\/\/www.europesays.com\/no\/wp-json\/wp\/v2\/media?parent=113782"}],"wp:term":[{"taxonomy":"category","embeddable":true,"href":"https:\/\/www.europesays.com\/no\/wp-json\/wp\/v2\/categories?post=113782"},{"taxonomy":"post_tag","embeddable":true,"href":"https:\/\/www.europesays.com\/no\/wp-json\/wp\/v2\/tags?post=113782"}],"curies":[{"name":"wp","href":"https:\/\/api.w.org\/{rel}","templated":true}]}}