{"id":113797,"date":"2025-12-15T13:38:15","date_gmt":"2025-12-15T13:38:15","guid":{"rendered":"https:\/\/www.europesays.com\/no\/113797\/"},"modified":"2025-12-15T13:38:15","modified_gmt":"2025-12-15T13:38:15","slug":"krim-mosjoen-politiet-beslagla-27-kilo-cannabis-i-mosjoen-ett-av-flere-betydelige-beslag-den-siste-tiden","status":"publish","type":"post","link":"https:\/\/www.europesays.com\/no\/113797\/","title":{"rendered":"Krim, Mosj\u00f8en | Politiet beslagla 27 kilo cannabis i Mosj\u00f8en \u2013 ett av flere betydelige beslag den siste tiden"},"content":{"rendered":"\n<p>En mann i 30-\u00e5rene ble p\u00e5grepet p\u00e5 stedet og senere varetektsfengslet for inntil fire uker. Han er siktet for grov narkotikaovertredelse.<\/p>\n<p>Politiet i Nordland melder i en pressemelding at den siktede erkjenner i avh\u00f8r \u00e5 ha brakt med seg en mindre mengde narkotika, men at han hevder at han ikke visste om all narkotika som var i bilens bagasjerom. Med bakgrunn i siktelsen mot mannen, fikk Nordland politidistrikt bistand til \u00e5 ransake mannens bopel i \u00f8stlandsomr\u00e5det. Flere beslag av elektroniske enheter og mindre mengder narkotika ble gjort.<\/p>\n<p>\u2013 Gateverdien p\u00e5 beslaget utgj\u00f8r cirka fire millioner kroner. Nordland politidistrikt etterforsker denne saken som et ledd i den innsatsen som gj\u00f8res mot kriminelle nettverk. I den forbindelse er det naturlig at politiet fors\u00f8ker \u00e5 identifisere hvem andre som inng\u00e5r i saken, sier seksjonsleder Knut Waldemar Solli i pressemeldingen.<\/p>\n<p>Sammenheng med funn i Ofoten<\/p>\n<p>Noen dager tidligere stanset politiet en bil i Ballangen p\u00e5 bakgrunn av tips. Det ble der funnet til sammen 3,5 kilo kokain og amfetamin i bilen, i tillegg til et betydelig kontantbel\u00f8p. Gateverdien p\u00e5 beslaget utgj\u00f8r ca. tre millioner. F\u00f8rer var alene i bilen og ble p\u00e5grepet. Han ble senere varetektsfengslet og siktet for grov narkotikaovertredelse. <\/p>\n<p>I avh\u00f8r har siktede forklart at han hadde l\u00e5nt bilen hos en bekjent. Han erkjenner \u00e5 ha fraktet narkotika, men ikke mengden som befant seg i bilen. Siktede forklarer at narkotikaen skulle overleveres i Troms\u00f8. Han har forklart at han var kjent med risikoen knyttet til transportoppdraget, men hadde vurdert den til liten og at dette ville v\u00e6re lettjente penger.<\/p>\n<p>\u2013 Denne saken illustrerer at en del personer lar seg lokke av det de tror er lettjente penger, samtidig som de tror at risikoen for \u00e5 bli avsl\u00f8rt er liten. Politiet har flere eksempler p\u00e5 p\u00e5gripelser der gjerningspersonen har undervurdert risikoen, og heller ikke tenkt n\u00f8ye over hvilke konsekvenser dette kan gi. I dette tilfellet risikerer han en lengre fengselsstraff, sier politiadvokat Gaute Rydmark i pressemeldingen.<\/p>\n<p><b>Politiet unders\u00f8ker om det er en sammenheng mellom disse sakene.<\/b><\/p>\n<p>Normalisert i enkelte milj\u00f8<\/p>\n<p>Selv om ikke politiet vet at narkotikaen var ment for markedet i Nordland er narkotikabeslagene med p\u00e5 \u00e5 underbygge at det b\u00e5de fraktes og omsettes betydelige mengder narkotika i fylket. Politiet erfarer at bruk av narkotika i stor grad er blitt normalisert i enkelte milj\u00f8.<\/p>\n<p>\u2013 Flere burde tenke gjennom at bruk av narkotika bidrar til \u00e5 finansiere kriminelle milj\u00f8er. Gjennom beslag som politiet gj\u00f8r i disse sakene finner man gjerne regnskap og kundelister som gj\u00f8r det mulig \u00e5 straffeforf\u00f8lge \u00abkunder\u00bb \u2013 de som er med \u00e5 skape markedet for ulovlig narkotikasalg, ikke bare bakmenn, sier politiinspekt\u00f8r Finn Erik R\u00f8dsand i pressemeldingen. Han er leder for Felles enhet for Etterretning og Etterforskning (FEFE) ved Nordland politidistrikt.<\/p>\n","protected":false},"excerpt":{"rendered":"En mann i 30-\u00e5rene ble p\u00e5grepet p\u00e5 stedet og senere varetektsfengslet for inntil fire uker. Han er siktet&hellip;\n","protected":false},"author":2,"featured_media":113798,"comment_status":"","ping_status":"","sticky":false,"template":"","format":"standard","meta":{"footnotes":""},"categories":[10],"tags":[36,20,21,24,25,15,983,22,23,1068,212,13,30,28,29,14,16,1510,26,27,1203],"class_list":{"0":"post-113797","1":"post","2":"type-post","3":"status-publish","4":"format-standard","5":"has-post-thumbnail","7":"category-norge","8":"tag-art","9":"tag-breaking-news","10":"tag-breakingnews","11":"tag-featured-news","12":"tag-featurednews","13":"tag-headlines","14":"tag-krim","15":"tag-latest-news","16":"tag-latestnews","17":"tag-mosjoen","18":"tag-narkotika","19":"tag-news","20":"tag-no","21":"tag-norge","22":"tag-norway","23":"tag-nyheter","24":"tag-overskrifter","25":"tag-story","26":"tag-top-stories","27":"tag-topstories","28":"tag-vefsn"},"share_on_mastodon":{"url":"https:\/\/pubeurope.com\/@no\/115723862204483342","error":""},"_links":{"self":[{"href":"https:\/\/www.europesays.com\/no\/wp-json\/wp\/v2\/posts\/113797","targetHints":{"allow":["GET"]}}],"collection":[{"href":"https:\/\/www.europesays.com\/no\/wp-json\/wp\/v2\/posts"}],"about":[{"href":"https:\/\/www.europesays.com\/no\/wp-json\/wp\/v2\/types\/post"}],"author":[{"embeddable":true,"href":"https:\/\/www.europesays.com\/no\/wp-json\/wp\/v2\/users\/2"}],"replies":[{"embeddable":true,"href":"https:\/\/www.europesays.com\/no\/wp-json\/wp\/v2\/comments?post=113797"}],"version-history":[{"count":0,"href":"https:\/\/www.europesays.com\/no\/wp-json\/wp\/v2\/posts\/113797\/revisions"}],"wp:featuredmedia":[{"embeddable":true,"href":"https:\/\/www.europesays.com\/no\/wp-json\/wp\/v2\/media\/113798"}],"wp:attachment":[{"href":"https:\/\/www.europesays.com\/no\/wp-json\/wp\/v2\/media?parent=113797"}],"wp:term":[{"taxonomy":"category","embeddable":true,"href":"https:\/\/www.europesays.com\/no\/wp-json\/wp\/v2\/categories?post=113797"},{"taxonomy":"post_tag","embeddable":true,"href":"https:\/\/www.europesays.com\/no\/wp-json\/wp\/v2\/tags?post=113797"}],"curies":[{"name":"wp","href":"https:\/\/api.w.org\/{rel}","templated":true}]}}