{"id":113803,"date":"2025-12-15T13:45:21","date_gmt":"2025-12-15T13:45:21","guid":{"rendered":"https:\/\/www.europesays.com\/no\/113803\/"},"modified":"2025-12-15T13:45:21","modified_gmt":"2025-12-15T13:45:21","slug":"ville-ikke-bli-gjenkjent","status":"publish","type":"post","link":"https:\/\/www.europesays.com\/no\/113803\/","title":{"rendered":"Ville ikke bli gjenkjent"},"content":{"rendered":"<p>    Kort fortalt<\/p>\n<ul lang=\"nb-NO\">\n<li>Vinteren i Norge er uvanlig varm, med fugler som kvitrer og gress som gror i desember.<\/li>\n<li>Seniorforsker Christian Pedersen fra NIBIO forklarer at mildv\u00e6ret gj\u00f8r det lettere for fugler \u00e5 finne mat, men kan bli problematisk hvis kulden plutselig sl\u00e5r til.<\/li>\n<li>Naturr\u00e5dgiver Martin Eggen fra BirdLife Norge advarer om at ustabile vintre kan p\u00e5virke \u00f8kosystemer, s\u00e6rlig for sm\u00e5gnagere og rovfugler.<\/li>\n<li>Klimaforsker Helga Therese Tilley Tajet sier at hvit jul kan bli sjeldent i fremtiden hvis klimagassutslippene fortsetter \u00e5 \u00f8ke.<\/li>\n<\/ul>\n<p class=\"italic ai-disclaimer\" data-lab-italic=\"italic\">Sammendraget er laget av ChatGPT og godkjent av Dagbladet.<\/p>\n<p>      Vis mer<br \/>\n      Vis mindre<\/p>\n<p>Vinteren lar vente p\u00e5 seg i store deler av landet.\u00a0<\/p>\n<p>If\u00f8lge Meteorologisk institutt er dette den varmeste desemberm\u00e5neden som har blitt m\u00e5lt i Oslo.<\/p>\n<p>&#8211; Blindern har hatt den mildeste desembernatten som er m\u00e5lt. Det ble aldri kaldere enn 6,9 grader (kl. 19). Den gamle rekorden var 6,7 grader 20. desember 2015, forteller klimaforsker Jostein Mamen. <\/p>\n<p class=\"font-weight-bold m-font-weight-bold\" data-lab-font_weight=\"font-weight-bold\">Ikke nok med det: Klokka 04 i natt var det hele 17,6 grader i Tafjord.<\/p>\n<p class=\"font-weight-normal m-font-weight-normal\" data-lab-font_weight=\"font-weight-normal\">&#8211; Det er ikke rekord, men ganske varmt likevel, melder instituttet.<\/p>\n<blockquote class=\"yr-embed\" data-post-id=\"b5e069a7-6038-45e6-9fda-711944405632\"><p>Det ble en natt uten behov for ekstra dyne &#8211; det var mildt i store deler av landet \ud83c\udf21\ufe0f<\/p>\n<p>Varmest var det kl. 04.00 i Tafjord, der det kom opp i 17,6 grader ved hjelp av f\u00f8nvind! Det er ikke rekord, men ganske varmt likevel! \ud83d\udc40<\/p>\n<p><a href=\"https:\/\/www.yr.no\/nb\/meteorologene\/b5e069a7-6038-45e6-9fda-711944405632\" rel=\"nofollow noopener\" target=\"_blank\">Se melding p\u00e5 Yr<\/a> \u00b7 I dag kl. 11:22<\/p>\n<\/blockquote>\n<p>Vi er midt i desember, og Dagbladet har f\u00e5tt tips om b\u00e5de kvitrende fugler og gress som gror &#8211; noe som vanligvis er sikre v\u00e5rtegn.<\/p>\n<p class=\"font-weight-bold m-font-weight-bold\" data-lab-font_weight=\"font-weight-bold\">Hva er det egentlig som skjer? Er naturen er ute av balanse &#8211; eller er dette bare et resultat av mildv\u00e6ret?\u00a0\u00a0<\/p>\n<p>        JULEV\u00c6RET: Statsmeteorolog Julie Solsvik V\u00e5gene avsl\u00f8rer hvordan f\u00f8rjulstida blir. Reporter: Trond Markus Gravdal<\/p>\n<p>Da er det for seint<\/p>\n<p>Christian Pedersen er seniorforsker ved Norsk institutt for bio\u00f8konomi (NIBIO), som jobber med \u00f8kologi og landskapsoverv\u00e5king.<\/p>\n<p>Han sier til Dagbladet at mildv\u00e6rsperioden vi har n\u00e5 er ganske spesiell &#8211; men ikke helt uvanlig.<\/p>\n<p>        <img loading=\"lazy\" decoding=\"async\" itemprop=\"image\" src=\"https:\/\/www.europesays.com\/no\/wp-content\/uploads\/2025\/12\/83985960.webp\" width=\"180\" height=\"180\" alt=\"Christian Pedersen\"\/><\/p>\n<p>            Christian Pedersen<br \/>\n            Christian<br \/>\n            Pedersen        <\/p>\n<p>Seniorforsker ved Norsk institutt for bio\u00f8konomi (NIBIO).<\/p>\n<p>&#8211; N\u00e5r det er lite sn\u00f8, er det lettere for fuglene \u00e5 finne mat, som fr\u00f8 som ellers ville v\u00e6rt dekket av sn\u00f8, p\u00e5peker han.<\/p>\n<p>Samtidig peker han p\u00e5 at vedvarende varme vintre kan f\u00e5 f\u00f8lger over tid.<\/p>\n<p>&#8211; Dersom arter som normalt trekker s\u00f8rover velger \u00e5 bli igjen, og s\u00e5 blir overrasket av sprengkulde, kan det bli alvorlig. Da er det for seint \u00e5 trekke, og de kan f\u00e5 problemer b\u00e5de med temperatur og med \u00e5 finne mat i konkurranse med arter som er tilpasset en normal norsk vinter.\u00a0<\/p>\n<p>\u00d8ver seg til v\u00e5ren<\/p>\n<p>At det kvitrer midtvinters, er if\u00f8lge Pedersen heller ikke s\u00e5 dramatisk som mange tror.<\/p>\n<p class=\"font-weight-bold m-font-weight-bold\" data-lab-font_weight=\"font-weight-bold\">&#8211; Fugler kan bruke sang til territoriehevding knyttet til matressurser, og de har mange lyder som ikke er den klassiske v\u00e5rsangen. Noen \u00f8ver seg nok ogs\u00e5 allerede til v\u00e5rens serenader.\u00a0<\/p>\n<p>        <img loading=\"lazy\" decoding=\"async\" src=\"https:\/\/www.europesays.com\/no\/wp-content\/uploads\/2025\/12\/83986014.webp\" width=\"686\" height=\"577\" title=\"MATES: Bl\u00e5meiser forsyner seg av pean\u00f8tter p\u00e5 en fuglemater i vinterkulda.&#10;Foto: JGade \/ Shutterstock \/ NTB\" alt=\"\" class=\"\" style=\"--aspect-ratio-image: 1.19; \"\/><\/p>\n<p>\n        MATES: Bl\u00e5meiser forsyner seg av pean\u00f8tter p\u00e5 en fuglemater i vinterkulda.<br \/>\nFoto: JGade \/ Shutterstock \/ NTB\n    <\/p>\n<p>Han viser til at arter som kj\u00f8ttmeis og bl\u00e5meis ofte starter sangen tidlig p\u00e5 \u00e5ret, s\u00e6rlig p\u00e5 lyse dager.<\/p>\n<p>&#8211; Hvor ivrige fuglene er til \u00e5 synge, henger tett sammen med v\u00e6ret. P\u00e5 lyse, klare dager uten streng kulde er de mer aktive enn n\u00e5r det er gr\u00e5tt og m\u00f8rkt, sier han.\u00a0<\/p>\n<p>Kan bli lurt<\/p>\n<p>For plantene er situasjonen mer alvorlig, if\u00f8lge NIBIO-forskeren.<\/p>\n<p>Lengre varmeperioder kan lure plantene ut av dvale, slik at de starter vekst for tidlig og bruker opp energi de egentlig trenger til v\u00e5ren.\u00a0<\/p>\n<p>&#8211; Hvis mildv\u00e6ret etterf\u00f8lges av br\u00e5 kulde, kan cellevev bli skadet, tr\u00e6r kan f\u00e5 frostsprekker, og r\u00f8tter blir mer utsatt, s\u00e6rlig n\u00e5r det mangler sn\u00f8.\u00a0<\/p>\n<p>Sn\u00f8en har ogs\u00e5 en viktig funksjon for dyrelivet, og da s\u00e6rlig for sm\u00e5gnagere som bruker sn\u00f8 som isolasjon og skjul mot rovdyr.<\/p>\n<p>    <a itemprop=\"url\" href=\"https:\/\/www.dagbladet.no\/nyheter\/her-er-det-julekort-stemning\/83975544\" rel=\"nofollow noopener\" target=\"_blank\"><\/p>\n<p>        <img loading=\"lazy\" decoding=\"async\" src=\"https:\/\/www.europesays.com\/no\/wp-content\/uploads\/2025\/12\/83976208.webp\" width=\"980\" height=\"441\" title=\"- Her er det julekort-stemning\" alt=\"\" class=\"lazyload\" style=\"--aspect-ratio-image: 2.22; \"\/><\/p>\n<p>        &#8211; Her er det julekort-stemning<\/p>\n<p>    <\/a><\/p>\n<p>Kan sl\u00e5 gammel rekord  <\/p>\n<p>Dagbladet skrev i helga om et f\u00f8rjulsvarsel som knapt likner vinter:<\/p>\n<p>If\u00f8lge Meteorologisk institutt er det mild luft fra s\u00f8rvest og lavtrykk som kommer p\u00e5 l\u00f8pende b\u00e5nd inn fra Atlanteren som styrer v\u00e6ret, noe som gir et v\u00e5tt, men ikke kaldt, f\u00f8rjulsv\u00e6r.\u00a0<\/p>\n<p>    <a itemprop=\"url\" href=\"https:\/\/www.dagbladet.no\/nyheter\/kan-sla-rekord-fra-1971\/83970803\" rel=\"nofollow noopener\" target=\"_blank\"><\/p>\n<p>        <img loading=\"lazy\" decoding=\"async\" src=\"https:\/\/www.europesays.com\/no\/wp-content\/uploads\/2025\/12\/83970952.webp\" width=\"147\" height=\"98\" title=\"Kan sl\u00e5 rekord fra 1971\" alt=\"\" class=\"lazyload\" style=\"--aspect-ratio-image: 1.50; \"\/><\/p>\n<p>        Kan sl\u00e5 rekord fra 1971<\/p>\n<p>    <\/a><\/p>\n<p>Meteorologene pekte p\u00e5 at dette ikke bare gjelder enkeltomr\u00e5der, men store deler av landet, og at ogs\u00e5 steder som normalt har en stabil vinter kan oppleve at sn\u00f8en forsvinner i l\u00f8pet av jula.\u00a0<\/p>\n<p>De beskrev situasjonen som et uttrykk for et vedvarende v\u00e6rregime som holder temperaturene p\u00e5 plussiden og skyver vinterf\u00f8lelsen p\u00e5 vent.<\/p>\n<p>        <img loading=\"lazy\" decoding=\"async\" src=\"https:\/\/www.europesays.com\/no\/wp-content\/uploads\/2025\/12\/83986052.webp\" width=\"686\" height=\"392\" title=\"EKSPERTENE: Meteorolog Marit Berger og kollegene viser hvordan de jobber p\u00e5 Meteorologisk institutt. Foto: Lars Eivind Bones \/ Dagbladet\" alt=\"\" class=\"\" style=\"--aspect-ratio-image: 1.75; \"\/><\/p>\n<p>\n        EKSPERTENE: Meteorolog Marit Berger og kollegene viser hvordan de jobber p\u00e5 Meteorologisk institutt. Foto: Lars Eivind Bones \/ Dagbladet\n    <\/p>\n<p>De st\u00f8rste utfordringene  <\/p>\n<p>Naturr\u00e5dgiver Martin Eggen i BirdLife Norge, tidligere kjent som Norsk Ornitologisk Forening (NOF), sier at de st\u00f8rste utfordringene ligger i konsekvensene av ustabile vintre.<\/p>\n<p>&#8211; Mildv\u00e6r som etterf\u00f8lges av kulde og ising p\u00e5 bakken kan gj\u00f8re det vanskelig \u00e5 f\u00e5 tak i mat, b\u00e5de for fugler og for sm\u00e5gnagere, forteller han Dagbladet.<\/p>\n<p>        <img loading=\"lazy\" decoding=\"async\" itemprop=\"image\" src=\"https:\/\/www.europesays.com\/no\/wp-content\/uploads\/2025\/12\/83985979.webp\" width=\"180\" height=\"180\" alt=\"Martin Eggen\"\/><\/p>\n<p>            Martin Eggen<br \/>\n            Martin<br \/>\n            Eggen        <\/p>\n<p>Naturr\u00e5dgiver i BirdLife Norge.<\/p>\n<p>Han forklarer at dette kan f\u00e5 ringvirkninger langt utover enkeltarter.<\/p>\n<p>&#8211; Sm\u00e5gnagere er en n\u00f8kkelressurs i mange \u00f8kosystemer, og n\u00e5r de f\u00e5r problemer, rammer det arter som er avhengige av dem, blant annet ugler og rovfugler.<\/p>\n<p>        <img loading=\"lazy\" decoding=\"async\" src=\"https:\/\/www.europesays.com\/no\/wp-content\/uploads\/2025\/12\/83986099.webp\" width=\"980\" height=\"559\" title=\"MINDRE OG MINDRE: Meteorologisk institutts kart over sn\u00f8 p\u00e5 julaften for perioden 1961-1990 og 1991-2020. Kartet viser at omr\u00e5det hvor det n\u00e6rmest er garantert hvit jul, krymper. Foto: Meteorologisk institutt\" alt=\"\" class=\"\" style=\"--aspect-ratio-image: 1.75; \"\/><\/p>\n<p>\n        MINDRE OG MINDRE: Meteorologisk institutts kart over sn\u00f8 p\u00e5 julaften for perioden 1961-1990 og 1991-2020. Kartet viser at omr\u00e5det hvor det n\u00e6rmest er garantert hvit jul, krymper. Foto: Meteorologisk institutt\n    <\/p>\n<p>Kan ikke fly langt nok  <\/p>\n<p>Ogs\u00e5 endringer i samspillet mellom planter, insekter og fugler vekker bekymring.<\/p>\n<p>&#8211; Fugler er avhengige av at det er rikelig med insekter n\u00e5r ungene klekkes, sier han.<\/p>\n<p>        <img loading=\"lazy\" decoding=\"async\" src=\"https:\/\/www.europesays.com\/no\/wp-content\/uploads\/2025\/12\/83986427.webp\" width=\"980\" height=\"559\" title=\"TRENGER SN\u00d8: Gnagere bruker sn\u00f8en som b\u00e5de isolasjon og dekke for \u00e5 komme seg unna rovdyr. Foto: Shutterstock\" alt=\"\" class=\"\" style=\"--aspect-ratio-image: 1.75; \"\/><\/p>\n<p>\n        TRENGER SN\u00d8: Gnagere bruker sn\u00f8en som b\u00e5de isolasjon og dekke for \u00e5 komme seg unna rovdyr. Foto: Shutterstock\n    <\/p>\n<p>Ogs\u00e5 han sier at hvis flere fugler overvintrer lenger nord enn f\u00f8r, kan det bli krevende dersom v\u00e6ret plutselig endrer seg.<\/p>\n<p>&#8211; S\u00e6rlig gjelder dette mellomdistansetrekkere som ikke trekker langt s\u00f8rover i Europa, sier Eggen.<\/p>\n<p>Eggen p\u00e5peker at mens slike arter kan f\u00e5 \u00f8kt vinteroverlevelse og utvide utbredelsen sin, kan fugler som er tilpasset et arktisk klima m\u00f8te stadig st\u00f8rre utfordringer i et mildere og mer ustabilt vinterklima.<\/p>\n<p>        REGN, REGN: Det er ventet mer regn enn det som allerede har kommet p\u00e5 S\u00f8rvestlandet 15. desember, og Varsom.no har justert til oransje farevarsel. Reporter: Christina H. Korneliussen<\/p>\n<p>Kan bli et sjeldent syn  <\/p>\n<p>Dagbladet har tidligere omtalt hvordan klimaforskere advarer mot at Norge beveger seg mot et klima der vinteren blir kortere, v\u00e5tere og langt mer uforutsigbar.\u00a0<\/p>\n<p>Klimaforsker Helga Therese Tilley Tajet har <a href=\"https:\/\/www.dagbladet.no\/nyheter\/hvit-jul-bare-50-prosent-sjanse\/83942564\" rel=\"nofollow noopener\" target=\"_blank\">fortalt at utviklingen neppe vil snu<\/a>.\u00a0<\/p>\n<p>&#8211; Det generelle bildet er at sn\u00f8en kommer seinere, fordi temperaturene vil fortsette \u00e5 \u00f8ke. Sesongen med sn\u00f8 blir kortere, sa Tajet.<\/p>\n<p>    <a itemprop=\"url\" href=\"https:\/\/www.dagbladet.no\/nyheter\/hvit-jul-bare-50-prosent-sjanse\/83942564\" rel=\"nofollow noopener\" target=\"_blank\"><\/p>\n<p>        <img loading=\"lazy\" decoding=\"async\" src=\"https:\/\/www.europesays.com\/no\/wp-content\/uploads\/2025\/12\/1765806321_255_83942641.webp\" width=\"147\" height=\"100\" title=\"Hvit jul: Bare 50 prosent sjanse\" alt=\"\" class=\"lazyload\" style=\"--aspect-ratio-image: 1.47; \"\/><\/p>\n<p>        Hvit jul: Bare 50 prosent sjanse<\/p>\n<p>    <\/a><\/p>\n<p class=\"font-weight-bold m-font-weight-bold\" data-lab-font_weight=\"font-weight-bold\">Dersom klimagassutslippene fortsetter \u00e5 \u00f8ke, kan hvit jul etter hvert bli et sjeldent syn i store deler av landet.<\/p>\n<p>&#8211; Det er stor sjanse for at hvit jul i framtida stort sett vil forekomme p\u00e5 fjellet og i indre str\u00f8k av Nord-Norge, sier klimaforskeren.<\/p>\n","protected":false},"excerpt":{"rendered":"Kort fortalt Vinteren i Norge er uvanlig varm, med fugler som kvitrer og gress som gror i desember.&hellip;\n","protected":false},"author":2,"featured_media":113804,"comment_status":"","ping_status":"","sticky":false,"template":"","format":"standard","meta":{"footnotes":""},"categories":[10],"tags":[20,21,24,25,92,15,22,23,13,30,28,29,14,16,83,26,27],"class_list":{"0":"post-113803","1":"post","2":"type-post","3":"status-publish","4":"format-standard","5":"has-post-thumbnail","7":"category-norge","8":"tag-breaking-news","9":"tag-breakingnews","10":"tag-featured-news","11":"tag-featurednews","12":"tag-fotball","13":"tag-headlines","14":"tag-latest-news","15":"tag-latestnews","16":"tag-news","17":"tag-no","18":"tag-norge","19":"tag-norway","20":"tag-nyheter","21":"tag-overskrifter","22":"tag-sport","23":"tag-top-stories","24":"tag-topstories"},"share_on_mastodon":{"url":"https:\/\/pubeurope.com\/@no\/115723889982923076","error":""},"_links":{"self":[{"href":"https:\/\/www.europesays.com\/no\/wp-json\/wp\/v2\/posts\/113803","targetHints":{"allow":["GET"]}}],"collection":[{"href":"https:\/\/www.europesays.com\/no\/wp-json\/wp\/v2\/posts"}],"about":[{"href":"https:\/\/www.europesays.com\/no\/wp-json\/wp\/v2\/types\/post"}],"author":[{"embeddable":true,"href":"https:\/\/www.europesays.com\/no\/wp-json\/wp\/v2\/users\/2"}],"replies":[{"embeddable":true,"href":"https:\/\/www.europesays.com\/no\/wp-json\/wp\/v2\/comments?post=113803"}],"version-history":[{"count":0,"href":"https:\/\/www.europesays.com\/no\/wp-json\/wp\/v2\/posts\/113803\/revisions"}],"wp:featuredmedia":[{"embeddable":true,"href":"https:\/\/www.europesays.com\/no\/wp-json\/wp\/v2\/media\/113804"}],"wp:attachment":[{"href":"https:\/\/www.europesays.com\/no\/wp-json\/wp\/v2\/media?parent=113803"}],"wp:term":[{"taxonomy":"category","embeddable":true,"href":"https:\/\/www.europesays.com\/no\/wp-json\/wp\/v2\/categories?post=113803"},{"taxonomy":"post_tag","embeddable":true,"href":"https:\/\/www.europesays.com\/no\/wp-json\/wp\/v2\/tags?post=113803"}],"curies":[{"name":"wp","href":"https:\/\/api.w.org\/{rel}","templated":true}]}}