{"id":113811,"date":"2025-12-15T14:01:27","date_gmt":"2025-12-15T14:01:27","guid":{"rendered":"https:\/\/www.europesays.com\/no\/113811\/"},"modified":"2025-12-15T14:01:27","modified_gmt":"2025-12-15T14:01:27","slug":"salget-av-lysterapiprodukter-tar-av","status":"publish","type":"post","link":"https:\/\/www.europesays.com\/no\/113811\/","title":{"rendered":"Salget av lysterapiprodukter tar av"},"content":{"rendered":"<p>    Kort fortalt<\/p>\n<p lang=\"nb-NO\">Mangel p\u00e5 sollys i S\u00f8r-Norge f\u00f8rer til \u00f8kt salg av lysterapiprodukter.<\/p>\n<p lang=\"nb-NO\">Elkj\u00f8p rapporterer en salgs\u00f8kning p\u00e5 nesten 50 prosent sammenliknet med fjor\u00e5ret.<\/p>\n<p lang=\"nb-NO\">Ekspert St\u00e5le Pallesen forklarer at lysterapilamper kan hjelpe med d\u00f8gnrytme og hum\u00f8r.<\/p>\n<p lang=\"nb-NO\">Han advarer om at riktig bruk er viktig for \u00e5 unng\u00e5 negative effekter.<\/p>\n<p class=\"italic ai-disclaimer\" data-lab-italic=\"italic\">Sammendraget er laget av ChatGPT og godkjent av DinSide.<\/p>\n<p>      Vis mer<br \/>\n      Vis mindre<\/p>\n<p>Forel\u00f8pig er det lite som minner om julestemning utafor vinduet v\u00e6rmessig. S\u00f8r-Norge m\u00e5 h\u00f8yst <a href=\"https:\/\/www.dagbladet.no\/nyheter\/det-er-bare-a-beklage\/83958120\" target=\"_blank\" rel=\"nofollow noopener\">sannsynlig lengte lenge etter hvit jul<\/a>.\u00a0<\/p>\n<p>Likevel dominerer m\u00f8rketida. Dagene byr p\u00e5 minimalt med dagslys, og n\u00e5r lyset f\u00f8rst kommer blir det stort sett levert som gr\u00e5tt og v\u00e5tt.\u00a0<\/p>\n<p>I de aller fleste delene av landet m\u00e5 du i disse dager se langt etter solstr\u00e5ler. Tirsdag skrev lokalavisa <a href=\"https:\/\/www.tv2.no\/nyheter\/innenriks\/flere-kjoper-dette-i-vintermorket\/18372939\/\" target=\"_blank\" rel=\"nofollow noopener\">V\u00e5rt Oslo<\/a> at blant annet hovedstaden bare har sett 12 minutter sollys totalt i l\u00f8pet av desember.\u00a0<\/p>\n<p>N\u00e5 opplever flere butikkjeder at nordmenn derfor ser seg etter alternative l\u00f8sninger.\u00a0<\/p>\n<p>    <a itemprop=\"url\" href=\"https:\/\/dinside.dagbladet.no\/fritid\/advarer-kan-gjore-deg-eldre\/83702356\" rel=\"nofollow noopener\" target=\"_blank\"><\/p>\n<p>        <img loading=\"lazy\" decoding=\"async\" src=\"https:\/\/www.europesays.com\/no\/wp-content\/uploads\/2025\/12\/83703282.webp\" width=\"980\" height=\"441\" title=\"Advarer: Kan gj\u00f8re deg eldre\" alt=\"\" class=\"lazyload\" style=\"--aspect-ratio-image: 2.22; \"\/><\/p>\n<p>        Advarer: Kan gj\u00f8re deg eldre<\/p>\n<p>    <\/a><\/p>\n<p>Flere tar grep\t<\/p>\n<p>Salget av lysterapiprodukter tar nemlig av om dagen, if\u00f8lge blant annet Elkj\u00f8p.\u00a0<\/p>\n<p>&#8211;\u00a0Vi ser at folk er lei m\u00f8rket. Med s\u00e5 lite sol- og dagslys som vi har hatt de siste dagene, tyr langt flere enn f\u00f8r til kunstig lys og varme, sier\u00a0Helle Bostad Virik i Elkj\u00f8p.\u00a0<\/p>\n<p>        <img loading=\"lazy\" decoding=\"async\" itemprop=\"image\" src=\"https:\/\/www.europesays.com\/no\/wp-content\/uploads\/2025\/12\/83976773.webp\" width=\"180\" height=\"180\" alt=\"&lt;br&gt;Helle Bostad Virik\"\/><\/p>\n<p>Helle Bostad Virik<br \/>\n            <br \/>Helle<br \/>\n            Bostad Virik        <\/p>\n<p>Assisterende salgssjef for personlig pleie i Elkj\u00f8p Norge<\/p>\n<p>Salget av lysterapiprodukter har \u00f8kt betydelig i \u00e5r, med en vekst p\u00e5 nesten 50 prosent mot samme periode i fjor hos elektronikkjeden.\u00a0<\/p>\n<p>        <img loading=\"lazy\" decoding=\"async\" src=\"https:\/\/www.europesays.com\/no\/wp-content\/uploads\/2025\/12\/83977282.webp\" width=\"686\" height=\"604\" title=\"TAR AV: Elkj\u00f8p melder om at flere tyr til s\u00e5kalte lysterapilamper som skal likne dagslys. Foto: Elkj\u00f8p\" alt=\"\" class=\"\" style=\"--aspect-ratio-image: 1.14; \"\/><\/p>\n<p>\n        TAR AV: Elkj\u00f8p melder om at flere tyr til s\u00e5kalte lysterapilamper som skal likne dagslys. Foto: Elkj\u00f8p\n    <\/p>\n<p>Hos hovedkonkurrenten Power har salget holdt seg stabilt den siste tida.\u00a0<\/p>\n<p>&#8211; Vi ser en liten \u00f8kning i m\u00f8rkere tider, og flere kj\u00f8per slike lamper for \u00e5 sikre seg dagslys &#8211; b\u00e5de til kontorpulten og hjemme p\u00e5 nattbordet, sier Silje Ensrud i Power.<\/p>\n<p>        <img loading=\"lazy\" decoding=\"async\" itemprop=\"image\" src=\"https:\/\/www.europesays.com\/no\/wp-content\/uploads\/2025\/12\/83976776.webp\" width=\"180\" height=\"180\" alt=\"&lt;br&gt;Silje Ensrud\"\/><\/p>\n<p>Silje Ensrud<br \/>\n            <br \/>Silje<br \/>\n            Ensrud        <\/p>\n<p>Nordisk PR- og kommunikasjonssjef i Power<\/p>\n<p>Kobles til varm vinter\u00a0\t<\/p>\n<p>Ogs\u00e5 hos Clas Ohlson har de merket den voksende interessen &#8211; der salget av lysterapilamper har \u00f8kt jevnt de siste \u00e5ra.\u00a0<\/p>\n<p>&#8211; Vi har hatt en \u00f8kning p\u00e5 17 prosent hittil i \u00e5r, sammenliknet med samme periode i fjor, sier\u00a0pressekontakt Anders Wahl.\u00a0<\/p>\n<p>Han kobler det til et st\u00f8rre fokus p\u00e5 helse og velv\u00e6re den siste tida, der hele kategorien vokser hos kjeden.\u00a0<\/p>\n<p>&#8211; \u00d8kningen i salget kan nok ogs\u00e5 ha en kobling til den varme vinteren vi ser n\u00e5. N\u00e5r det er lite eller ingen sn\u00f8 blir det jo m\u00f8rkere, og vi har kunder som uttrykker at de virkelig trenger lysterapilamper n\u00e5 n\u00e5r det er s\u00e5 m\u00f8rkt.\u00a0<\/p>\n<p><a href=\"https:\/\/www.tv2.no\/nyheter\/innenriks\/flere-kjoper-dette-i-vintermorket\/18372939\/\" target=\"_blank\" rel=\"nofollow noopener\">TV 2<\/a> omtalte \u00f8kningen f\u00f8rst.\u00a0<\/p>\n<p>        S\u00d8VNMETODE: &laquo;The Scandinavian sleep method&raquo; trender p\u00e5 TikTok. Dette sier ekspertene om metoden! Video: TikTok \/ Embla Hjort-Larsen \/ Storyblocks. <\/p>\n<p>Tre effekter\t<\/p>\n<p>Wahl f\u00e5r st\u00f8tte fra en av landets fremste eksperter p\u00e5 s\u00f8vn, St\u00e5le Pallesen.\u00a0<\/p>\n<p>Han peker p\u00e5 at lysterapiprodukter som skal likne dagslys s\u00e6rlig har tre effekter:\u00a0<\/p>\n<ul>\n<li class=\"lab-bodytext-line\">Umiddelbar aktiverende og v\u00e5kenhetsskapende effekt\u00a0<\/li>\n<li class=\"lab-bodytext-line\">Antidepressiv effekt\u00a0<\/li>\n<li class=\"lab-bodytext-line\">Effekt p\u00e5 d\u00f8gnrytmen\u00a0<\/li>\n<\/ul>\n<p>&#8211; Den indre klokka i hjernen v\u00e5r har for de fleste en periode som er litt lengre enn 24 timer. Det betyr at hvis klokka ikke blir justert s\u00e5nn som den m\u00e5 hver eneste dag, og der dagslys er den viktigste justeringsfaktoren, s\u00e5 vil en typisk kunne bli forsinket, alts\u00e5 mer et B-menneske fra start.\u00a0<\/p>\n<p>        <img loading=\"lazy\" decoding=\"async\" itemprop=\"image\" src=\"https:\/\/www.europesays.com\/no\/wp-content\/uploads\/2025\/12\/83977286.webp\" width=\"180\" height=\"180\" alt=\"&lt;br&gt;St\u00e5le Pallesen\"\/><\/p>\n<p>St\u00e5le Pallesen<br \/>\n            <br \/>St\u00e5le<br \/>\n            Pallesen        <\/p>\n<p>Professor i psykologi ved Universitetet i Bergen<\/p>\n<p>Pallesen har selv forsket p\u00e5 s\u00f8vn og s\u00f8vnforstyrrelser. Han forklarer at vinteren og m\u00f8rketida kan ha virkning p\u00e5 oss mennesker p\u00e5 flere m\u00e5ter.<\/p>\n<p>&#8211; Det er veldig f\u00e5 personer som kan utvikle full vinterdepresjon, mens de fleste som merker negative effekter av m\u00f8rketida opplever milde symptomer. Energifattighet, mer tr\u00f8tt og noe \u00f8kt s\u00f8thunger for eksempel. Mindre dagslys kan ogs\u00e5 p\u00e5virke d\u00f8gnrytmen, noe som gj\u00f8r at mange opplever at det er vanskeligere \u00e5 v\u00e5kne om morgenen p\u00e5 vinteren.\u00a0<\/p>\n<p>    <a itemprop=\"url\" href=\"https:\/\/dinside.dagbladet.no\/mobil\/advarer-kan-forverre-sovnen\/83689008\" rel=\"nofollow noopener\" target=\"_blank\"><\/p>\n<p>        <img loading=\"lazy\" decoding=\"async\" src=\"https:\/\/www.europesays.com\/no\/wp-content\/uploads\/2025\/12\/83691083.webp\" width=\"980\" height=\"441\" title=\"Advarer: Kan forverre s\u00f8vnen\" alt=\"\" class=\"lazyload\" style=\"--aspect-ratio-image: 2.22; \"\/><\/p>\n<p>        Advarer: Kan forverre s\u00f8vnen<\/p>\n<p>    <\/a><\/p>\n<p>Med andre ord spiller lys en rolle p\u00e5 flere plan. Pallesen beskriver det som den viktigste faktoren for \u00e5 justere d\u00f8gnrytmen.\u00a0<\/p>\n<p>Derfor kan slike lamper v\u00e6re til hjelp n\u00e5r det er manko p\u00e5 det.\u00a0<\/p>\n<p>&#8211; Noen kan nok oppleve \u00e5 f\u00e5 energi ganske raskt, og f\u00e5 overskudd av det n\u00e5r de er ferdig \u00e5 bruke lyset. Der det er snakk om vinterdepresjon med tyngre nedstemthet, vil det kanskje ta noe lengre tid.\u00a0<\/p>\n<p>        \u00d8DELEGGER S\u00d8VN: Det kan godt hende at du drikker for mye vann enn du egentlig trenger. Video: Embla Hjort-Larsen \/ Storyblocks<\/p>\n<p>&#8211; Mange som ikke vet\t<\/p>\n<p>Selv om produktene kan ha effekt, b\u00f8r du imidlertid tenke deg om f\u00f8r du bruker dem, og hvilke du bruker.\u00a0<\/p>\n<p>&#8211; Det er mange d\u00e5rlige produkter p\u00e5 markedet, og det er mange som ikke vet n\u00e5r de skal bruke lyset. Skal du f\u00e5 effekt i forhold til d\u00f8gnrytme, slik som de fleste trenger, er det typisk de f\u00f8rste timene etter at du v\u00e5kner av deg sj\u00f8l spontant du b\u00f8r bruke det, mener Pallesen.\u00a0<\/p>\n<p>Hvis du v\u00e5kner av deg selv klokka ti i helgene, b\u00f8r du derfor ikke begynne \u00e5 bruke lysterapi f\u00f8r klokka ni i hverdagen, if\u00f8lge professoren.\u00a0<\/p>\n<p>&#8211; Bruker du det mye tidligere enn det, s\u00e5 bruker du det egentlig f\u00f8r din biologiske morgen starter, og det vil kunne forsinke d\u00f8gnrytmen din.\u00a0<\/p>\n<p>    <a itemprop=\"url\" href=\"https:\/\/dinside.dagbladet.no\/fritid\/advarer-vent-60-minutter\/82843687\" rel=\"nofollow noopener\" target=\"_blank\"><\/p>\n<p>        <img loading=\"lazy\" decoding=\"async\" src=\"https:\/\/www.europesays.com\/no\/wp-content\/uploads\/2025\/12\/82841556.webp\" width=\"980\" height=\"441\" title=\"Advarer: Vent 60 minutter\" alt=\"\" class=\"lazyload\" style=\"--aspect-ratio-image: 2.22; \"\/><\/p>\n<p>        Advarer: Vent 60 minutter<\/p>\n<p>    <\/a><\/p>\n<p>Det samme gjelder om du bruker det seint p\u00e5 ettermiddagen eller kvelden.<\/p>\n<p>&#8211; Ofte kan det gi motsatt effekt av det som opprinnelig er \u00f8nskelig.\u00a0<\/p>\n<p> For \u00e5 holde d\u00f8gnrytmen i balanse, trenger du minst 1000 lux i 30 minutter hver dag. <\/p>\n<p>Professoren p\u00e5peker ogs\u00e5 at det er viktig \u00e5 sjekke at produktet gir en viss mengde lux, og hvor stor lysintensitet lampen gir p\u00e5 en passende sitteavstand.\u00a0<\/p>\n<p>&#8211; Det viktigste m\u00e5leinnheten for hva som er en god lampe er hvor mye lys som treffer \u00f8ynene p\u00e5 en adekvat sitteavstand, rundt 40-50 centimeter. Mange av disse produktene markedsf\u00f8res med at lampen gir god effekt (h\u00f8y lux), men det st\u00e5r ingenting om hvilken avstand det er m\u00e5lt p\u00e5. Det kan ofte v\u00e6re bare ti centimeter.\u00a0<\/p>\n<p>&#8211; Den b\u00f8r gi minst 5000 p\u00e5 rundt 40 til 50 centimeter. Til en viss grad m\u00e5 du ogs\u00e5 ha blikket vendt litt mot lampen, legger Pallesen til.\u00a0<\/p>\n<p>    <a itemprop=\"url\" href=\"https:\/\/dinside.dagbladet.no\/bolig\/knuser-sovnmyte\/80795716\" rel=\"nofollow noopener\" target=\"_blank\"><\/p>\n<p>        <img loading=\"lazy\" decoding=\"async\" src=\"https:\/\/www.europesays.com\/no\/wp-content\/uploads\/2025\/12\/80812114.webp\" width=\"147\" height=\"98\" title=\"Knuser s\u00f8vnmyte\" alt=\"\" class=\"lazyload\" style=\"--aspect-ratio-image: 1.50; \"\/><\/p>\n<p>        Knuser s\u00f8vnmyte<\/p>\n<p>    <\/a><\/p>\n<p>Samtidig kan ikke slike produkter erstatte dagslyset.\u00a0<\/p>\n<p>&#8211; Det beste er \u00e5 bruke dagslys hvis du har tilgang til det. Det lyset du f\u00e5r ute vil som regel v\u00e6re mye sterkere enn det en lampe kan gi, s\u00e5 du kan som regel g\u00e5 ut og eksponere deg, og f\u00e5 en vel s\u00e5 god effekt.\u00a0<\/p>\n","protected":false},"excerpt":{"rendered":"Kort fortalt Mangel p\u00e5 sollys i S\u00f8r-Norge f\u00f8rer til \u00f8kt salg av lysterapiprodukter. Elkj\u00f8p rapporterer en salgs\u00f8kning p\u00e5&hellip;\n","protected":false},"author":2,"featured_media":113812,"comment_status":"","ping_status":"","sticky":false,"template":"","format":"standard","meta":{"footnotes":""},"categories":[10],"tags":[20,21,13856,7861,24,25,728,15,22,23,4728,13855,13,30,28,29,14,16,10013,5507,26,27,13857],"class_list":{"0":"post-113811","1":"post","2":"type-post","3":"status-publish","4":"format-standard","5":"has-post-thumbnail","7":"category-norge","8":"tag-breaking-news","9":"tag-breakingnews","10":"tag-clas-ohlson","11":"tag-elkjop","12":"tag-featured-news","13":"tag-featurednews","14":"tag-fritid","15":"tag-headlines","16":"tag-latest-news","17":"tag-latestnews","18":"tag-lys","19":"tag-morketid","20":"tag-news","21":"tag-no","22":"tag-norge","23":"tag-norway","24":"tag-nyheter","25":"tag-overskrifter","26":"tag-power","27":"tag-sovn","28":"tag-top-stories","29":"tag-topstories","30":"tag-vinterdepresjon"},"share_on_mastodon":{"url":"https:\/\/pubeurope.com\/@no\/115723953056919051","error":""},"_links":{"self":[{"href":"https:\/\/www.europesays.com\/no\/wp-json\/wp\/v2\/posts\/113811","targetHints":{"allow":["GET"]}}],"collection":[{"href":"https:\/\/www.europesays.com\/no\/wp-json\/wp\/v2\/posts"}],"about":[{"href":"https:\/\/www.europesays.com\/no\/wp-json\/wp\/v2\/types\/post"}],"author":[{"embeddable":true,"href":"https:\/\/www.europesays.com\/no\/wp-json\/wp\/v2\/users\/2"}],"replies":[{"embeddable":true,"href":"https:\/\/www.europesays.com\/no\/wp-json\/wp\/v2\/comments?post=113811"}],"version-history":[{"count":0,"href":"https:\/\/www.europesays.com\/no\/wp-json\/wp\/v2\/posts\/113811\/revisions"}],"wp:featuredmedia":[{"embeddable":true,"href":"https:\/\/www.europesays.com\/no\/wp-json\/wp\/v2\/media\/113812"}],"wp:attachment":[{"href":"https:\/\/www.europesays.com\/no\/wp-json\/wp\/v2\/media?parent=113811"}],"wp:term":[{"taxonomy":"category","embeddable":true,"href":"https:\/\/www.europesays.com\/no\/wp-json\/wp\/v2\/categories?post=113811"},{"taxonomy":"post_tag","embeddable":true,"href":"https:\/\/www.europesays.com\/no\/wp-json\/wp\/v2\/tags?post=113811"}],"curies":[{"name":"wp","href":"https:\/\/api.w.org\/{rel}","templated":true}]}}