{"id":113817,"date":"2025-12-15T14:08:09","date_gmt":"2025-12-15T14:08:09","guid":{"rendered":"https:\/\/www.europesays.com\/no\/113817\/"},"modified":"2025-12-15T14:08:09","modified_gmt":"2025-12-15T14:08:09","slug":"nyheter-politi-politiet-ber-om-hjelp-i-drapssak","status":"publish","type":"post","link":"https:\/\/www.europesays.com\/no\/113817\/","title":{"rendered":"Nyheter, Politi | Politiet ber om hjelp i drapssak"},"content":{"rendered":"\n<p><a rel=\"Follow nofollow noopener\" href=\"https:\/\/www.ba.no\/politioppbud-i-asane-uklare-omstendigheter\/s\/5-8-3192467\" target=\"_blank\">En kvinne i 50-\u00e5rene ble funnet livl\u00f8s i sitt hjem 16. oktober i Alver kommune.<\/a><\/p>\n<p>Hun d\u00f8de senere p\u00e5 sykehuset. Politiet mener at hun ble kvalt. Hennes svigers\u00f8nn, en mann i 30-\u00e5rene, <a rel=\"Follow nofollow noopener\" href=\"https:\/\/www.ba.no\/kvinne-omkom-mann-siktet-for-drapsforsok\/s\/5-8-3194544\" target=\"_blank\">er siktet for drapet.<\/a><\/p>\n<p>Han nekter straffskyld, og hevder at han var p\u00e5 fjelltur i \u00c5sane da svigermoren ble funnet bevisstl\u00f8s i sitt eget hjem.<\/p>\n<p><b>Politiet har tidligere etterlyst en syklist som ble avbildet p\u00e5 Den Trondhjemske postvei torsdag 16. oktober. N\u00e5 g\u00e5r de ut med et bilde som er tatt av denne personen.<\/b><\/p>\n<p>\u2013 Et vitne har tatt bilde som viser en person som triller en sykkel opp Postveien i retning Falkangervegen\/Hordvik torsdag 16. oktober klokken 1811, skriver politiet i en pressemelding &#8211; og ber om hjelp til \u00e5 identifisere vedkommende.<\/p>\n<p>G\u00e5r ut med flere bilder<\/p>\n<p><a rel=\"Follow nofollow noopener\" href=\"https:\/\/www.ba.no\/drapsmysterium-en-telefonsamtale-og-forsvunnet-sykkel\/s\/5-8-3254159\" target=\"_blank\">Sentralt i etterforskningen st\u00e5r en svart sykkel som siktede skal ha hatt. <\/a><\/p>\n<p>Han har gang p\u00e5 gang blitt spurt om hvor sykkelen hans er. Svaret har v\u00e6rt et han ikke husker n\u00e5r sykkelen sist ble brukt, men at den kan ha blitt stj\u00e5let fra boligen hans i Arna.<\/p>\n<p>   <img decoding=\"async\" width=\"510\" height=\"410\" fetchpriority=\"low\"  loading=\"lazy\"  src=\"https:\/\/www.europesays.com\/no\/wp-content\/uploads\/2025\/12\/image003.jpg\" alt=\"\" class=\"brick-c-cFOWSL\" style=\"--brick-image-ratio: 510 \/ 410;\"\/><\/p>\n<p>      Politiet har tidligere etterlyst en slik m\u00f8rk sykkel med bukkestyre.<br \/>\n      Foto: POLITIET\n    <\/p>\n<p>Politiet unders\u00f8ker om han kan ha syklet fra \u00c5sane til Frekhaug og tilbake.<\/p>\n<p><b>I tillegg til bildet av syklisten, g\u00e5r politiet ut med bilder av en person observert om kvelden 10. oktober.<\/b><\/p>\n<p>   <img decoding=\"async\" width=\"627\" height=\"514\" fetchpriority=\"low\"  loading=\"lazy\"  src=\"https:\/\/www.europesays.com\/no\/wp-content\/uploads\/2025\/12\/image001.png\" alt=\"\" class=\"brick-c-cFOWSL\" style=\"--brick-image-ratio: 627 \/ 514;\"\/><\/p>\n<p>      Stillbilde fra en video tatt 10. oktober.<br \/>\n      Foto: Politiet\n    <\/p>\n<p>Bakgrunnen er en rundsp\u00f8rring i omr\u00e5det rundt \u00e5stedet i Holmemarka.<\/p>\n<p>\u2013 Et av vitnene som politiet var i kontakt med overleverte en video fra et bilkamera. Politiet \u00f8nsker \u00e5 f\u00e5 identifisert personen i videoklippet, skriver Vest politidistrikt.<\/p>\n<p>Opptaket er alts\u00e5 gjort seks dager f\u00f8r kvinnen ble funnet livl\u00f8s. Vedkommende har omtrent samme bekledning som personen med sykkelen.<\/p>\n<p>\u2013 Dersom noen kjenner igjen eller har andre observasjoner av personen p\u00e5 videoen bes de ta kontakt med politiet.<\/p>\n<p>Siktede er informert<\/p>\n<p>Eli Valheim er p\u00e5taleansvarlig i saken. Hun opplyser at siktede har f\u00e5tt sett b\u00e5de videoen og bildet i avh\u00f8r.<\/p>\n<p>\u2013 Han er kjent med at vi n\u00e5 g\u00e5r ut med dette, sier hun.<\/p>\n<p>\u2013 Tror dere at bildet og videoen viser samme person?<\/p>\n<p>\u2013 N\u00e5r vi n\u00e5 g\u00e5r ut med dette, f\u00e5r vi se om vi f\u00e5r respons fra noen som kjenner disse igjen. Vi kan ikke si at det er samme person, men at det er personer vi finner interessante. Om det er samme person, vil tiden vise.<\/p>\n<p>Etterlyser fortsatt sykkel<\/p>\n<p>Politiet har tidligere etterlyst en m\u00f8rk sykkel med bukkestyre. Den er fortsatt etterlyst.<\/p>\n<p>Teorien er at sykkelen kan v\u00e6re etterlatt i omr\u00e5det Nordhordland, Bergen nord, Arna eller Oster\u00f8y.<\/p>\n<p>Dersom noen har sett den, \u00f8nsker fortsatt politiet at folk tar kontakt.<\/p>\n","protected":false},"excerpt":{"rendered":"En kvinne i 50-\u00e5rene ble funnet livl\u00f8s i sitt hjem 16. oktober i Alver kommune. Hun d\u00f8de senere&hellip;\n","protected":false},"author":2,"featured_media":113818,"comment_status":"","ping_status":"","sticky":false,"template":"","format":"standard","meta":{"footnotes":""},"categories":[10],"tags":[36,20,21,24,25,15,983,22,23,13,30,28,29,14,16,254,1510,26,27],"class_list":{"0":"post-113817","1":"post","2":"type-post","3":"status-publish","4":"format-standard","5":"has-post-thumbnail","7":"category-norge","8":"tag-art","9":"tag-breaking-news","10":"tag-breakingnews","11":"tag-featured-news","12":"tag-featurednews","13":"tag-headlines","14":"tag-krim","15":"tag-latest-news","16":"tag-latestnews","17":"tag-news","18":"tag-no","19":"tag-norge","20":"tag-norway","21":"tag-nyheter","22":"tag-overskrifter","23":"tag-politi","24":"tag-story","25":"tag-top-stories","26":"tag-topstories"},"share_on_mastodon":{"url":"https:\/\/pubeurope.com\/@no\/115723980501173767","error":""},"_links":{"self":[{"href":"https:\/\/www.europesays.com\/no\/wp-json\/wp\/v2\/posts\/113817","targetHints":{"allow":["GET"]}}],"collection":[{"href":"https:\/\/www.europesays.com\/no\/wp-json\/wp\/v2\/posts"}],"about":[{"href":"https:\/\/www.europesays.com\/no\/wp-json\/wp\/v2\/types\/post"}],"author":[{"embeddable":true,"href":"https:\/\/www.europesays.com\/no\/wp-json\/wp\/v2\/users\/2"}],"replies":[{"embeddable":true,"href":"https:\/\/www.europesays.com\/no\/wp-json\/wp\/v2\/comments?post=113817"}],"version-history":[{"count":0,"href":"https:\/\/www.europesays.com\/no\/wp-json\/wp\/v2\/posts\/113817\/revisions"}],"wp:featuredmedia":[{"embeddable":true,"href":"https:\/\/www.europesays.com\/no\/wp-json\/wp\/v2\/media\/113818"}],"wp:attachment":[{"href":"https:\/\/www.europesays.com\/no\/wp-json\/wp\/v2\/media?parent=113817"}],"wp:term":[{"taxonomy":"category","embeddable":true,"href":"https:\/\/www.europesays.com\/no\/wp-json\/wp\/v2\/categories?post=113817"},{"taxonomy":"post_tag","embeddable":true,"href":"https:\/\/www.europesays.com\/no\/wp-json\/wp\/v2\/tags?post=113817"}],"curies":[{"name":"wp","href":"https:\/\/api.w.org\/{rel}","templated":true}]}}