{"id":113821,"date":"2025-12-15T14:10:15","date_gmt":"2025-12-15T14:10:15","guid":{"rendered":"https:\/\/www.europesays.com\/no\/113821\/"},"modified":"2025-12-15T14:10:15","modified_gmt":"2025-12-15T14:10:15","slug":"stine-skogrand-sport-handballjentene-reagerer-pa-bildene-etter-vm-gullet","status":"publish","type":"post","link":"https:\/\/www.europesays.com\/no\/113821\/","title":{"rendered":"Stine Skogrand, Sport | H\u00e5ndballjentene reagerer p\u00e5 bildene etter VM-gullet"},"content":{"rendered":"\n<p><b><a href=\"https:\/\/www.nettavisen.no\/sport\/\" rel=\"Follow nofollow noopener\" target=\"_blank\">NETTAVISEN<\/a>:<\/b> Gullkonfettien har igjen landet p\u00e5 norske h\u00e5ndballjenter etter en dramatisk VM-finale mot Tyskland.<\/p>\n<p>Gullet gj\u00f8r Norge til regjerende verdensmester, europamester og olympisk mester, og krones total herred\u00f8mme i internasjonal kvinneh\u00e5ndball.<\/p>\n<p>Men under den h\u00f8ytidelige medaljeseremonien var det flere situasjoner som fikk seierskvinnene til \u00e5 reagere.<\/p>\n<p>Presidenten uteble<\/p>\n<p>For da Norge skulle f\u00e5 det synlige beviset p\u00e5 sitt VM-gull, var det ikke IHF-president Hassan Moustafa som delte ut medaljene. Det har v\u00e6rt vanlig prosedyre i tidligere mesterskap.<\/p>\n<p>   <img decoding=\"async\" width=\"8640\" height=\"5760\" fetchpriority=\"low\"  loading=\"lazy\"  src=\"https:\/\/www.europesays.com\/no\/wp-content\/uploads\/2025\/12\/cueres_scp-mangler_navn_Uhnfw7qQtlw.jpg\" alt=\"Rotterdam, Nederland 20251214. &#10;Emilie Margrethe Hovden, Stine Ruscetta Skogrand og Kristine Breist\u00f8l feirer gull med H\u00e5ndballjentene etter seier i finalen i h\u00e5ndball-VM for kvinner mot Tyskland i Ahoy Arena.&#10;Foto: Beate Oma Dahle \/ NTB\" class=\"brick-c-cFOWSL\" style=\"--brick-image-ratio: 8640 \/ 5760;\"\/><\/p>\n<p>      Bergenserne Emilie Margrethe Hovden (t.v.) og Stine Ruscetta Skogrand (i midten) feirer gull med H\u00e5ndballjentene sammen med Kristine Breist\u00f8l.<br \/>\n      Foto: Beate Oma Dahle\/NTB\n    <\/p>\n<p>Det var heller IHFs visepresident, Jo\u00ebl Delplanque, som hadde f\u00e5tt oppdraget.<\/p>\n<p><b>\u2013 Det reagerte vi litt p\u00e5. Det kan v\u00e6re gode grunner til at han ikke er her, s\u00e5, ja &#8230; Det er jo rart, mener Stine Skogrand til Nettavisen om at egypteren uteble. <\/b><\/p>\n<p>   <img decoding=\"async\" width=\"4757\" height=\"2675\" fetchpriority=\"low\"  loading=\"lazy\"  src=\"https:\/\/www.europesays.com\/no\/wp-content\/uploads\/2025\/12\/1765807814_468_NTB_J_Tbzf_qGg4.jpg\" alt=\"\" class=\"brick-c-cFOWSL\" style=\"--brick-image-ratio: 4757 \/ 2675;\"\/><\/p>\n<p>      Visepresident i IHF, Jo\u00ebl Delplanque, var hentet inn for \u00e5 erstatte president Hassan Moustafa.<br \/>\n      Foto: Beate Oma Dahle (NTB)\n    <\/p>\n<p>Nylig kunne IHF fortelle til dansk TV 2 at den kommende IHF-kongressen i Egypt har skapt problemer for presidenten, som stiller til gjenvalg i slutten av m\u00e5neden.<\/p>\n<p>\u2013 For \u00f8yeblikket, i tillegg til andre organisatoriske utfordringer, er det mer enn 30 visums\u00f8knader som enn\u00e5 ikke er utstedt og som fortsatt krever sikkerhetsgodkjenning, var deler av begrunnelsen i en uttalelse fra forbundet.<\/p>\n<p>Nettavisen har fors\u00f8kt \u00e5 f\u00e5 en kommentar fra forbundet ved flere anledninger, men har etter kampen f\u00e5tt beskjed om at de ikke kommer til \u00e5 kommentere situasjonen ytterligere.<\/p>\n<p>   <img decoding=\"async\" width=\"4143\" height=\"2330\" fetchpriority=\"low\"  loading=\"lazy\"  src=\"https:\/\/www.europesays.com\/no\/wp-content\/uploads\/2025\/12\/1765807815_26_NTB_JLQZAsPlB2w.jpg\" alt=\"\" class=\"brick-c-cFOWSL\" style=\"--brick-image-ratio: 4143 \/ 2330;\"\/><\/p>\n<p>      Foto: Beate Oma Dahle \/ NTB\n    <\/p>\n<p>Maren Aardahl har ogs\u00e5 sine tanker om Moustafas frav\u00e6r:<\/p>\n<p>\u2013 N\u00e5 vet ikke jeg &#8230; det f\u00f8rste jeg tenkte var at han var syk eller noe, det g\u00e5r ogs\u00e5 an, at han hadde blitt d\u00e5rlig. Jeg vet ikke.<\/p>\n<p>\u2013 Burde presidenten vist ansikt i dag?<\/p>\n<p>\u2013 Han burde jo det. Han begynner \u00e5 dra p\u00e5 \u00e5rene, s\u00e5 kanskje det er vanskelig for ham \u00e5 reise. Jeg vet ikke, forteller tr\u00f8nderen.<\/p>\n<p>\u2013 Men jeg synes han som ga oss medaljen gjorde en god jobb, bortsett fra da han hoppet over Nora, det var litt artig. Det var like f\u00f8r jeg m\u00e5tte gi henne medaljen.<\/p>\n<p>Aardahl kunne ogs\u00e5 fortelle at det er en tr\u00f8blete h\u00e6l som har plaget henne gjennom mesterskapet, og som gjorde at hun satt p\u00e5 benken under store deler av finalen.<\/p>\n<p>Marcus &amp; Martinus-sjokk<\/p>\n<p>I det trofeet ble l\u00f8ftet var det ikke klassiske \u00abWe are the champions\u00bb av Queen som runget over anlegget, men den norske superhiten \u00abElektrisk\u00bb av Marcus og Martinus, med hjelpende h\u00e5nd fra Petter Katastrofe.<\/p>\n<p>I skrivende stund har l\u00e5ten 129 280 327 avspillinger, og n\u00e5 er alts\u00e5 VM-finalen for kvinner en del av statistikken.<\/p>\n<p>   <img decoding=\"async\" width=\"6711\" height=\"4474\" fetchpriority=\"low\"  loading=\"lazy\"  src=\"https:\/\/www.europesays.com\/no\/wp-content\/uploads\/2025\/12\/cueres_scp-mangler_navn_dYqeO9ZKleY.jpg\" alt=\"Rotterdam, Nederland 20251215. &#10;Gullfest for H\u00e5ndballjentene etter seier i finalen og gull i h\u00e5ndball-VM for kvinner.&#10;Foto: Beate Oma Dahle \/ NTB\" class=\"brick-c-cFOWSL\" style=\"--brick-image-ratio: 6711 \/ 4474;\"\/><\/p>\n<p>      Det var god stemning p\u00e5 gullfesten.<br \/>\n      Foto: Beate Oma Dahle\/NTB\n    <\/p>\n<p>Flere av h\u00e5ndballjentene forteller selv i et intervju med Nettavisen at det p\u00e5 ingen m\u00e5te var deres valg.<\/p>\n<p>\u2013 De har kanskje s\u00f8kt p\u00e5 norske topphits, men det funket vel greit det. Vi har ikke hatt noen ting med det \u00e5 gj\u00f8re, forteller Nora M\u00f8rk og ler godt.<\/p>\n<p>Stine Ruscetta Skogrand forsto heller ikke mye da l\u00e5ten ble spilt over anlegget.<\/p>\n<p>\u2013 Det er vel fort den sangen de forbinder med nordmenn, men det gir god stemning det, sier hun avslutningsvis.<\/p>\n","protected":false},"excerpt":{"rendered":"NETTAVISEN: Gullkonfettien har igjen landet p\u00e5 norske h\u00e5ndballjenter etter en dramatisk VM-finale mot Tyskland. Gullet gj\u00f8r Norge til&hellip;\n","protected":false},"author":2,"featured_media":113386,"comment_status":"","ping_status":"","sticky":false,"template":"","format":"standard","meta":{"footnotes":""},"categories":[59],"tags":[36,9443,30,28,29,83,82,12445,1510],"class_list":{"0":"post-113821","1":"post","2":"type-post","3":"status-publish","4":"format-standard","5":"has-post-thumbnail","7":"category-sport","8":"tag-art","9":"tag-handball-vm","10":"tag-no","11":"tag-norge","12":"tag-norway","13":"tag-sport","14":"tag-sports","15":"tag-stine-skogrand","16":"tag-story"},"share_on_mastodon":{"url":"https:\/\/pubeurope.com\/@no\/115723988351346937","error":""},"_links":{"self":[{"href":"https:\/\/www.europesays.com\/no\/wp-json\/wp\/v2\/posts\/113821","targetHints":{"allow":["GET"]}}],"collection":[{"href":"https:\/\/www.europesays.com\/no\/wp-json\/wp\/v2\/posts"}],"about":[{"href":"https:\/\/www.europesays.com\/no\/wp-json\/wp\/v2\/types\/post"}],"author":[{"embeddable":true,"href":"https:\/\/www.europesays.com\/no\/wp-json\/wp\/v2\/users\/2"}],"replies":[{"embeddable":true,"href":"https:\/\/www.europesays.com\/no\/wp-json\/wp\/v2\/comments?post=113821"}],"version-history":[{"count":0,"href":"https:\/\/www.europesays.com\/no\/wp-json\/wp\/v2\/posts\/113821\/revisions"}],"wp:featuredmedia":[{"embeddable":true,"href":"https:\/\/www.europesays.com\/no\/wp-json\/wp\/v2\/media\/113386"}],"wp:attachment":[{"href":"https:\/\/www.europesays.com\/no\/wp-json\/wp\/v2\/media?parent=113821"}],"wp:term":[{"taxonomy":"category","embeddable":true,"href":"https:\/\/www.europesays.com\/no\/wp-json\/wp\/v2\/categories?post=113821"},{"taxonomy":"post_tag","embeddable":true,"href":"https:\/\/www.europesays.com\/no\/wp-json\/wp\/v2\/tags?post=113821"}],"curies":[{"name":"wp","href":"https:\/\/api.w.org\/{rel}","templated":true}]}}