{"id":113832,"date":"2025-12-15T14:23:12","date_gmt":"2025-12-15T14:23:12","guid":{"rendered":"https:\/\/www.europesays.com\/no\/113832\/"},"modified":"2025-12-15T14:23:12","modified_gmt":"2025-12-15T14:23:12","slug":"ahmed-al-ahmed-43-fra-sydney-er-helten-som-stoppet-skytteren","status":"publish","type":"post","link":"https:\/\/www.europesays.com\/no\/113832\/","title":{"rendered":"Ahmed al Ahmed (43) fra Sydney er helten som stoppet skytteren"},"content":{"rendered":"\n<ul class=\"_list_o9xde_3 _list_64s2r_85 _unordered_o9xde_106 text-sans-m\">\n<li class=\"_item_o9xde_30\">Ahmed al Ahmed (43) overfalt og avv\u00e6pnet en av skytterne i Bondi Beach.<\/li>\n<li class=\"_item_o9xde_30\">Minst 15 personer ble drept og 29 skadet i masseskytingen, som etterforskes som et terrorangrep.<\/li>\n<li class=\"_item_o9xde_30\">Ahmed hylles som en helt av blant annet f\u00f8rsteministeren i New South Wales og USAs president.<\/li>\n<\/ul>\n<p>Vis mer <\/p>\n<p class=\"_paragraph_o9xde_4 _paragraph_xtcu6_10 layout-component text-serif-m layout-normal text-serif-m layout-padded\">\u2013 Han angrer ikke p\u00e5 det han gjorde. Han sa han ville gj\u00f8re det igjen. Men smerten har begynt \u00e5 ta p\u00e5 ham, sa Sam Issa, al-Ahmeds migrasjonsadvokat, if\u00f8lge <a href=\"https:\/\/www.smh.com.au\/national\/nsw\/hero-bystander-tackles-gunman-in-incredible-footage-20251214-p5nnlb.html\" class=\"_link_o9xde_39\" rel=\"nofollow noopener\" target=\"_blank\">The Sydney Morning Herald<\/a>.<\/p>\n<p class=\"_paragraph_o9xde_4 _paragraph_xtcu6_10 layout-component text-serif-m layout-normal text-serif-m layout-padded\">Han bes\u00f8kte al-Ahmed p\u00e5 sykehuset mandag kveld australsk tid, opplyser Issa.<\/p>\n<p class=\"_paragraph_o9xde_4 _paragraph_xtcu6_10 layout-component text-serif-m layout-normal text-serif-m layout-padded\"><strong class=\"_strong_o9xde_25\">44 \u00e5r gamle al-Ahmed er blitt <a href=\"https:\/\/www.vg.no\/nyheter\/i\/xrRjLR\/stoppet-gjerningsmann-paa-egenhaand-han-er-en-ekte-helt\" data-track-element-type=\"Link\" data-track-id=\"link:xrRjLR\" class=\"_link_o9xde_39\" rel=\"nofollow noopener\" target=\"_blank\">hyllet for sitt heltemot<\/a> etter at han grep inn under masseskytingen i Bondi Beach s\u00f8ndag. <\/strong><\/p>\n<p class=\"_paragraph_o9xde_4 _paragraph_xtcu6_10 layout-component text-serif-m layout-normal text-serif-m layout-padded\"><a href=\"https:\/\/www.vg.no\/nyheter\/i\/0pEypo\/medier-rabbiner-drept-i-terrorangrep\" data-track-element-type=\"Link\" data-track-id=\"link:0pEypo\" class=\"_link_o9xde_39\" rel=\"nofollow noopener\" target=\"_blank\">Minst 15 personer er drept,<\/a> og 29 personer er skadet i det som etterforskes som et m\u00e5lrettet terrorangrep mot den j\u00f8diske befolkningen.<\/p>\n<p>\u2013 Han er full av kuler<\/p>\n<p class=\"_paragraph_o9xde_4 _paragraph_xtcu6_10 layout-component text-serif-m layout-normal text-serif-m layout-padded\">Det skal ha v\u00e6rt <a href=\"https:\/\/www.vg.no\/nyheter\/i\/9pmARl\/australske-medier-naveed-24-og-sajid-50-utpekes-som-bondi-beach-skytterne-sa-de-skulle-paa-fisketur\" data-track-element-type=\"Link\" data-track-id=\"link:9pmARl\" class=\"_link_o9xde_39\" rel=\"nofollow noopener\" target=\"_blank\">24 \u00e5r gamle Naveed Akram og faren hans Sajid Akram (50)<\/a> som angrep mennesker som feiret den j\u00f8diske h\u00f8ytiden Hanukka, melder <a href=\"https:\/\/www.vg.no\/tag\/australia?utm_source=vg-article&amp;utm_medium=auto-tagger&amp;utm_campaign=JO18j6\" class=\"_link_o9xde_39\" rel=\"nofollow noopener\" target=\"_blank\">Australias<\/a> st\u00f8rste kringkaster, <a href=\"https:\/\/www.abc.net.au\/news\/2025-12-15\/bondi-beach-attack-gunmen-father-and-son\/106142630\" class=\"_link_o9xde_39\" rel=\"nofollow noopener\" target=\"_blank\">ABC<\/a>.<\/p>\n<p class=\"_paragraph_o9xde_4 _paragraph_xtcu6_10 layout-component text-serif-m layout-normal text-serif-m layout-padded\">If\u00f8lge ABC, var det Sajid Akram som ble overfalt av al-Ahmed. <\/p>\n<p class=\"_paragraph_o9xde_4 _paragraph_xtcu6_10 layout-component text-serif-m layout-normal text-serif-m layout-padded\">En video viser hvordan al-Ahmed takler Akram p\u00e5 en parkeringsplass, og tar riflen hans. Akram trekker seg unna, men g\u00e5r mot en bro, der s\u00f8nnen hans, Naveed, befinner seg, skriver The Sydney Morning Herald.<\/p>\n<p class=\"_paragraph_o9xde_4 _paragraph_xtcu6_10 layout-component text-serif-m layout-normal text-serif-m layout-padded\">Al-Ahmed ble selv skutt, og senere operert s\u00f8ndag, etter \u00e5 ha p\u00e5dratt seg flere skudds\u00e5r, melder den australske avisen. Mandag kveld, australsk tid, sier advokat Issa at han frykter al-Ahmed vil miste venstrearmen sin.<\/p>\n<p class=\"_paragraph_o9xde_4 _paragraph_xtcu6_10 layout-component text-serif-m layout-normal text-serif-m layout-padded\">\u2013 Han har det ikke bra i det hele tatt. Han er full av kuler. Helten v\u00e5r sliter for \u00f8yeblikket, sier han.<\/p>\n<p>\u2013 Det mest utrolige jeg har sett<\/p>\n<p class=\"_paragraph_o9xde_4 _paragraph_xtcu6_10 layout-component text-serif-m layout-normal text-serif-m layout-padded\">\u2013 Jeg tror det er det mest utrolige jeg har sett, sa f\u00f8rsteminister Chris Minns i delstaten New South Wales p\u00e5 en pressekonferanse s\u00f8ndag, <a href=\"https:\/\/www.vg.no\/nyheter\/i\/xrRjLR\/stoppet-gjerningsmann-paa-egenhaand-han-er-en-ekte-helt\" data-track-element-type=\"Link\" data-track-id=\"link:xrRjLR\" class=\"_link_o9xde_39\" rel=\"nofollow noopener\" target=\"_blank\">om videoen av al-Ahmed som er spredt p\u00e5 nettet<\/a>. <\/p>\n<p class=\"_paragraph_o9xde_4 _paragraph_xtcu6_10 layout-component text-serif-m layout-normal text-serif-m layout-padded\">Ogs\u00e5 Minns bes\u00f8kte al-Ahmed p\u00e5 sykehuset mandag kveld, australsk tid. Han har delt bilde fra bes\u00f8ket p\u00e5 <a href=\"https:\/\/www.instagram.com\/p\/DSR0ak-kZt6\/?utm_source=ig_web_copy_link\" class=\"_link_o9xde_39\" rel=\"nofollow noopener\" target=\"_blank\">Instagram<\/a>.<\/p>\n<p class=\"_paragraph_o9xde_4 _paragraph_xtcu6_10 layout-component text-serif-m layout-normal text-serif-m layout-padded\">\u2013 Al-Ahmed er en ekte helt. I g\u00e5r kveld reddet hans utrolige mot utvilsomt utallige liv da han avv\u00e6pnet en terrorist med enorm personlig risiko, skriver han i innlegget.<\/p>\n<p><img alt=\"Skytingen p\u00e5 Bondi Beach s\u00f8ndag etterforskes som et m\u00e5lrettet terrorangrep.  Foto: DAVID GRAY \/ AFP \/ NTB\" class=\"_image_qp4xg_65 layout-component layout-normal\" data-fullscreen- data-track-element-type=\"Article image fullscreen\" data-track-name=\"ImageFullscreen\" decoding=\"async\" loading=\"lazy\" height=\"3002\" itemprop=\"image\"  src=\"https:\/\/www.europesays.com\/no\/wp-content\/uploads\/2025\/12\/4c1f1c47-eb54-4f3a-b530-e7bc9f62c170\"  style=\"object-position:0% 0%\" width=\"4502\"\/>Skytingen p\u00e5 Bondi Beach s\u00f8ndag etterforskes som et m\u00e5lrettet terrorangrep.  Foto: DAVID GRAY \/ AFP \/ NTB<\/p>\n<p class=\"_paragraph_o9xde_4 _paragraph_xtcu6_10 layout-component text-serif-m layout-normal text-serif-m layout-padded\">\u2013 Det var en \u00e6re \u00e5 tilbringe tid med ham nettopp n\u00e5 og overbringe takk fra folk over hele New South Wales, skriver Minns videre.<\/p>\n<p class=\"_paragraph_o9xde_4 _paragraph_xtcu6_10 layout-component text-serif-m layout-normal text-serif-m layout-padded\">S\u00f8ndag kveld <a href=\"https:\/\/www.theguardian.com\/global\/video\/2025\/dec\/15\/president-trump-bondi-beach-mass-shooting-terror-attack\" class=\"_link_o9xde_39\" rel=\"nofollow noopener\" target=\"_blank\">hyllet USAs president, Donald Trump, al-Ahmeds heltemot<\/a>.<\/p>\n<p class=\"_paragraph_o9xde_4 _paragraph_xtcu6_10 layout-component text-serif-m layout-normal text-serif-m layout-padded\">If\u00f8lge The Sydney Morning Herald, har flere tusen mennesker donert til sammen hundretusener av australske dollar til al-Ahmed. En av giverne er den amerikanske milliard\u00e6ren Bill Ackman.<\/p>\n<p>P\u00e5 kaf\u00e9 med fetteren<\/p>\n<p class=\"_paragraph_o9xde_4 _paragraph_xtcu6_10 layout-component text-serif-m layout-normal text-serif-m layout-padded\">44-\u00e5rige al-Ahmed eier en tobakksbutikk, og er far til to d\u00f8tre p\u00e5 fem og seks \u00e5r, skriver <a href=\"https:\/\/www.smh.com.au\/national\/nsw\/hero-bystander-tackles-gunman-in-incredible-footage-20251214-p5nnlb.html\" class=\"_link_o9xde_39\" rel=\"nofollow noopener\" target=\"_blank\">The Sydney Morning Herald<\/a>.<\/p>\n<p class=\"_paragraph_o9xde_4 _paragraph_xtcu6_10 layout-component text-serif-m layout-normal text-serif-m layout-padded\">S\u00f8ndag var han p\u00e5 kaf\u00e9 i Bondi med fetteren sin, Jozay Alkanj, melder avisen. De to gikk forbi Hanukka-arrangementet, og ble tilbudt mat, noe de avslo, if\u00f8lge fetteren.<\/p>\n<p class=\"_paragraph_o9xde_4 _paragraph_xtcu6_10 layout-component text-serif-m layout-normal text-serif-m layout-padded\">\u2013 Vi trengte en kaffe. Det var bare ti minutter f\u00f8r dette skjedde. Det var helt vanvittig, vi oppholdt oss bak biler og s\u00e5 at folk skj\u00f8t veldig n\u00e6re oss, sier Alkanj til <a href=\"https:\/\/www.smh.com.au\/national\/nsw\/hero-bystander-tackles-gunman-in-incredible-footage-20251214-p5nnlb.html\" class=\"_link_o9xde_39\" rel=\"nofollow noopener\" target=\"_blank\">SMH<\/a>.<\/p>\n<p><img alt=\"Blomster og andre gjenstander er lagt igjen ved Bondi Beach i etterkant av angrepet der minst 15 personer, deriblant ett barn, ble skutt og drept.   Foto: SAEED KHAN \/ AFP \/ NTB\" class=\"_image_qp4xg_65 layout-component layout-normal\" data-fullscreen- data-track-element-type=\"Article image fullscreen\" data-track-name=\"ImageFullscreen\" decoding=\"async\" loading=\"lazy\" height=\"5296\" itemprop=\"image\"  src=\"https:\/\/www.europesays.com\/no\/wp-content\/uploads\/2025\/12\/4b82a679-0511-458a-8ec5-d492baf13953\"  style=\"object-position:0% 0%\" width=\"7944\"\/>Blomster og andre gjenstander er lagt igjen ved Bondi Beach i etterkant av angrepet der minst 15 personer, deriblant ett barn, ble skutt og drept.   Foto: SAEED KHAN \/ AFP \/ NTB<\/p>\n<p class=\"_paragraph_o9xde_4 _paragraph_xtcu6_10 layout-component text-serif-m layout-normal text-serif-m layout-padded\">Om fetterens inngripen i angrepet, sier han:<\/p>\n<p class=\"_paragraph_o9xde_4 _paragraph_xtcu6_10 layout-component text-serif-m layout-normal text-serif-m layout-padded\">\u2013 Han sa: \u00abJeg skal d\u00f8 \u2013 v\u00e6r s\u00e5 snill, se familien min [og fortell dem] at jeg dro ned for \u00e5 redde folks liv\u00bb, sier Alkanj, f\u00f8r al-Ahmed taklet skytteren og tok v\u00e5penet hans. <\/p>\n<p>\u2013 Hans m\u00e5te \u00e5 uttrykke sin takknemlighet<\/p>\n<p class=\"_paragraph_o9xde_4 _paragraph_xtcu6_10 layout-component text-serif-m layout-normal text-serif-m layout-padded\">Al-Ahmed er muslim, og kom til Australia fra Syria i 2006. Han fikk australsk statsborgerskap i 2022, if\u00f8lge<a href=\"https:\/\/www.smh.com.au\/national\/nsw\/hero-bystander-tackles-gunman-in-incredible-footage-20251214-p5nnlb.html\" class=\"_link_o9xde_39\" rel=\"nofollow noopener\" target=\"_blank\"> The Sydney Morning Herald<\/a>. <\/p>\n<p class=\"_paragraph_o9xde_4 _paragraph_xtcu6_10 layout-component text-serif-m layout-normal text-serif-m layout-padded\">Ogs\u00e5 <a href=\"https:\/\/www.theguardian.com\/australia-news\/2025\/dec\/15\/man-who-tackled-alleged-bondi-gunman-couldnt-bear-to-see-people-dying-cousin-says-ntwnfb\" class=\"_link_o9xde_39\" rel=\"nofollow noopener\" target=\"_blank\">The Guardian<\/a> melder at al-Ahmed kom til Australia i 2006. <\/p>\n<p class=\"_paragraph_o9xde_4 _paragraph_xtcu6_10 layout-component text-serif-m layout-normal text-serif-m layout-padded\">Migrasjonsavdokaten hans, Sam Issa, sier al-Ahmed f\u00f8ler han st\u00e5r \u00abi gjeld\u00bb til det australske samfunnet.<\/p>\n<p class=\"_paragraph_o9xde_4 _paragraph_xtcu6_10 layout-component text-serif-m layout-normal text-serif-m layout-padded\">\u2013 Ahmed er en ydmyk mann, han er ikke interessert i dekning, han gjorde bare det han var tvunget til \u00e5 gj\u00f8re som menneske den dagen, sa han til The Sydney Morning Herald.<\/p>\n<p><img alt=\"Fra Bondi Beach, der to gjerningspersoner skj\u00f8t mot personer som tok del i en Hanukka-feiring s\u00f8ndag.  Foto: DEAN LEWINS \/ EPA \/ NTB\" class=\"_image_qp4xg_65 layout-component layout-normal\" data-fullscreen- data-track-element-type=\"Article image fullscreen\" data-track-name=\"ImageFullscreen\" decoding=\"async\" loading=\"lazy\" height=\"5504\" itemprop=\"image\"  src=\"https:\/\/www.europesays.com\/no\/wp-content\/uploads\/2025\/12\/3d7cbb5e-d271-4df8-b4f5-43319e2d3d71\"  style=\"object-position:0% 0%\" width=\"8256\"\/>Fra Bondi Beach, der to gjerningspersoner skj\u00f8t mot personer som tok del i en Hanukka-feiring s\u00f8ndag.  Foto: DEAN LEWINS \/ EPA \/ NTB<\/p>\n<p class=\"_paragraph_o9xde_4 _paragraph_xtcu6_10 layout-component text-serif-m layout-normal text-serif-m layout-padded\">\u2013 Han f\u00e5r den takknemligheten av \u00e5 v\u00e6re i Australia, dette er hans m\u00e5te \u00e5 uttrykke sin takknemlighet for \u00e5 bli v\u00e6rende i Australia, for \u00e5 ha f\u00e5tt statsborgerskap.<\/p>\n<p>\u2013 Ikke alle innvandrere er d\u00e5rlige<\/p>\n<p class=\"_paragraph_o9xde_4 _paragraph_xtcu6_10 layout-component text-serif-m layout-normal text-serif-m layout-padded\">Til avisen forteller advokat Issa om den krevende prosessen al-Ahmed hadde hatt med \u00e5 f\u00e5 statsborgerskap etter \u00e5 ha flyktet fra borgerkrigen i Syria. <\/p>\n<p class=\"_paragraph_o9xde_4 _paragraph_xtcu6_10 layout-component text-serif-m layout-normal text-serif-m layout-padded\">\u2013 De hadde ikke tenkt \u00e5 gi det til ham, men vi anket helt til den f\u00f8derale ankedomstolen. Han er en veldig god mann.<\/p>\n<p class=\"_paragraph_o9xde_4 _paragraph_xtcu6_10 layout-component text-serif-m layout-normal text-serif-m layout-padded\">\u2013 Ikke alle innvandrere er d\u00e5rlige. Han er en god borger, og han har jobbet veldig hardt, sa Issa.<\/p>\n<p><img alt=\"Foto: DEAN LEWINS \/ EPA \/ NTB\" class=\"_image_qp4xg_65 layout-component layout-normal\" data-fullscreen- data-track-element-type=\"Article image fullscreen\" data-track-name=\"ImageFullscreen\" decoding=\"async\" loading=\"lazy\" height=\"5504\" itemprop=\"image\"  src=\"https:\/\/www.europesays.com\/no\/wp-content\/uploads\/2025\/12\/e8bf52a4-1e93-4424-84ba-6d13513184ac\"  style=\"object-position:0% 0%\" width=\"8256\"\/>Foto: DEAN LEWINS \/ EPA \/ NTB<\/p>\n<p class=\"_paragraph_o9xde_4 _paragraph_xtcu6_10 layout-component text-serif-m layout-normal text-serif-m layout-padded\">If\u00f8lge The Sydney Morning Herald, avslo det australske innenriksdepartementet al-Ahmeds statsborgers\u00f8knad i 2019, etter at politiet i New South Wales hadde siktet ham for besittelse av mistenkt tyvegods \u2013 en anklage al-Ahmed selv benektet. <\/p>\n<p class=\"_paragraph_o9xde_4 _paragraph_xtcu6_10 layout-component text-serif-m layout-normal text-serif-m layout-padded\">Rettsdokumenter viser imidlertid at anklagene knyttet til besittelse av mistenkt tyvegods senere ble henlagt i august 2019. Al-Ahmed fikk til slutt statsborgerskap for tre \u00e5r siden.<\/p>\n<p class=\"_paragraph_o9xde_4 _paragraph_xtcu6_10 layout-component text-serif-m layout-normal text-serif-m layout-padded\">I 2022 fikk han en 12 m\u00e5neders betinget dom for tobakksforseelser, og \u00e5ret etter ble han funnet skyldig i besittelse av et forbudt v\u00e5pen uten at det ble avsagt dom, skriver den australske avisen.<\/p>\n<p>    <script async src=\"\/\/www.instagram.com\/embed.js\"><\/script><\/p>\n","protected":false},"excerpt":{"rendered":"Ahmed al Ahmed (43) overfalt og avv\u00e6pnet en av skytterne i Bondi Beach. Minst 15 personer ble drept&hellip;\n","protected":false},"author":2,"featured_media":113833,"comment_status":"","ping_status":"","sticky":false,"template":"","format":"standard","meta":{"footnotes":""},"categories":[5],"tags":[47,20,21,24,25,15,19,22,23,17,18,13,30,28,29,14,16,3686,26,27],"class_list":{"0":"post-113832","1":"post","2":"type-post","3":"status-publish","4":"format-standard","5":"has-post-thumbnail","7":"category-overskrifter","8":"tag-australia","9":"tag-breaking-news","10":"tag-breakingnews","11":"tag-featured-news","12":"tag-featurednews","13":"tag-headlines","14":"tag-hovedoppslag","15":"tag-latest-news","16":"tag-latestnews","17":"tag-main-news","18":"tag-mainnews","19":"tag-news","20":"tag-no","21":"tag-norge","22":"tag-norway","23":"tag-nyheter","24":"tag-overskrifter","25":"tag-terror","26":"tag-top-stories","27":"tag-topstories"},"share_on_mastodon":{"url":"https:\/\/pubeurope.com\/@no\/115724039460427509","error":""},"_links":{"self":[{"href":"https:\/\/www.europesays.com\/no\/wp-json\/wp\/v2\/posts\/113832","targetHints":{"allow":["GET"]}}],"collection":[{"href":"https:\/\/www.europesays.com\/no\/wp-json\/wp\/v2\/posts"}],"about":[{"href":"https:\/\/www.europesays.com\/no\/wp-json\/wp\/v2\/types\/post"}],"author":[{"embeddable":true,"href":"https:\/\/www.europesays.com\/no\/wp-json\/wp\/v2\/users\/2"}],"replies":[{"embeddable":true,"href":"https:\/\/www.europesays.com\/no\/wp-json\/wp\/v2\/comments?post=113832"}],"version-history":[{"count":0,"href":"https:\/\/www.europesays.com\/no\/wp-json\/wp\/v2\/posts\/113832\/revisions"}],"wp:featuredmedia":[{"embeddable":true,"href":"https:\/\/www.europesays.com\/no\/wp-json\/wp\/v2\/media\/113833"}],"wp:attachment":[{"href":"https:\/\/www.europesays.com\/no\/wp-json\/wp\/v2\/media?parent=113832"}],"wp:term":[{"taxonomy":"category","embeddable":true,"href":"https:\/\/www.europesays.com\/no\/wp-json\/wp\/v2\/categories?post=113832"},{"taxonomy":"post_tag","embeddable":true,"href":"https:\/\/www.europesays.com\/no\/wp-json\/wp\/v2\/tags?post=113832"}],"curies":[{"name":"wp","href":"https:\/\/api.w.org\/{rel}","templated":true}]}}