{"id":113834,"date":"2025-12-15T14:24:21","date_gmt":"2025-12-15T14:24:21","guid":{"rendered":"https:\/\/www.europesays.com\/no\/113834\/"},"modified":"2025-12-15T14:24:21","modified_gmt":"2025-12-15T14:24:21","slug":"sport-skiskyting-elise-20-valgte-a-flytte-til-lillehammer-for-a-bli-best-mulig","status":"publish","type":"post","link":"https:\/\/www.europesays.com\/no\/113834\/","title":{"rendered":"Sport, Skiskyting | Elise (20) valgte \u00e5 flytte til Lillehammer for \u00e5 bli best mulig"},"content":{"rendered":"\n<p>P\u00e5 \u00f8nskelista for denne sesongen st\u00e5r deltakelse i junior-VM i tyske Arber i m\u00e5nedsskiftet februar mars.<\/p>\n<p>\u2013 Det er t\u00f8ft \u00e5 komme med dit, sier Bevern-l\u00f8peren.<\/p>\n<p>Uttaket blir gjort etter de tre norgescuphelgene p\u00e5 ny\u00e5ret, p\u00e5 Lygna, i Gran\u00e5sen og i Bardufoss og det er fire av seks renn som er tellende for \u00e5 f\u00e5 en plass p\u00e5 laget.<\/p>\n<p>Flyttet<\/p>\n<p>Mens mange av konkurrentene hennes valgte \u00e5 g\u00e5 p\u00e5 toppidrettsgymnas, valgte Elise Aasb\u00f8 \u00e5 g\u00e5 videreg\u00e5ende i hjembyen og trene lokalt, mens hun s\u00e5 ofte som mulig fartet til Lillehammer for \u00e5 trene med Team Intersport (Tidligere Team Kongsberg) hvor blant annet Halvor Taalesen Tj\u00f8ntveit fra Svene er trener sammen med Anders S\u00f8rensen.<\/p>\n<p>\u2013 Det ble litt for tungvint, s\u00e5 derfor valgte jeg \u00e5 flytte til Lillehammer n\u00e5. Det angrer jeg ikke p\u00e5, for jeg satser p\u00e5 skiskytingen og der er det mange \u00e5 trene med og teamet holder til der.<\/p>\n<p>19 treff<\/p>\n<p>Etter \u00e5 ha v\u00e6rt plaget av skader og sykdom kom hun sterkt tilbake p\u00e5 tampen av forrige sesongen og ble beste junior i seniorklassens norgescuprenn p\u00e5 Geilo nylig.<\/p>\n<p>L\u00f8rdag feide hun inn til seieren p\u00e5 normaldistansen i 21-22-\u00e5rsklassen p\u00e5 Beitost\u00f8len.<\/p>\n<p>\u2013 Alt klaffet og det var g\u00f8y \u00e5 g\u00e5. Jeg hadde 19 treff og det er jeg kjempeforn\u00f8yd med. L\u00f8ypene p\u00e5 Beitost\u00f8len er kjempet\u00f8ffe, synes Elise som var 11,4 sekunder foran Elisa Fuglem, Valldal, p\u00e5 andreplass og 20,1 sekunder foran Sara Tronrud fra Nordre Land, som ble nummer tre. De to konkurrentene hadde to bom.<\/p>\n<p>P\u00e5 s\u00f8ndagens sprint renn ble Elise nummer ni med to bom og var 1,05 minutt bak vinneren.<\/p>\n<p>Maria T. Dokken fra Svene, som g\u00e5r i samme klasse, ble nummer 16 l\u00f8rdag og 26 s\u00f8ndag mens Konstanse Moholth, Bevern, ble nummer 19 i seniorklassen l\u00f8rdag og 25 s\u00f8ndag.<\/p>\n","protected":false},"excerpt":{"rendered":"P\u00e5 \u00f8nskelista for denne sesongen st\u00e5r deltakelse i junior-VM i tyske Arber i m\u00e5nedsskiftet februar mars. \u2013 Det&hellip;\n","protected":false},"author":2,"featured_media":113835,"comment_status":"","ping_status":"","sticky":false,"template":"","format":"standard","meta":{"footnotes":""},"categories":[59],"tags":[36,13859,30,28,29,769,83,82,1510],"class_list":{"0":"post-113834","1":"post","2":"type-post","3":"status-publish","4":"format-standard","5":"has-post-thumbnail","7":"category-sport","8":"tag-art","9":"tag-il-bevern","10":"tag-no","11":"tag-norge","12":"tag-norway","13":"tag-skiskyting","14":"tag-sport","15":"tag-sports","16":"tag-story"},"share_on_mastodon":{"url":"https:\/\/pubeurope.com\/@no\/115724043050628998","error":""},"_links":{"self":[{"href":"https:\/\/www.europesays.com\/no\/wp-json\/wp\/v2\/posts\/113834","targetHints":{"allow":["GET"]}}],"collection":[{"href":"https:\/\/www.europesays.com\/no\/wp-json\/wp\/v2\/posts"}],"about":[{"href":"https:\/\/www.europesays.com\/no\/wp-json\/wp\/v2\/types\/post"}],"author":[{"embeddable":true,"href":"https:\/\/www.europesays.com\/no\/wp-json\/wp\/v2\/users\/2"}],"replies":[{"embeddable":true,"href":"https:\/\/www.europesays.com\/no\/wp-json\/wp\/v2\/comments?post=113834"}],"version-history":[{"count":0,"href":"https:\/\/www.europesays.com\/no\/wp-json\/wp\/v2\/posts\/113834\/revisions"}],"wp:featuredmedia":[{"embeddable":true,"href":"https:\/\/www.europesays.com\/no\/wp-json\/wp\/v2\/media\/113835"}],"wp:attachment":[{"href":"https:\/\/www.europesays.com\/no\/wp-json\/wp\/v2\/media?parent=113834"}],"wp:term":[{"taxonomy":"category","embeddable":true,"href":"https:\/\/www.europesays.com\/no\/wp-json\/wp\/v2\/categories?post=113834"},{"taxonomy":"post_tag","embeddable":true,"href":"https:\/\/www.europesays.com\/no\/wp-json\/wp\/v2\/tags?post=113834"}],"curies":[{"name":"wp","href":"https:\/\/api.w.org\/{rel}","templated":true}]}}