{"id":113852,"date":"2025-12-15T14:47:08","date_gmt":"2025-12-15T14:47:08","guid":{"rendered":"https:\/\/www.europesays.com\/no\/113852\/"},"modified":"2025-12-15T14:47:08","modified_gmt":"2025-12-15T14:47:08","slug":"vestre-toten-brann-roykutvikling-i-enebolig","status":"publish","type":"post","link":"https:\/\/www.europesays.com\/no\/113852\/","title":{"rendered":"Vestre Toten, Brann | R\u00f8ykutvikling i enebolig"},"content":{"rendered":"\n<p>Mandag ettermiddag har brannvesenet rykket ut til en adresse lands Skjellerudvegen p\u00e5 Reinsvoll i Vestre Toten. <\/p>\n<p>Brannvesenets 110-sentral bekreftet hendelsen overfor Oppland Arbeiderblad. Da satt de p\u00e5 lite informasjon om hendelsen. <\/p>\n<p>OA har ikke lykkes i \u00e5 komme i kontakt med politiet. I politiloggen opplyser operasjonsleder B\u00e5rd Einar Hoft klokken 14.18 at det dreier seg om en enebolig. Brannvesenet har startet slokking, og det er igangsatt s\u00f8k med r\u00f8ykdykkere. <\/p>\n<p>If\u00f8lge Hoft er det uvisst om det er flammer i huset. <\/p>\n<p>Like f\u00f8r klokken 14.30 opplyser politiet at det n\u00e5 er bekreftet at det ikke befant seg personer i huset da r\u00f8ykutviklingen startet. <\/p>\n<p>Innsatsleder p\u00e5 stedet opplyser til OA at det har brent i f\u00f8rste etasje, og at brannvesenet har kontroll p\u00e5 situasjonen. <\/p>\n<p>Brannvesenet rykket ut fra b\u00e5de Gj\u00f8vik og Vestre Toten for \u00e5 f\u00e5 kontroll p\u00e5 stedet s\u00e5 raskt som mulig. <\/p>\n<p>Saken oppdateres.<\/p>\n","protected":false},"excerpt":{"rendered":"Mandag ettermiddag har brannvesenet rykket ut til en adresse lands Skjellerudvegen p\u00e5 Reinsvoll i Vestre Toten. Brannvesenets 110-sentral&hellip;\n","protected":false},"author":2,"featured_media":113853,"comment_status":"","ping_status":"","sticky":false,"template":"","format":"standard","meta":{"footnotes":""},"categories":[10],"tags":[36,367,1672,20,21,24,25,15,22,23,13,30,28,29,14,16,1510,26,27,8573],"class_list":{"0":"post-113852","1":"post","2":"type-post","3":"status-publish","4":"format-standard","5":"has-post-thumbnail","7":"category-norge","8":"tag-art","9":"tag-brann","10":"tag-brannvesen","11":"tag-breaking-news","12":"tag-breakingnews","13":"tag-featured-news","14":"tag-featurednews","15":"tag-headlines","16":"tag-latest-news","17":"tag-latestnews","18":"tag-news","19":"tag-no","20":"tag-norge","21":"tag-norway","22":"tag-nyheter","23":"tag-overskrifter","24":"tag-story","25":"tag-top-stories","26":"tag-topstories","27":"tag-vestre-toten"},"share_on_mastodon":{"url":"https:\/\/pubeurope.com\/@no\/115724133621042995","error":""},"_links":{"self":[{"href":"https:\/\/www.europesays.com\/no\/wp-json\/wp\/v2\/posts\/113852","targetHints":{"allow":["GET"]}}],"collection":[{"href":"https:\/\/www.europesays.com\/no\/wp-json\/wp\/v2\/posts"}],"about":[{"href":"https:\/\/www.europesays.com\/no\/wp-json\/wp\/v2\/types\/post"}],"author":[{"embeddable":true,"href":"https:\/\/www.europesays.com\/no\/wp-json\/wp\/v2\/users\/2"}],"replies":[{"embeddable":true,"href":"https:\/\/www.europesays.com\/no\/wp-json\/wp\/v2\/comments?post=113852"}],"version-history":[{"count":0,"href":"https:\/\/www.europesays.com\/no\/wp-json\/wp\/v2\/posts\/113852\/revisions"}],"wp:featuredmedia":[{"embeddable":true,"href":"https:\/\/www.europesays.com\/no\/wp-json\/wp\/v2\/media\/113853"}],"wp:attachment":[{"href":"https:\/\/www.europesays.com\/no\/wp-json\/wp\/v2\/media?parent=113852"}],"wp:term":[{"taxonomy":"category","embeddable":true,"href":"https:\/\/www.europesays.com\/no\/wp-json\/wp\/v2\/categories?post=113852"},{"taxonomy":"post_tag","embeddable":true,"href":"https:\/\/www.europesays.com\/no\/wp-json\/wp\/v2\/tags?post=113852"}],"curies":[{"name":"wp","href":"https:\/\/api.w.org\/{rel}","templated":true}]}}