{"id":113860,"date":"2025-12-15T14:54:09","date_gmt":"2025-12-15T14:54:09","guid":{"rendered":"https:\/\/www.europesays.com\/no\/113860\/"},"modified":"2025-12-15T14:54:09","modified_gmt":"2025-12-15T14:54:09","slug":"rana-ytteren-brann-i-helgeland-oljesenter","status":"publish","type":"post","link":"https:\/\/www.europesays.com\/no\/113860\/","title":{"rendered":"Rana, Ytteren | Brann i Helgeland Oljesenter"},"content":{"rendered":"\n<p>Det er Nordland politidistrikt som mandag litt etter klokken 1400 melder at det skal brenne i en bygning p\u00e5 Ytteren i Rana.<\/p>\n<p><b>Oppdatert:<\/b> Det skal v\u00e6re snakk om brann p\u00e5 taket av bygningen. Det jobbes med \u00e5 evakuere bygget, det skal ikke v\u00e6re fare for spredning.<\/p>\n<p><b>Oppdatert:<\/b> Det er i Helgeland Proffsenter, Mercedes-forhandleren i Nesnaveien p\u00e5 Ytteren, det brenner, opplyser Rana Blads journalist p\u00e5 stedet, Lars Martin Halvorsen. I samme bygg holder ogs\u00e5 Helgeland Oljeservice til.<\/p>\n<p>\u2013 Det er r\u00f8yk og sterk lukt fra stedet, opplyser Halvorsen.<\/p>\n<p><b>Oppdatert:<\/b> Politiet melder at brann jobber med \u00e5 f\u00e5 kontroll p\u00e5 brannen, mens politiet gjennomf\u00f8rer evakuering av bygget. Kraftlaget er kommet til for \u00e5 kutte str\u00f8mmen til bygget.\u00a0<\/p>\n<p><b>Oppdatert<\/b>: Overfor Rana Blad opplyser innsatsleder for politiet, Alf Espen Eriksen at brannen er slukket.\u00a0<\/p>\n<p>\u2013 Vi har evakuert 15 personer, hvorav fire av disse tilses av helse i \u00f8yeblikket. Brannen er slukket.\u00a0<\/p>\n<p>   <img decoding=\"async\" width=\"4000\" height=\"3000\" fetchpriority=\"low\"  loading=\"lazy\"  src=\"https:\/\/www.europesays.com\/no\/wp-content\/uploads\/2025\/12\/20251215_143253.jpg\" alt=\"\" class=\"brick-c-cFOWSL\" style=\"--brick-image-ratio: 4000 \/ 3000;\"\/><\/p>\n<p>      Innsatsleder Alf-Espen Eriksen.<br \/>\n      Foto: Lars Martin Halvorsen\n    <\/p>\n<p>Saken oppdateres.<\/p>\n","protected":false},"excerpt":{"rendered":"Det er Nordland politidistrikt som mandag litt etter klokken 1400 melder at det skal brenne i en bygning&hellip;\n","protected":false},"author":2,"featured_media":113861,"comment_status":"","ping_status":"","sticky":false,"template":"","format":"standard","meta":{"footnotes":""},"categories":[10],"tags":[36,367,20,21,24,25,15,22,23,13,30,28,29,14,16,1360,1510,26,27,13781],"class_list":{"0":"post-113860","1":"post","2":"type-post","3":"status-publish","4":"format-standard","5":"has-post-thumbnail","7":"category-norge","8":"tag-art","9":"tag-brann","10":"tag-breaking-news","11":"tag-breakingnews","12":"tag-featured-news","13":"tag-featurednews","14":"tag-headlines","15":"tag-latest-news","16":"tag-latestnews","17":"tag-news","18":"tag-no","19":"tag-norge","20":"tag-norway","21":"tag-nyheter","22":"tag-overskrifter","23":"tag-rana","24":"tag-story","25":"tag-top-stories","26":"tag-topstories","27":"tag-ytteren"},"share_on_mastodon":{"url":"https:\/\/pubeurope.com\/@no\/115724161319991607","error":""},"_links":{"self":[{"href":"https:\/\/www.europesays.com\/no\/wp-json\/wp\/v2\/posts\/113860","targetHints":{"allow":["GET"]}}],"collection":[{"href":"https:\/\/www.europesays.com\/no\/wp-json\/wp\/v2\/posts"}],"about":[{"href":"https:\/\/www.europesays.com\/no\/wp-json\/wp\/v2\/types\/post"}],"author":[{"embeddable":true,"href":"https:\/\/www.europesays.com\/no\/wp-json\/wp\/v2\/users\/2"}],"replies":[{"embeddable":true,"href":"https:\/\/www.europesays.com\/no\/wp-json\/wp\/v2\/comments?post=113860"}],"version-history":[{"count":0,"href":"https:\/\/www.europesays.com\/no\/wp-json\/wp\/v2\/posts\/113860\/revisions"}],"wp:featuredmedia":[{"embeddable":true,"href":"https:\/\/www.europesays.com\/no\/wp-json\/wp\/v2\/media\/113861"}],"wp:attachment":[{"href":"https:\/\/www.europesays.com\/no\/wp-json\/wp\/v2\/media?parent=113860"}],"wp:term":[{"taxonomy":"category","embeddable":true,"href":"https:\/\/www.europesays.com\/no\/wp-json\/wp\/v2\/categories?post=113860"},{"taxonomy":"post_tag","embeddable":true,"href":"https:\/\/www.europesays.com\/no\/wp-json\/wp\/v2\/tags?post=113860"}],"curies":[{"name":"wp","href":"https:\/\/api.w.org\/{rel}","templated":true}]}}